{"id":155695,"date":"2025-12-14T07:32:05","date_gmt":"2025-12-14T10:32:05","guid":{"rendered":"https:\/\/www.aarquiteta.com.br\/blog\/cores-primarias-2\/"},"modified":"2025-12-14T07:32:05","modified_gmt":"2025-12-14T10:32:05","slug":"cores-primarias-2","status":"publish","type":"post","link":"https:\/\/www.aarquiteta.com.br\/blog\/cores-primarias-2\/","title":{"rendered":"Transforme sua casa com 10 ideias de decora\u00e7\u00e3o em cores prim\u00e1rias"},"content":{"rendered":"<p>Quer dar uma cara nova \u00e0 sua casa? Use <b>cores prim\u00e1rias<\/b>! Elas trazem vida e alegria para qualquer ambiente.<\/p>\n<figure style=\"width: 1024px\" class=\"wp-caption aligncenter\"><img decoding=\"async\" src=\"https:\/\/www.aarquiteta.com.br\/blog\/wp-content\/uploads\/2025\/12\/cores-primarias01.jpg\" alt=\"cores-primarias\" width=\"1024\" height=\"1024\" title=\"\"><figcaption class=\"wp-caption-text\">cores-primarias<\/figcaption><\/figure>\n<h3>Descubra o poder das cores prim\u00e1rias na decora\u00e7\u00e3o<\/h3>\n<p>As <b>cores prim\u00e1rias<\/b> \u2014 azul, vermelho e amarelo \u2014 s\u00e3o a base de muitas combina\u00e7\u00f5es incr\u00edveis. Se voc\u00ea quer dar um toque especial \u00e0 sua casa, essas cores s\u00e3o excelentes op\u00e7\u00f5es. Elas s\u00e3o conhecidas por suas tonalidades vibrantes e pela capacidade de dar personalidade a qualquer espa\u00e7o.<\/p>\n<figure style=\"width: 1024px\" class=\"wp-caption aligncenter\"><img decoding=\"async\" src=\"https:\/\/www.aarquiteta.com.br\/blog\/wp-content\/uploads\/2025\/12\/cores-primarias02.jpg\" alt=\"cores-primarias\" width=\"1024\" height=\"1024\" title=\"\"><figcaption class=\"wp-caption-text\">cores-primarias<\/figcaption><\/figure>\n<h3>1. Banheiro alegre<\/h3>\n<p>Para um <b>banheiro jovial<\/b>, experimente azulejos amarelos e detalhes em azul. Essa combina\u00e7\u00e3o \u00e9 refrescante e en\u00e9rgica.<\/p>\n<figure style=\"width: 1024px\" class=\"wp-caption aligncenter\"><img decoding=\"async\" src=\"https:\/\/www.aarquiteta.com.br\/blog\/wp-content\/uploads\/2025\/12\/cores-primarias03.jpg\" alt=\"cores-primarias\" width=\"1024\" height=\"1024\" title=\"\"><figcaption class=\"wp-caption-text\">cores-primarias<\/figcaption><\/figure>\n<h3>2. Destaque com neutros<\/h3>\n<p>Aposte em <b>cores neutras<\/b> como fundo e realce uma cor prim\u00e1ria, como um sof\u00e1 vermelho. Isso cria um visual sofisticado!<\/p>\n<h3>3. Eleg\u00e2ncia com simplicidade<\/h3>\n<p>Cores prim\u00e1rias bem escolhidas podem trazer eleg\u00e2ncia. Um <b>quarto<\/b> com azul nas paredes e amarelo em detalhes ganha charme.<\/p>\n<h3>4. Propor\u00e7\u00f5es diferentes<\/h3>\n<p>Divida as <b>cores prim\u00e1rias<\/b> em diferentes propor\u00e7\u00f5es. Um espa\u00e7o com predomin\u00e2ncia de um tom pode ser suavizado com o outro.<\/p>\n<h3>5. Vermelho e azul<\/h3>\n<p>A combina\u00e7\u00e3o entre <b>vermelho e azul<\/b> \u00e9 ousada e funciona em v\u00e1rios ambientes. Experimente em almofadas e cortinas!<\/p>\n<h3>6. Paleta diversificada<\/h3>\n<p>Uma paleta com azul, amarelo e um toque de vermelho cria um ambiente <b>vibrante<\/b> e criativo.<\/p>\n<p><div class=\"youtube-embed\" data-video_id=\"L_QMhbDCfwU\"><iframe title=\"Cores prim\u00e1rias, secund\u00e1rias e terci\u00e1rias\" width=\"696\" height=\"392\" src=\"https:\/\/www.youtube.com\/embed\/L_QMhbDCfwU?feature=oembed&#038;enablejsapi=1\" frameborder=\"0\" allow=\"accelerometer; autoplay; clipboard-write; encrypted-media; gyroscope; picture-in-picture; web-share\" referrerpolicy=\"strict-origin-when-cross-origin\" allowfullscreen><\/iframe><\/div>\n<\/p>\n<h3>7. Quarto infantil<\/h3>\n<p>Utilizar as cores prim\u00e1rias em <b>quartos infantis<\/b> estimula a criatividade das crian\u00e7as e deixa o espa\u00e7o l\u00fadico.<\/p>\n<h3>8. Estilo retr\u00f4<\/h3>\n<p>Cores prim\u00e1rias s\u00e3o perfeitas para um estilo <b>retr\u00f4<\/b>. Use no mobili\u00e1rio e nas paredes para uma atmosfera nost\u00e1lgica.<\/p>\n<h3>9. Texturas com cor<\/h3>\n<p>Adicione as cores prim\u00e1rias nas <b>texturas<\/b> como almofadas, tapetes e cortinas, permitindo que a cor se destaque.<\/p>\n<h3>10. Acess\u00f3rios coloridos<\/h3>\n<p>Use acess\u00f3rios como <b>vasos e quadros<\/b> para trazer a vivacidade das cores prim\u00e1rias de forma sutil.<\/p>\n<table>\n<tr>\n<th>Ideia de Decora\u00e7\u00e3o<\/th>\n<th>Cores Prim\u00e1rias Usadas<\/th>\n<th>Ambiente Ideal<\/th>\n<\/tr>\n<tr>\n<td>1. Banheiro alegre<\/td>\n<td>Amarelo e azul<\/td>\n<td>Banheiro<\/td>\n<\/tr>\n<tr>\n<td>2. Destaque com neutros<\/td>\n<td>Vermelho<\/td>\n<td>Sala de estar<\/td>\n<\/tr>\n<tr>\n<td>3. Eleg\u00e2ncia com simplicidade<\/td>\n<td>Azul e amarelo<\/td>\n<td>Quarto<\/td>\n<\/tr>\n<tr>\n<td>4. Propor\u00e7\u00f5es diferentes<\/td>\n<td>Todas<\/td>\n<td>Ambientes variados<\/td>\n<\/tr>\n<tr>\n<td>5. Vermelho e azul<\/td>\n<td>Vermelho e azul<\/td>\n<td>Salas e quartos<\/td>\n<\/tr>\n<tr>\n<td>6. Paleta diversificada<\/td>\n<td>Azul, amarelo e vermelho<\/td>\n<td>Ambientes criativos<\/td>\n<\/tr>\n<tr>\n<td>7. Quarto infantil<\/td>\n<td>Todas<\/td>\n<td>Quarto infantil<\/td>\n<\/tr>\n<tr>\n<td>8. Estilo retr\u00f4<\/td>\n<td>Todas<\/td>\n<td>Ambientes retr\u00f4<\/td>\n<\/tr>\n<\/table>\n<p>Usar <b>cores prim\u00e1rias<\/b> pode transformar completamente sua casa. Explore a criatividade, brinque com essas tonalidades e d\u00ea um ar novo ao seu espa\u00e7o! Qual dessas ideias vai experimentar primeiro? Comente aqui!<\/p>\n","protected":false},"excerpt":{"rendered":"<p>Transforme sua casa com 10 ideias de decora\u00e7\u00e3o em cores prim\u00e1rias<\/p>\n","protected":false},"author":102,"featured_media":155692,"comment_status":"open","ping_status":"","sticky":false,"template":"","format":"standard","meta":{"footnotes":""},"categories":[1484],"tags":[],"class_list":["post-155695","post","type-post","status-publish","format-standard","has-post-thumbnail","category-decoracao"],"_wp_attached_file":null,"_wp_attachment_metadata":null,"_wp_attachment_context":null,"_wp_attachment_is_custom_header":null,"geo_longitude":null,"geo_public":null,"geo_latitude":null,"_publicize_done_external":null,"_wpas_done_3897181":null,"publicize_twitter_user":null,"_wpas_done_3897175":null,"_wpas_skip_3897181":null,"_wpas_skip_3897175":null,"_wpas_skip_3924723":null,"_wpas_mess":null,"_wpas_done_3924723":null,"wps_subtitle":"","_links":{"self":[{"href":"https:\/\/www.aarquiteta.com.br\/blog\/wp-json\/wp\/v2\/posts\/155695","targetHints":{"allow":["GET"]}}],"collection":[{"href":"https:\/\/www.aarquiteta.com.br\/blog\/wp-json\/wp\/v2\/posts"}],"about":[{"href":"https:\/\/www.aarquiteta.com.br\/blog\/wp-json\/wp\/v2\/types\/post"}],"author":[{"embeddable":true,"href":"https:\/\/www.aarquiteta.com.br\/blog\/wp-json\/wp\/v2\/users\/102"}],"replies":[{"embeddable":true,"href":"https:\/\/www.aarquiteta.com.br\/blog\/wp-json\/wp\/v2\/comments?post=155695"}],"version-history":[{"count":0,"href":"https:\/\/www.aarquiteta.com.br\/blog\/wp-json\/wp\/v2\/posts\/155695\/revisions"}],"wp:featuredmedia":[{"embeddable":true,"href":"https:\/\/www.aarquiteta.com.br\/blog\/wp-json\/wp\/v2\/media\/155692"}],"wp:attachment":[{"href":"https:\/\/www.aarquiteta.com.br\/blog\/wp-json\/wp\/v2\/media?parent=155695"}],"wp:term":[{"taxonomy":"category","embeddable":true,"href":"https:\/\/www.aarquiteta.com.br\/blog\/wp-json\/wp\/v2\/categories?post=155695"},{"taxonomy":"post_tag","embeddable":true,"href":"https:\/\/www.aarquiteta.com.br\/blog\/wp-json\/wp\/v2\/tags?post=155695"}],"curies":[{"name":"wp","href":"https:\/\/api.w.org\/{rel}","templated":true}]}}