{"id":155690,"date":"2025-12-13T21:02:36","date_gmt":"2025-12-14T00:02:36","guid":{"rendered":"https:\/\/www.aarquiteta.com.br\/blog\/as-5-melhores-dicas-para-saber-a-altura-ideal-para-montar-sua-tv-na-parede\/"},"modified":"2025-12-13T21:02:36","modified_gmt":"2025-12-14T00:02:36","slug":"as-5-melhores-dicas-para-saber-a-altura-ideal-para-montar-sua-tv-na-parede","status":"publish","type":"post","link":"https:\/\/www.aarquiteta.com.br\/blog\/as-5-melhores-dicas-para-saber-a-altura-ideal-para-montar-sua-tv-na-parede\/","title":{"rendered":"As 5 Melhores Dicas para Saber a Altura Ideal para Montar sua TV na Parede"},"content":{"rendered":"<p>Se voc\u00ea quer saber a <b>altura ideal<\/b> para montar sua TV na parede, est\u00e1 no lugar certo! Aqui, vamos compartilhar dicas valiosas para garantir que voc\u00ea encontre o ponto perfeito.<\/p>\n<img decoding=\"async\" src=\"https:\/\/www.aarquiteta.com.br\/blog\/wp-content\/uploads\/2025\/12\/01-12.jpg\" alt=\"\" width=\"1024\" height=\"1024\" title=\"\">\n<p>Montar a TV na altura certa \u00e9 essencial para a <b>conforto<\/b> e est\u00e9tica do ambiente. Uma altura recomendada \u00e9 de 42 polegadas do ch\u00e3o at\u00e9 o centro da TV. Por\u00e9m, essa medida pode variar dependendo de fatores como o tamanho da tela e a disposi\u00e7\u00e3o dos m\u00f3veis.<\/p>\n<img decoding=\"async\" src=\"https:\/\/www.aarquiteta.com.br\/blog\/wp-content\/uploads\/2025\/12\/02-12.jpg\" alt=\"\" width=\"1024\" height=\"1024\" title=\"\">\n<p>Vamos explorar as 5 melhores dicas para que voc\u00ea acerte na instala\u00e7\u00e3o e transforme a sua sala em um espa\u00e7o mais funcional e estiloso!<\/p>\n<img decoding=\"async\" src=\"https:\/\/www.aarquiteta.com.br\/blog\/wp-content\/uploads\/2025\/12\/03-12.jpg\" alt=\"\" width=\"1024\" height=\"1024\" title=\"\">\n<h3>Dica 1: Altura do Olhar<\/h3>\n<p>A primeira regra \u00e9 alinhar o centro da TV com o seu <b>n\u00edvel de vis\u00e3o<\/b> enquanto estiver sentado. Isso a torna mais confort\u00e1vel para assistir por longos per\u00edodos, evitando tens\u00f5es no pesco\u00e7o.<\/p>\n<h3>Dica 2: Dist\u00e2ncia do Sof\u00e1<\/h3>\n<p>A TV deve estar a uma dist\u00e2ncia adequada do sof\u00e1. A regra geral \u00e9 que a dist\u00e2ncia deve ser de <b>1,5 a 2,5 vezes o tamanho da tela<\/b> para uma experi\u00eancia visual ideal.<\/p>\n<h3>Dica 3: Evitar Reflexos<\/h3>\n<p>Montar a TV em um lugar onde a luz natural bate diretamente pode causar <b>reflexos indesejados<\/b>. Experimente a posi\u00e7\u00e3o da TV antes de perfurar a parede para evitar esses problemas.<\/p>\n<h3>Dica 4: Considera\u00e7\u00f5es de Estilo<\/h3>\n<p>Se voc\u00ea tem um rack ou mesa, uma boa dica \u00e9 deixar cerca de <b>15 a 30 cent\u00edmetros<\/b> de espa\u00e7o entre a parte superior do m\u00f3vel e a base da TV, garantindo harmonia no seu espa\u00e7o.<\/p>\n<h3>Dica 5: Escolha da Montagem<\/h3>\n<p>Existem diferentes tipos de <b>suportes<\/b> para TV. Para ambientes com mais de um local para assistir, considere um suporte m\u00f3vel ou articulado, que permite ajustar o \u00e2ngulo e a altura.<\/p>\n<p><div class=\"youtube-embed\" data-video_id=\"IXBLc9FzOK8\"><iframe title=\"ALTURA IDEAL DO CHIMBAL: COMO AJUSTAR PRA TOCAR MELHOR AGORA\" width=\"696\" height=\"392\" src=\"https:\/\/www.youtube.com\/embed\/IXBLc9FzOK8?feature=oembed&#038;enablejsapi=1\" frameborder=\"0\" allow=\"accelerometer; autoplay; clipboard-write; encrypted-media; gyroscope; picture-in-picture; web-share\" referrerpolicy=\"strict-origin-when-cross-origin\" allowfullscreen><\/iframe><\/div>\n<\/p>\n<table>\n<tr>\n<th>Dicas<\/th>\n<th>Descri\u00e7\u00e3o<\/th>\n<\/tr>\n<tr>\n<td>Altura do Olhar<\/td>\n<td>Alinhe o centro da TV com o seu n\u00edvel de vis\u00e3o.<\/td>\n<\/tr>\n<tr>\n<td>Dist\u00e2ncia do Sof\u00e1<\/td>\n<td>1,5 a 2,5 vezes o tamanho da tela.<\/td>\n<\/tr>\n<tr>\n<td>Evitar Reflexos<\/td>\n<td>Escolha um local sem luz direta.<\/td>\n<\/tr>\n<tr>\n<td>Considera\u00e7\u00f5es de Estilo<\/td>\n<td>Espa\u00e7o de 15 a 30 cm entre TV e m\u00f3vel.<\/td>\n<\/tr>\n<tr>\n<td>Tipo de Montagem<\/td>\n<td>Use suportes m\u00f3veis ou fixos conforme necessidade.<\/td>\n<\/tr>\n<\/table>\n<p>Seguindo essas 5 dicas, tenho certeza de que voc\u00ea vai se sentir muito melhor assistindo sua TV. E lembre-se, sempre fa\u00e7a testes na altura e posi\u00e7\u00e3o antes de fixar definitivamente. Isso garantir\u00e1 uma experi\u00eancia visual mais confort\u00e1vel e agrad\u00e1vel.<\/p>\n<p>Se voc\u00ea gostou dessas dicas e quer mais informa\u00e7\u00f5es sobre decora\u00e7\u00e3o e instala\u00e7\u00e3o, deixe seu coment\u00e1rio abaixo e continue navegando pelo nosso blog para descobrir mais! Vamos juntos transformar sua casa.<\/p>\n","protected":false},"excerpt":{"rendered":"<p>As 5 Melhores Dicas para Saber a Altura Ideal para Montar sua TV na Parede<\/p>\n","protected":false},"author":102,"featured_media":155687,"comment_status":"open","ping_status":"","sticky":false,"template":"","format":"standard","meta":{"footnotes":""},"categories":[1484],"tags":[],"class_list":["post-155690","post","type-post","status-publish","format-standard","has-post-thumbnail","category-decoracao"],"_wp_attached_file":null,"_wp_attachment_metadata":null,"_wp_attachment_context":null,"_wp_attachment_is_custom_header":null,"geo_longitude":null,"geo_public":null,"geo_latitude":null,"_publicize_done_external":null,"_wpas_done_3897181":null,"publicize_twitter_user":null,"_wpas_done_3897175":null,"_wpas_skip_3897181":null,"_wpas_skip_3897175":null,"_wpas_skip_3924723":null,"_wpas_mess":null,"_wpas_done_3924723":null,"wps_subtitle":"","_links":{"self":[{"href":"https:\/\/www.aarquiteta.com.br\/blog\/wp-json\/wp\/v2\/posts\/155690","targetHints":{"allow":["GET"]}}],"collection":[{"href":"https:\/\/www.aarquiteta.com.br\/blog\/wp-json\/wp\/v2\/posts"}],"about":[{"href":"https:\/\/www.aarquiteta.com.br\/blog\/wp-json\/wp\/v2\/types\/post"}],"author":[{"embeddable":true,"href":"https:\/\/www.aarquiteta.com.br\/blog\/wp-json\/wp\/v2\/users\/102"}],"replies":[{"embeddable":true,"href":"https:\/\/www.aarquiteta.com.br\/blog\/wp-json\/wp\/v2\/comments?post=155690"}],"version-history":[{"count":0,"href":"https:\/\/www.aarquiteta.com.br\/blog\/wp-json\/wp\/v2\/posts\/155690\/revisions"}],"wp:featuredmedia":[{"embeddable":true,"href":"https:\/\/www.aarquiteta.com.br\/blog\/wp-json\/wp\/v2\/media\/155687"}],"wp:attachment":[{"href":"https:\/\/www.aarquiteta.com.br\/blog\/wp-json\/wp\/v2\/media?parent=155690"}],"wp:term":[{"taxonomy":"category","embeddable":true,"href":"https:\/\/www.aarquiteta.com.br\/blog\/wp-json\/wp\/v2\/categories?post=155690"},{"taxonomy":"post_tag","embeddable":true,"href":"https:\/\/www.aarquiteta.com.br\/blog\/wp-json\/wp\/v2\/tags?post=155690"}],"curies":[{"name":"wp","href":"https:\/\/api.w.org\/{rel}","templated":true}]}}