{"id":155669,"date":"2025-12-12T17:32:05","date_gmt":"2025-12-12T20:32:05","guid":{"rendered":"https:\/\/www.aarquiteta.com.br\/blog\/pedra-portuguesa-4\/"},"modified":"2025-12-12T17:32:05","modified_gmt":"2025-12-12T20:32:05","slug":"pedra-portuguesa-4","status":"publish","type":"post","link":"https:\/\/www.aarquiteta.com.br\/blog\/pedra-portuguesa-4\/","title":{"rendered":"As 10 Melhores Inspira\u00e7\u00f5es em Pedra Portuguesa"},"content":{"rendered":"<p>Voc\u00ea sabia que a <b>pedra portuguesa<\/b> pode transformar qualquer ambiente com seu charme e sofistica\u00e7\u00e3o? Vamos explorar as melhores inspira\u00e7\u00f5es para aproveitar esse revestimento de maneira incr\u00edvel. Prepare-se para uma viagem por ideias que v\u00e3o do cl\u00e1ssico ao moderno!<\/p>\n<figure style=\"width: 1024px\" class=\"wp-caption aligncenter\"><img decoding=\"async\" src=\"https:\/\/www.aarquiteta.com.br\/blog\/wp-content\/uploads\/2025\/12\/pedra-portuguesa01.jpg\" alt=\"pedra-portuguesa\" width=\"1024\" height=\"1024\" title=\"\"><figcaption class=\"wp-caption-text\">pedra-portuguesa<\/figcaption><\/figure>\n<h3>Conhe\u00e7a a Pedra Portuguesa<\/h3>\n<p>A <b> pedra portuguesa<\/b> \u00e9 uma escolha vers\u00e1til, sendo muito usada em cal\u00e7adas e fachadas, como no famoso cal\u00e7ad\u00e3o de Copacabana. Suas cores e texturas permitem combina\u00e7\u00f5es diversas, tornando-a perfeita tanto para ambientes internos quanto externos. Quero te mostrar 10 inspira\u00e7\u00f5es fant\u00e1sticas para voc\u00ea se apaixonar por esse revestimento!<\/p>\n<figure style=\"width: 1024px\" class=\"wp-caption aligncenter\"><img decoding=\"async\" src=\"https:\/\/www.aarquiteta.com.br\/blog\/wp-content\/uploads\/2025\/12\/pedra-portuguesa02.jpg\" alt=\"pedra-portuguesa\" width=\"1024\" height=\"1024\" title=\"\"><figcaption class=\"wp-caption-text\">pedra-portuguesa<\/figcaption><\/figure>\n<h3>10 Inspira\u00e7\u00f5es em Pedra Portuguesa<\/h3>\n<ol>\n<li><b>Entrada Criativa:<\/b> Adicione um charme original ao seu hall de entrada.<\/li>\n<li><b>Escada Elegante:<\/b> Invista numa escada revestida para um toque sofisticado.<\/li>\n<li><b>Degraus Modernos:<\/b> Use pe\u00e7as de pedra para dar um ar contempor\u00e2neo aos degraus.<\/li>\n<li><b>Paredes no Banheiro:<\/b> Um efeito r\u00fastico e acolhedor no seu espa\u00e7o \u00edntimo.<\/li>\n<li><b>Sala de Estar:<\/b> Crie um ambiente aconchegante e moderno.<\/li>\n<li><b>Ilumina\u00e7\u00e3o C\u00eanica:<\/b> Uma boa luz destaca ainda mais a beleza da pedra.<\/li>\n<li><b>Fachada Impressionante:<\/b> Use pedras para um visual impactante na entrada principal.<\/li>\n<li><b>\u00c1rea Externa:<\/b> Ideal para \u00e1reas de conviv\u00eancia e quintais charmosos.<\/li>\n<li><b>Composi\u00e7\u00e3o de Cores:<\/b> Brinque com cores diferentes para um mosaico vibrante.<\/li>\n<li><b>Harmoniza\u00e7\u00e3o:<\/b> Combine com outros revestimentos para um resultado deslumbrante.<\/li>\n<\/ol>\n<h3>Tabela Resumo da Pedra Portuguesa<\/h3>\n<table>\n<tr>\n<th>Cor<\/th>\n<th>Uso Ideal<\/th>\n<th>Pre\u00e7o (por m\u00b2)<\/th>\n<\/tr>\n<tr>\n<td>Branca<\/td>\n<td>Fachadas e interiores<\/td>\n<td>R$ 15 &#8211; R$ 30<\/td>\n<\/tr>\n<tr>\n<td>Preta<\/td>\n<td>Mosaicos externos<\/td>\n<td>R$ 15 &#8211; R$ 30<\/td>\n<\/tr>\n<tr>\n<td>Amarela<\/td>\n<td>Ambientes externos<\/td>\n<td>R$ 30 &#8211; R$ 35<\/td>\n<\/tr>\n<tr>\n<td>Cinza<\/td>\n<td>Paredes internas e externas<\/td>\n<td>R$ 15 &#8211; R$ 30<\/td>\n<\/tr>\n<\/table>\n<h3>Ampliando sua Decora\u00e7\u00e3o<\/h3>\n<p>Com essa variedade, \u00e9 f\u00e1cil <b>encontrar uma aplica\u00e7\u00e3o<\/b> da pedra portuguesa que se encaixe na sua decora\u00e7\u00e3o. O segredo \u00e9 explorar suas cores e texturas, garantindo que harmonizem com o restante dos elementos do ambiente.<\/p>\n<figure style=\"width: 1024px\" class=\"wp-caption aligncenter\"><img decoding=\"async\" src=\"https:\/\/www.aarquiteta.com.br\/blog\/wp-content\/uploads\/2025\/12\/pedra-portuguesa03.jpg\" alt=\"pedra-portuguesa\" width=\"1024\" height=\"1024\" title=\"\"><figcaption class=\"wp-caption-text\">pedra-portuguesa<\/figcaption><\/figure>\n<p>Ap\u00f3s essas inspira\u00e7\u00f5es, que tal come\u00e7ar a planejar a transforma\u00e7\u00e3o do seu espa\u00e7o? Deixem seus coment\u00e1rios com os projetos que mais gostaram e compartilhem suas ideias! Para mais dicas sobre decora\u00e7\u00e3o, continue navegando no nosso blog!<\/p>\n<p>https:\/\/www.youtube.com\/watch?v=<\/p>\n","protected":false},"excerpt":{"rendered":"<p>As 10 Melhores Inspira\u00e7\u00f5es em Pedra Portuguesa<\/p>\n","protected":false},"author":102,"featured_media":155666,"comment_status":"open","ping_status":"","sticky":false,"template":"","format":"standard","meta":{"footnotes":""},"categories":[249,1484],"tags":[],"class_list":["post-155669","post","type-post","status-publish","format-standard","has-post-thumbnail","category-engenharia-e-construcao-civil","category-decoracao"],"_wp_attached_file":null,"_wp_attachment_metadata":null,"_wp_attachment_context":null,"_wp_attachment_is_custom_header":null,"geo_longitude":null,"geo_public":null,"geo_latitude":null,"_publicize_done_external":null,"_wpas_done_3897181":null,"publicize_twitter_user":null,"_wpas_done_3897175":null,"_wpas_skip_3897181":null,"_wpas_skip_3897175":null,"_wpas_skip_3924723":null,"_wpas_mess":null,"_wpas_done_3924723":null,"wps_subtitle":"","_links":{"self":[{"href":"https:\/\/www.aarquiteta.com.br\/blog\/wp-json\/wp\/v2\/posts\/155669","targetHints":{"allow":["GET"]}}],"collection":[{"href":"https:\/\/www.aarquiteta.com.br\/blog\/wp-json\/wp\/v2\/posts"}],"about":[{"href":"https:\/\/www.aarquiteta.com.br\/blog\/wp-json\/wp\/v2\/types\/post"}],"author":[{"embeddable":true,"href":"https:\/\/www.aarquiteta.com.br\/blog\/wp-json\/wp\/v2\/users\/102"}],"replies":[{"embeddable":true,"href":"https:\/\/www.aarquiteta.com.br\/blog\/wp-json\/wp\/v2\/comments?post=155669"}],"version-history":[{"count":0,"href":"https:\/\/www.aarquiteta.com.br\/blog\/wp-json\/wp\/v2\/posts\/155669\/revisions"}],"wp:featuredmedia":[{"embeddable":true,"href":"https:\/\/www.aarquiteta.com.br\/blog\/wp-json\/wp\/v2\/media\/155666"}],"wp:attachment":[{"href":"https:\/\/www.aarquiteta.com.br\/blog\/wp-json\/wp\/v2\/media?parent=155669"}],"wp:term":[{"taxonomy":"category","embeddable":true,"href":"https:\/\/www.aarquiteta.com.br\/blog\/wp-json\/wp\/v2\/categories?post=155669"},{"taxonomy":"post_tag","embeddable":true,"href":"https:\/\/www.aarquiteta.com.br\/blog\/wp-json\/wp\/v2\/tags?post=155669"}],"curies":[{"name":"wp","href":"https:\/\/api.w.org\/{rel}","templated":true}]}}