{"id":155640,"date":"2025-12-11T07:33:20","date_gmt":"2025-12-11T10:33:20","guid":{"rendered":"https:\/\/www.aarquiteta.com.br\/blog\/cor-areia-2\/"},"modified":"2025-12-11T07:33:20","modified_gmt":"2025-12-11T10:33:20","slug":"cor-areia-2","status":"publish","type":"post","link":"https:\/\/www.aarquiteta.com.br\/blog\/cor-areia-2\/","title":{"rendered":"Surpreenda-se com a cor areia 10 ideias para ambientes mais acolhedores"},"content":{"rendered":"<p>A cor areia \u00e9 uma escolha incr\u00edvel que traz aconchego e neutralidade aos ambientes. Neste artigo, vou compartilhar 10 ideias para trazer mais charme e estilo ao seu lar.<\/p>\n<figure style=\"width: 1024px\" class=\"wp-caption aligncenter\"><img decoding=\"async\" src=\"https:\/\/www.aarquiteta.com.br\/blog\/wp-content\/uploads\/2025\/12\/cor-areia01.jpg\" alt=\"cor-areia\" width=\"1024\" height=\"1024\" title=\"\"><figcaption class=\"wp-caption-text\">cor-areia<\/figcaption><\/figure>\n<h3>1. Escolha a Cor Areia para as Paredes<\/h3>\n<p>Pintar as paredes de <b>areia<\/b> pode criar um ambiente tranquilo e acolhedor. Essa cor traz a sensa\u00e7\u00e3o de iluminar o espa\u00e7o e combinar com diversos estilos.<\/p>\n<figure style=\"width: 1024px\" class=\"wp-caption aligncenter\"><img decoding=\"async\" src=\"https:\/\/www.aarquiteta.com.br\/blog\/wp-content\/uploads\/2025\/12\/cor-areia02.jpg\" alt=\"cor-areia\" width=\"1024\" height=\"1024\" title=\"\"><figcaption class=\"wp-caption-text\">cor-areia<\/figcaption><\/figure>\n<h3>2. Sof\u00e1s e Almofadas em Tons de Areia<\/h3>\n<p>Um <b>sof\u00e1 areia<\/b> \u00e9 perfeito para deixar a sala aconchegante. Combine-o com almofadas coloridas para um visual mais divertido e estiloso.<\/p>\n<figure style=\"width: 1024px\" class=\"wp-caption aligncenter\"><img decoding=\"async\" src=\"https:\/\/www.aarquiteta.com.br\/blog\/wp-content\/uploads\/2025\/12\/cor-areia03.jpg\" alt=\"cor-areia\" width=\"1024\" height=\"1024\" title=\"\"><figcaption class=\"wp-caption-text\">cor-areia<\/figcaption><\/figure>\n<h3>3. Detalhes em Madeira<\/h3>\n<p>M\u00f3veis de madeira escura contrastam lindamente com a cor areia. Isso adiciona <b>calidez<\/b> e um toque natural ao ambiente.<\/p>\n<h3>4. Espelhos para Amplitude<\/h3>\n<p>Use espelhos em molduras douradas ou simples para criar um efeito de <b>amplitude<\/b>. Eles refletem a luz e potencializam a beleza da cor areia.<\/p>\n<h3>5. Ilumina\u00e7\u00e3o Certa<\/h3>\n<p>A escolha da ilumina\u00e7\u00e3o \u00e9 crucial. Lumin\u00e1rias com luz quente complementam o <b>aconchego<\/b> da cor areia, tornando o ambiente mais convidativo.<\/p>\n<h3>6. Integra\u00e7\u00e3o com Tons de Azul<\/h3>\n<p>O azul e o areia se combinam perfeitamente! Tente usar <b>detalhes azuis<\/b> em quadros ou objetos decorativos para um contraste harmonioso.<\/p>\n<h3>7. Plantas e Verde<\/h3>\n<p>Adicionar plantas pode trazer um toque de vida ao ambiente. O verde combina muito bem com o <b>areia<\/b>, criando uma atmosfera serena.<\/p>\n<p><div class=\"youtube-embed\" data-video_id=\"n1RSSmu0yxY\"><iframe title=\"Como fazer a cor Areia - Mistura de cores\" width=\"696\" height=\"392\" src=\"https:\/\/www.youtube.com\/embed\/n1RSSmu0yxY?feature=oembed&#038;enablejsapi=1\" frameborder=\"0\" allow=\"accelerometer; autoplay; clipboard-write; encrypted-media; gyroscope; picture-in-picture; web-share\" referrerpolicy=\"strict-origin-when-cross-origin\" allowfullscreen><\/iframe><\/div>\n<\/p>\n<h3>8. Texturas Diversificadas<\/h3>\n<p>Brinque com diferentes texturas, como l\u00e3, veludo e algod\u00e3o. Isso torna o espa\u00e7o mais <b>interessante<\/b> e confort\u00e1vel ao toque.<\/p>\n<h3>9. Acess\u00f3rios em Tons Quentes<\/h3>\n<p>Finalmente, use acess\u00f3rios em <b>cores quentes<\/b> para alegrar o ambiente. Almofadas, mantas e quadros podem ser \u00f3timas op\u00e7\u00f5es!<\/p>\n<h3>10. Banheiros em Tons de Areia<\/h3>\n<p>O areia tamb\u00e9m \u00e9 uma escolha linda para banheiros. Ele traz um ar de <b>sofistica\u00e7\u00e3o<\/b> e \u00e9 f\u00e1cil de combinar com diferentes acabamentos.<\/p>\n<table>\n<tr>\n<th>Ideia<\/th>\n<th>Descri\u00e7\u00e3o<\/th>\n<\/tr>\n<tr>\n<td>Paredes Areia<\/td>\n<td>Cria um ambiente tranquilo e iluminado.<\/td>\n<\/tr>\n<tr>\n<td>Sof\u00e1s Areia<\/td>\n<td>Deixa a sala aconchegante com almofadas coloridas.<\/td>\n<\/tr>\n<tr>\n<td>Madeira<\/td>\n<td>Contraste que adiciona calidez e naturalidade.<\/td>\n<\/tr>\n<tr>\n<td>Espelhos<\/td>\n<td>Refletem luz e aumentam a sensa\u00e7\u00e3o de espa\u00e7o.<\/td>\n<\/tr>\n<tr>\n<td>Ilumina\u00e7\u00e3o<\/td>\n<td>Use luz quente para criar um ambiente acolhedor.<\/td>\n<\/tr>\n<tr>\n<td>Tons de Azul<\/td>\n<td>Perfeito para criar harmonia e contraste.<\/td>\n<\/tr>\n<tr>\n<td>Plantas<\/td>\n<td>Adicionam vida e frescor ao ambiente.<\/td>\n<\/tr>\n<tr>\n<td>Texturas<\/td>\n<td>Diversificam o ambiente e o tornam mais confort\u00e1vel.<\/td>\n<\/tr>\n<tr>\n<td>Acess\u00f3rios Quentes<\/td>\n<td>Alegram e complementam a cor areia.<\/td>\n<\/tr>\n<tr>\n<td>Banheiros<\/td>\n<td>Traz um toque de sofistica\u00e7\u00e3o e eleg\u00e2ncia.<\/td>\n<\/tr>\n<\/table>\n<p>Com essas dicas, voc\u00ea pode dar um toque especial \u00e0 sua decora\u00e7\u00e3o! Agora, que tal experimentar a cor areia em algum espa\u00e7o da sua casa? Se voc\u00ea gostou dessas ideias, deixe seu coment\u00e1rio abaixo e compartilhe o que mais gosta na decora\u00e7\u00e3o!<\/p>\n","protected":false},"excerpt":{"rendered":"<p>Surpreenda-se com a cor areia 10 ideias para ambientes mais acolhedores<\/p>\n","protected":false},"author":102,"featured_media":155637,"comment_status":"open","ping_status":"","sticky":false,"template":"","format":"standard","meta":{"footnotes":""},"categories":[1484],"tags":[],"class_list":["post-155640","post","type-post","status-publish","format-standard","has-post-thumbnail","category-decoracao"],"_wp_attached_file":null,"_wp_attachment_metadata":null,"_wp_attachment_context":null,"_wp_attachment_is_custom_header":null,"geo_longitude":null,"geo_public":null,"geo_latitude":null,"_publicize_done_external":null,"_wpas_done_3897181":null,"publicize_twitter_user":null,"_wpas_done_3897175":null,"_wpas_skip_3897181":null,"_wpas_skip_3897175":null,"_wpas_skip_3924723":null,"_wpas_mess":null,"_wpas_done_3924723":null,"wps_subtitle":"","_links":{"self":[{"href":"https:\/\/www.aarquiteta.com.br\/blog\/wp-json\/wp\/v2\/posts\/155640","targetHints":{"allow":["GET"]}}],"collection":[{"href":"https:\/\/www.aarquiteta.com.br\/blog\/wp-json\/wp\/v2\/posts"}],"about":[{"href":"https:\/\/www.aarquiteta.com.br\/blog\/wp-json\/wp\/v2\/types\/post"}],"author":[{"embeddable":true,"href":"https:\/\/www.aarquiteta.com.br\/blog\/wp-json\/wp\/v2\/users\/102"}],"replies":[{"embeddable":true,"href":"https:\/\/www.aarquiteta.com.br\/blog\/wp-json\/wp\/v2\/comments?post=155640"}],"version-history":[{"count":0,"href":"https:\/\/www.aarquiteta.com.br\/blog\/wp-json\/wp\/v2\/posts\/155640\/revisions"}],"wp:featuredmedia":[{"embeddable":true,"href":"https:\/\/www.aarquiteta.com.br\/blog\/wp-json\/wp\/v2\/media\/155637"}],"wp:attachment":[{"href":"https:\/\/www.aarquiteta.com.br\/blog\/wp-json\/wp\/v2\/media?parent=155640"}],"wp:term":[{"taxonomy":"category","embeddable":true,"href":"https:\/\/www.aarquiteta.com.br\/blog\/wp-json\/wp\/v2\/categories?post=155640"},{"taxonomy":"post_tag","embeddable":true,"href":"https:\/\/www.aarquiteta.com.br\/blog\/wp-json\/wp\/v2\/tags?post=155640"}],"curies":[{"name":"wp","href":"https:\/\/api.w.org\/{rel}","templated":true}]}}