{"id":155625,"date":"2025-12-10T07:32:41","date_gmt":"2025-12-10T10:32:41","guid":{"rendered":"https:\/\/www.aarquiteta.com.br\/blog\/verde-pastel-2\/"},"modified":"2025-12-10T07:32:41","modified_gmt":"2025-12-10T10:32:41","slug":"verde-pastel-2","status":"publish","type":"post","link":"https:\/\/www.aarquiteta.com.br\/blog\/verde-pastel-2\/","title":{"rendered":"10 inspira\u00e7\u00f5es de verde pastel que transformam sua decora\u00e7\u00e3o"},"content":{"rendered":"<p>Voc\u00ea j\u00e1 percebeu como um simples detalhe pode transformar completamente a decora\u00e7\u00e3o da sua casa? O <b>verde pastel<\/b> \u00e9 uma cor que traz leveza e frescor para o ambiente, proporcionando um toque acolhedor e elegante. Neste artigo, vou compartilhar 10 inspira\u00e7\u00f5es de como voc\u00ea pode usar essa tonalidade para renovar a sua decora\u00e7\u00e3o e encantar todos os visitantes.<\/p>\n<figure style=\"width: 1024px\" class=\"wp-caption aligncenter\"><img decoding=\"async\" src=\"https:\/\/www.aarquiteta.com.br\/blog\/wp-content\/uploads\/2025\/12\/verde-pastel01.jpg\" alt=\"verde-pastel\" width=\"1024\" height=\"1024\" title=\"\"><figcaption class=\"wp-caption-text\">verde-pastel<\/figcaption><\/figure>\n<h3>1. O que \u00e9 o verde pastel?<\/h3>\n<p>O <b>verde pastel<\/b> \u00e9 uma tonalidade suave, que remete \u00e0 natureza e traz um sentimento de calma. Ideal para quem deseja um espa\u00e7o minimalista, mas cheio de charme.<\/p>\n<figure style=\"width: 1024px\" class=\"wp-caption aligncenter\"><img decoding=\"async\" src=\"https:\/\/www.aarquiteta.com.br\/blog\/wp-content\/uploads\/2025\/12\/verde-pastel02.jpg\" alt=\"verde-pastel\" width=\"1024\" height=\"1024\" title=\"\"><figcaption class=\"wp-caption-text\">verde-pastel<\/figcaption><\/figure>\n<h3>2. M\u00f3veis em verde pastel<\/h3>\n<p>Que tal incluir m\u00f3veis nessa cor na sua sala? Um <b>sof\u00e1 verde pastel<\/b> ou uma poltrona podem se tornar o ponto focal do ambiente, harmonizando com outros elementos decorativos.<\/p>\n<figure style=\"width: 1024px\" class=\"wp-caption aligncenter\"><img decoding=\"async\" src=\"https:\/\/www.aarquiteta.com.br\/blog\/wp-content\/uploads\/2025\/12\/verde-pastel03.jpg\" alt=\"verde-pastel\" width=\"1024\" height=\"1024\" title=\"\"><figcaption class=\"wp-caption-text\">verde-pastel<\/figcaption><\/figure>\n<h3>3. Paredes pintadas de verde pastel<\/h3>\n<p>Pintar uma parede de verde pastel \u00e9 uma forma simples de dar vida ao ambiente. Essa cor ajuda a <b>ampliar a sensa\u00e7\u00e3o de espa\u00e7o<\/b> e pode ser combinada com outros tons mais neutros.<\/p>\n<h3>4. Usando acess\u00f3rios decorativos<\/h3>\n<ul>\n<li><b>Almofadas<\/b> e mantas verdes pastel trazem aconchego para o sof\u00e1.<\/li>\n<li><b>Quadros<\/b> nessa tonalidade adicionam um toque art\u00edstico \u00e0s paredes.<\/li>\n<li><b>Objetos de decora\u00e7\u00e3o<\/b> em verde pastel podem dar um charmoso colorido aos detalhes da casa.<\/li>\n<\/ul>\n<h3>5. Banheiro com verde pastel<\/h3>\n<p>O banheiro \u00e9 outro espa\u00e7o que pode ficar incr\u00edvel com essa cor. Aplique o verde pastel em <b>azulejos<\/b> ou use toalhas nessa tonalidade para um look refrescante.<\/p>\n<h3>6. Quarto infantil decorado<\/h3>\n<p>No quarto das crian\u00e7as, o verde pastel \u00e9 ideal para criar um ambiente l\u00fadico e sereno. Invista em m\u00f3veis e decora\u00e7\u00e3o que estimulem a <b>criatividade e conforto<\/b>.<\/p>\n<h3>7. Estilo vintage, sempre em alta<\/h3>\n<p>Utilizar o verde pastel em elementos decorativos de estilo vintage traz um ar <b>retr\u00f4 e nost\u00e1lgico<\/b> ao ambiente. Um arm\u00e1rio ou uma penteadeira nessa cor podem fazer maravilhas!<\/p>\n<h3>8. Verde pastel na cozinha<\/h3>\n<p>A cor pode ser utilizada na cozinha para trazer um toque de frescor. Que tal um <b>gabinete<\/b> ou uma mesa nesse tom? Perfeito para refei\u00e7\u00f5es alegres!<\/p>\n<p><div class=\"youtube-embed\" data-video_id=\"dHIyyrLj_fY\"><iframe title=\"Como fazer verde seco f\u00e1cil e r\u00e1pido. #confeitaria #bolo #chantilly #chantsol\" width=\"696\" height=\"392\" src=\"https:\/\/www.youtube.com\/embed\/dHIyyrLj_fY?feature=oembed&#038;enablejsapi=1\" frameborder=\"0\" allow=\"accelerometer; autoplay; clipboard-write; encrypted-media; gyroscope; picture-in-picture; web-share\" referrerpolicy=\"strict-origin-when-cross-origin\" allowfullscreen><\/iframe><\/div>\n<\/p>\n<h3>9. Ilumina\u00e7\u00e3o com verde pastel<\/h3>\n<p>Utilizar l\u00e2mpadas com <b>tonalidades pastel<\/b> \u00e9 uma \u00f3tima ideia para ambientar o espa\u00e7o, trazendo suavidade e calor \u00e0 decora\u00e7\u00e3o.<\/p>\n<h3>10. Misturando com outras cores<\/h3>\n<p>O verde pastel combina bem com v\u00e1rias outras cores, como <b>branco<\/b>, <b>bege<\/b> e at\u00e9 <b>coral<\/b>. Use isso a seu favor para criar um espa\u00e7o ainda mais interessante.<\/p>\n<table>\n<tr>\n<th>Ideia<\/th>\n<th>Descri\u00e7\u00e3o<\/th>\n<\/tr>\n<tr>\n<td>M\u00f3veis<\/td>\n<td>Incluir sof\u00e1s ou poltronas em verde pastel.<\/td>\n<\/tr>\n<tr>\n<td>Paredes<\/td>\n<td>Pintar uma parede nesta cor para dar leveza.<\/td>\n<\/tr>\n<tr>\n<td>Acess\u00f3rios<\/td>\n<td>Almofadas e quadros na tonalidade.<\/td>\n<\/tr>\n<tr>\n<td>Banheiro<\/td>\n<td>Usar azulejos ou toalhas em verde pastel.<\/td>\n<\/tr>\n<tr>\n<td>Cozinha<\/td>\n<td>M\u00f3veis e utens\u00edlios nessa cor.<\/td>\n<\/tr>\n<\/table>\n<p>O verde pastel \u00e9 vers\u00e1til e traz uma <b>transforma\u00e7\u00e3o encantadora<\/b> para qualquer ambiente. Tenho certeza de que, com essas dicas, voc\u00ea encontrar\u00e1 maneiras de incorporar essa cor suave na sua decora\u00e7\u00e3o. Agora, \u00e9 a sua vez! Que tal come\u00e7ar a planejar as mudan\u00e7as na sua casa hoje mesmo? Compartilhe suas ideias e me conte como voc\u00ea usar\u00e1 o verde pastel!<\/p>\n","protected":false},"excerpt":{"rendered":"<p>10 inspira\u00e7\u00f5es de verde pastel que transformam sua decora\u00e7\u00e3o<\/p>\n","protected":false},"author":102,"featured_media":155622,"comment_status":"open","ping_status":"","sticky":false,"template":"","format":"standard","meta":{"footnotes":""},"categories":[1484],"tags":[],"class_list":["post-155625","post","type-post","status-publish","format-standard","has-post-thumbnail","category-decoracao"],"_wp_attached_file":null,"_wp_attachment_metadata":null,"_wp_attachment_context":null,"_wp_attachment_is_custom_header":null,"geo_longitude":null,"geo_public":null,"geo_latitude":null,"_publicize_done_external":null,"_wpas_done_3897181":null,"publicize_twitter_user":null,"_wpas_done_3897175":null,"_wpas_skip_3897181":null,"_wpas_skip_3897175":null,"_wpas_skip_3924723":null,"_wpas_mess":null,"_wpas_done_3924723":null,"wps_subtitle":"","_links":{"self":[{"href":"https:\/\/www.aarquiteta.com.br\/blog\/wp-json\/wp\/v2\/posts\/155625","targetHints":{"allow":["GET"]}}],"collection":[{"href":"https:\/\/www.aarquiteta.com.br\/blog\/wp-json\/wp\/v2\/posts"}],"about":[{"href":"https:\/\/www.aarquiteta.com.br\/blog\/wp-json\/wp\/v2\/types\/post"}],"author":[{"embeddable":true,"href":"https:\/\/www.aarquiteta.com.br\/blog\/wp-json\/wp\/v2\/users\/102"}],"replies":[{"embeddable":true,"href":"https:\/\/www.aarquiteta.com.br\/blog\/wp-json\/wp\/v2\/comments?post=155625"}],"version-history":[{"count":0,"href":"https:\/\/www.aarquiteta.com.br\/blog\/wp-json\/wp\/v2\/posts\/155625\/revisions"}],"wp:featuredmedia":[{"embeddable":true,"href":"https:\/\/www.aarquiteta.com.br\/blog\/wp-json\/wp\/v2\/media\/155622"}],"wp:attachment":[{"href":"https:\/\/www.aarquiteta.com.br\/blog\/wp-json\/wp\/v2\/media?parent=155625"}],"wp:term":[{"taxonomy":"category","embeddable":true,"href":"https:\/\/www.aarquiteta.com.br\/blog\/wp-json\/wp\/v2\/categories?post=155625"},{"taxonomy":"post_tag","embeddable":true,"href":"https:\/\/www.aarquiteta.com.br\/blog\/wp-json\/wp\/v2\/tags?post=155625"}],"curies":[{"name":"wp","href":"https:\/\/api.w.org\/{rel}","templated":true}]}}