{"id":15562,"date":"2023-09-09T13:58:54","date_gmt":"2023-09-09T16:58:54","guid":{"rendered":"http:\/\/aarquiteta.com.br\/?p=15562"},"modified":"2026-09-01T16:04:14","modified_gmt":"2026-09-01T19:04:14","slug":"arquitetura-de-olinda","status":"publish","type":"post","link":"https:\/\/www.aarquiteta.com.br\/blog\/arquitetura-de-olinda\/","title":{"rendered":"Descubra a Fascinante Hist\u00f3ria da Arquitetura Colonial de Olinda!"},"content":{"rendered":"<p align=\"justify\">Olinda, uma das joias hist\u00f3ricas do Brasil, esconde em suas ruas de paralelep\u00edpedos uma rica hist\u00f3ria de arquitetura colonial.<\/p>\n<p align=\"justify\">Neste artigo, mergulharemos nas ruas de pedra e nas fachadas coloridas desta cidade encantadora para descobrir a hist\u00f3ria por tr\u00e1s de sua arquitetura colonial. Prepare-se para uma viagem no tempo enquanto exploramos como Olinda se tornou um verdadeiro tesouro arquitet\u00f4nico, com suas igrejas majestosas, casar\u00f5es e detalhes arquitet\u00f4nicos que encantam visitantes de todo o mundo.<\/p>\n<h2>Olinda: Um Tesouro da Arquitetura Colonial<\/h2>\n<figure id=\"attachment_15601\" aria-describedby=\"caption-attachment-15601\" style=\"width: 928px\" class=\"wp-caption aligncenter\"><a href=\"https:\/\/www.aarquiteta.com.br\/blog\/wp-content\/uploads\/2018\/12\/olinda-a-arquiteta-1.jpg\"><img decoding=\"async\" class=\"wp-image-15601 size-full\" src=\"https:\/\/www.aarquiteta.com.br\/blog\/wp-content\/uploads\/2018\/12\/olinda-a-arquiteta-1.jpg\" alt=\"arquitetura de olinda\" width=\"928\" height=\"419\" title=\"\" srcset=\"https:\/\/www.aarquiteta.com.br\/blog\/wp-content\/uploads\/2018\/12\/olinda-a-arquiteta-1.jpg 928w, https:\/\/www.aarquiteta.com.br\/blog\/wp-content\/uploads\/2018\/12\/olinda-a-arquiteta-1-696x314.jpg 696w, https:\/\/www.aarquiteta.com.br\/blog\/wp-content\/uploads\/2018\/12\/olinda-a-arquiteta-1-150x68.jpg 150w\" sizes=\"(max-width: 928px) 100vw, 928px\" \/><\/a><figcaption id=\"caption-attachment-15601\" class=\"wp-caption-text\">Imagem: viagemeturismo.abril.com.br<\/figcaption><\/figure>\n<p>Olinda, situada no estado de Pernambuco, \u00e9 conhecida por sua arquitetura colonial \u00fanica que remonta aos tempos em que os portugueses estabeleceram sua presen\u00e7a no Brasil. A cidade foi fundada em 1535 e desempenhou um papel fundamental na hist\u00f3ria do pa\u00eds. Sua arquitetura reflete as influ\u00eancias de v\u00e1rias culturas que moldaram sua identidade ao longo dos s\u00e9culos.<\/p>\n<p>A arquitetura colonial de Olinda \u00e9 marcada por uma combina\u00e7\u00e3o de estilos, incluindo o renascentista, o barroco e o rococ\u00f3. Suas ruas estreitas e casas coloridas de estilo colonial transportam os visitantes de volta no tempo. Cada esquina revela uma nova surpresa arquitet\u00f4nica, desde as igrejas imponentes at\u00e9 os detalhes nas fachadas das casas.<\/p>\n<h2>A Influ\u00eancia Portuguesa na Arquitetura de Olinda<\/h2>\n<figure id=\"attachment_15597\" aria-describedby=\"caption-attachment-15597\" style=\"width: 3845px\" class=\"wp-caption aligncenter\"><a href=\"https:\/\/www.aarquiteta.com.br\/blog\/wp-content\/uploads\/2018\/12\/olinda-a-arquiteta-5.jpg\"><img decoding=\"async\" class=\"wp-image-15597 size-full\" src=\"https:\/\/www.aarquiteta.com.br\/blog\/wp-content\/uploads\/2018\/12\/olinda-a-arquiteta-5.jpg\" alt=\"arquitetura de olinda\" width=\"3845\" height=\"2570\" title=\"\" srcset=\"https:\/\/www.aarquiteta.com.br\/blog\/wp-content\/uploads\/2018\/12\/olinda-a-arquiteta-5.jpg 2048w, https:\/\/www.aarquiteta.com.br\/blog\/wp-content\/uploads\/2018\/12\/olinda-a-arquiteta-5-1024x685.jpg 1024w, https:\/\/www.aarquiteta.com.br\/blog\/wp-content\/uploads\/2018\/12\/olinda-a-arquiteta-5-696x465.jpg 696w, https:\/\/www.aarquiteta.com.br\/blog\/wp-content\/uploads\/2018\/12\/olinda-a-arquiteta-5-150x100.jpg 150w\" sizes=\"(max-width: 3845px) 100vw, 3845px\" \/><\/a><figcaption id=\"caption-attachment-15597\" class=\"wp-caption-text\">Imagem: pt.wikipedia.org<\/figcaption><\/figure>\n<p>A influ\u00eancia portuguesa desempenhou um papel significativo na forma\u00e7\u00e3o da arquitetura colonial de Olinda. Os colonizadores portugueses trouxeram consigo seus estilos arquitet\u00f4nicos caracter\u00edsticos, que se misturaram com as influ\u00eancias ind\u00edgenas e africanas da regi\u00e3o. O resultado \u00e9 uma arquitetura \u00fanica que combina elementos europeus com toques locais.<\/p>\n<p>As igrejas em Olinda s\u00e3o um exemplo not\u00e1vel dessa influ\u00eancia. A Igreja da S\u00e9, constru\u00edda no s\u00e9culo XVI, \u00e9 um marco arquitet\u00f4nico que combina elementos g\u00f3ticos e renascentistas. Sua fachada ornamentada e seu interior ricamente decorado atraem visitantes e historiadores da arte de todo o mundo.<\/p>\n<h2>O Barroco em Olinda: Uma Experi\u00eancia Visual<\/h2>\n<figure id=\"attachment_15596\" aria-describedby=\"caption-attachment-15596\" style=\"width: 1000px\" class=\"wp-caption aligncenter\"><a href=\"https:\/\/www.aarquiteta.com.br\/blog\/wp-content\/uploads\/2018\/12\/olinda-a-arquiteta-6.jpg\"><img decoding=\"async\" class=\"wp-image-15596 size-full\" src=\"https:\/\/www.aarquiteta.com.br\/blog\/wp-content\/uploads\/2018\/12\/olinda-a-arquiteta-6.jpg\" alt=\"arquitetura de olinda\" width=\"1000\" height=\"725\" title=\"\" srcset=\"https:\/\/www.aarquiteta.com.br\/blog\/wp-content\/uploads\/2018\/12\/olinda-a-arquiteta-6.jpg 1000w, https:\/\/www.aarquiteta.com.br\/blog\/wp-content\/uploads\/2018\/12\/olinda-a-arquiteta-6-696x505.jpg 696w, https:\/\/www.aarquiteta.com.br\/blog\/wp-content\/uploads\/2018\/12\/olinda-a-arquiteta-6-150x109.jpg 150w\" sizes=\"(max-width: 1000px) 100vw, 1000px\" \/><\/a><figcaption id=\"caption-attachment-15596\" class=\"wp-caption-text\">Imagem: museu2009.blogspot.com<\/figcaption><\/figure>\n<p>O per\u00edodo barroco tamb\u00e9m deixou uma marca indel\u00e9vel na arquitetura de Olinda. O estilo barroco \u00e9 conhecido por sua extravag\u00e2ncia e detalhes ornamentados, e Olinda n\u00e3o \u00e9 exce\u00e7\u00e3o. As igrejas barrocas da cidade, como a Igreja de S\u00e3o Bento e a Igreja da Miseric\u00f3rdia, s\u00e3o verdadeiras obras de arte arquitet\u00f4nica.<\/p>\n<p>Os detalhes intrincados nas fachadas das igrejas barrocas de Olinda s\u00e3o verdadeiramente impressionantes. Esculturas de anjos, querubins e figuras religiosas adornam as paredes externas, enquanto o interior \u00e9 igualmente deslumbrante, com altares dourados e afrescos elaborados.<\/p>\n<h2>A Eleg\u00e2ncia do Rococ\u00f3<\/h2>\n<figure id=\"attachment_15594\" aria-describedby=\"caption-attachment-15594\" style=\"width: 580px\" class=\"wp-caption alignnone\"><a href=\"https:\/\/www.aarquiteta.com.br\/blog\/wp-content\/uploads\/2018\/12\/olinda-a-arquiteta-8.jpg\"><img decoding=\"async\" class=\"wp-image-15594 size-full\" src=\"https:\/\/www.aarquiteta.com.br\/blog\/wp-content\/uploads\/2018\/12\/olinda-a-arquiteta-8.jpg\" alt=\"\" width=\"580\" height=\"387\" title=\"\" srcset=\"https:\/\/www.aarquiteta.com.br\/blog\/wp-content\/uploads\/2018\/12\/olinda-a-arquiteta-8.jpg 580w, https:\/\/www.aarquiteta.com.br\/blog\/wp-content\/uploads\/2018\/12\/olinda-a-arquiteta-8-150x100.jpg 150w\" sizes=\"(max-width: 580px) 100vw, 580px\" \/><\/a><figcaption id=\"caption-attachment-15594\" class=\"wp-caption-text\">Imagem: pinterest.com<\/figcaption><\/figure>\n<p>O estilo rococ\u00f3, conhecido por sua eleg\u00e2ncia e graciosidade, tamb\u00e9m deixou sua marca na arquitetura de Olinda. Este estilo arquitet\u00f4nico, que surgiu no s\u00e9culo XVIII, \u00e9 caracterizado por curvas suaves, motivos florais e cores suaves. Um exemplo not\u00e1vel de arquitetura rococ\u00f3 em Olinda \u00e9 a Igreja do Carmo.<\/p>\n<p>A fachada da Igreja do Carmo \u00e9 uma verdadeira obra-prima rococ\u00f3, com seus detalhes delicados e esculturas graciosas. O interior da igreja \u00e9 igualmente impressionante, com seus altares ricamente decorados e pain\u00e9is de azulejos que contam hist\u00f3rias b\u00edblicas.<\/p>\n<figure id=\"attachment_15600\" aria-describedby=\"caption-attachment-15600\" style=\"width: 919px\" class=\"wp-caption aligncenter\"><a href=\"https:\/\/www.aarquiteta.com.br\/blog\/wp-content\/uploads\/2018\/12\/olinda-a-arquiteta-2.jpg\"><img decoding=\"async\" class=\"wp-image-15600 size-full\" src=\"https:\/\/www.aarquiteta.com.br\/blog\/wp-content\/uploads\/2018\/12\/olinda-a-arquiteta-2.jpg\" alt=\"\" width=\"919\" height=\"613\" title=\"\" srcset=\"https:\/\/www.aarquiteta.com.br\/blog\/wp-content\/uploads\/2018\/12\/olinda-a-arquiteta-2.jpg 919w, https:\/\/www.aarquiteta.com.br\/blog\/wp-content\/uploads\/2018\/12\/olinda-a-arquiteta-2-696x464.jpg 696w, https:\/\/www.aarquiteta.com.br\/blog\/wp-content\/uploads\/2018\/12\/olinda-a-arquiteta-2-150x100.jpg 150w\" sizes=\"(max-width: 919px) 100vw, 919px\" \/><\/a><figcaption id=\"caption-attachment-15600\" class=\"wp-caption-text\">Imagem: viagemeturismo.abril.com.br<\/figcaption><\/figure>\n<h2>Conclus\u00e3o<\/h2>\n<p>A arquitetura colonial de Olinda \u00e9 verdadeiramente fascinante e revela a rica hist\u00f3ria dessa cidade encantadora. Com suas influ\u00eancias portuguesas, ind\u00edgenas e africanas, Olinda oferece uma experi\u00eancia arquitet\u00f4nica \u00fanica que atrai visitantes de todo o mundo.<\/p>\n<p>Ao explorar suas igrejas barrocas, fachadas rococ\u00f3 e detalhes encantadores, voc\u00ea pode viajar no tempo e apreciar a beleza e a diversidade da arquitetura colonial brasileira.<\/p>\n<h4>Curiosidade:<\/h4>\n<p><strong> Voc\u00ea sabia que Olinda \u00e9 considerada Patrim\u00f4nio Mundial da UNESCO devido \u00e0 sua import\u00e2ncia hist\u00f3rica e arquitet\u00f4nica?<\/strong><\/p>\n<p>\u00c9 um destino imperd\u00edvel para os amantes da hist\u00f3ria e da arquitetura.<\/p>\n<figure id=\"attachment_15595\" aria-describedby=\"caption-attachment-15595\" style=\"width: 2048px\" class=\"wp-caption aligncenter\"><a href=\"https:\/\/www.aarquiteta.com.br\/blog\/wp-content\/uploads\/2018\/12\/olinda-a-arquiteta-7.jpg\"><img decoding=\"async\" class=\"wp-image-15595 size-full\" src=\"https:\/\/www.aarquiteta.com.br\/blog\/wp-content\/uploads\/2018\/12\/olinda-a-arquiteta-7.jpg\" alt=\"\" width=\"2048\" height=\"1367\" title=\"\" srcset=\"https:\/\/www.aarquiteta.com.br\/blog\/wp-content\/uploads\/2018\/12\/olinda-a-arquiteta-7.jpg 2048w, https:\/\/www.aarquiteta.com.br\/blog\/wp-content\/uploads\/2018\/12\/olinda-a-arquiteta-7-1024x684.jpg 1024w, https:\/\/www.aarquiteta.com.br\/blog\/wp-content\/uploads\/2018\/12\/olinda-a-arquiteta-7-696x465.jpg 696w, https:\/\/www.aarquiteta.com.br\/blog\/wp-content\/uploads\/2018\/12\/olinda-a-arquiteta-7-150x100.jpg 150w\" sizes=\"(max-width: 2048px) 100vw, 2048px\" \/><\/a><figcaption id=\"caption-attachment-15595\" class=\"wp-caption-text\">Imagem: pt.wikipedia.org<\/figcaption><\/figure>\n<h2>Perguntas Frequentes sobre a Arquitetura Colonial de Olinda<\/h2>\n<h3>1. O que torna a arquitetura colonial de Olinda t\u00e3o \u00fanica?<\/h3>\n<p>A arquitetura colonial de Olinda \u00e9 \u00fanica devido \u00e0 sua combina\u00e7\u00e3o de influ\u00eancias portuguesas, ind\u00edgenas e africanas, que resultaram em uma mistura de estilos arquitet\u00f4nicos, como o renascentista, barroco e rococ\u00f3.<\/p>\n<h3>2. Quais s\u00e3o as igrejas mais famosas de Olinda?<\/h3>\n<p>Algumas das igrejas mais famosas de Olinda incluem a Igreja da S\u00e9, a Igreja de S\u00e3o Bento, a Igreja da Miseric\u00f3rdia e a Igreja do Carmo.<\/p>\n<h3>3. Como posso explorar a arquitetura colonial de Olinda?<\/h3>\n<p>Voc\u00ea pode explorar a arquitetura colonial de Olinda fazendo passeios a p\u00e9 pela cidade, visitando as igrejas e casas hist\u00f3ricas, e apreciando os detalhes arquitet\u00f4nicos das fachadas.<\/p>\n<h3>4. Qual \u00e9 a import\u00e2ncia hist\u00f3rica de Olinda?<\/h3>\n<p>Olinda desempenhou um papel fundamental na hist\u00f3ria do Brasil como um dos primeiros assentamentos coloniais. Sua arquitetura reflete essa rica hist\u00f3ria.<\/p>\n<h3>5. Qual \u00e9 o melhor momento para visitar Olinda e apreciar sua arquitetura?<\/h3>\n<p>A melhor \u00e9poca para visitar Olinda e apreciar sua arquitetura \u00e9 durante o carnaval, quando a cidade ganha vida com desfiles e festividades coloridas.<\/p>\n<p>E a\u00ed, gostou das dicas do artigo? Ent\u00e3o deslize a tela para baixo e confira <strong><a href=\"https:\/\/www.aarquiteta.com.br\">mais dicas<\/a><\/strong>, al\u00e9m dos nossos <strong><a href=\"http:\/\/www.aarquiteta.com.br\">Cursos e Treinamentos<\/a><\/strong>\u00a0e n\u00e3o se esque\u00e7a de compartilhar com os amigos!<\/p>\n<p>Quer receber conte\u00fados exclusivos sobre <strong>casa, jardim, <a href=\"https:\/\/amzn.to\/47hsVXp\" target=\"_blank\" rel=\"noopener\">decora\u00e7\u00e3o<\/a>, arquitetura, educa\u00e7\u00e3o financeira e <a href=\"https:\/\/www.ideia-decoracao.com\/\" target=\"_blank\" rel=\"noopener\">muito mais<\/a><\/strong>? Ent\u00e3o, <strong><a href=\"https:\/\/cursosdearquitetura.com.br\/\" target=\"_blank\" rel=\"noopener\">inscreva-se agora<\/a><\/strong> mesmo no nosso <strong><a href=\"https:\/\/t.me\/aarquitetablog\" target=\"_blank\" rel=\"noopener\">Canal do Telegram<\/a>!<\/strong> \ud83e\udd29\ud83d\udc68\u200d\ud83d\udc69\u200d\ud83d\udc67\u200d\ud83d\udc66<\/p>\n<p>Aqui, voc\u00ea ter\u00e1 acesso a artigos, dicas de <strong>beleza e sa\u00fade<\/strong>, al\u00e9m\u00a0e inspira\u00e7\u00f5es para <strong>transformar sua casa em um lar dos sonhos<\/strong>, cuidar do seu jardim com carinho, aprender sobre finan\u00e7as pessoais e muito mais. \ud83d\udcda\ud83d\udcb0<\/p>\n<p>N\u00e3o perca mais tempo e junte-se a n\u00f3s para receber conte\u00fados exclusivos e se manter sempre atualizado! \ud83d\udce2\ud83c\udfe0\ud83c\udf3f\ud83c\udfe6. Ingresse <strong><a href=\"https:\/\/t.me\/aarquitetablog\" target=\"_blank\" rel=\"noopener\">aqui<\/a> <\/strong>no Canal da <strong>Arquiteta Blog por <a href=\"https:\/\/www.aarquiteta.com.br\/blog\/quem-e-luciana-paixao-do-blog-aarquiteta-cursos-profissionais\/\" target=\"_blank\" rel=\"noopener\">Luciana Paix\u00e3o<\/a>!<\/strong> \ud83d\udc95<\/p>\n","protected":false},"excerpt":{"rendered":"<p>Olinda, uma das joias hist\u00f3ricas do Brasil, esconde em suas ruas de paralelep\u00edpedos uma rica hist\u00f3ria de arquitetura colonial. Neste artigo, mergulharemos nas ruas de pedra e nas fachadas coloridas desta cidade encantadora para descobrir a hist\u00f3ria por tr\u00e1s de sua arquitetura colonial. Prepare-se para uma viagem no tempo enquanto exploramos como Olinda se tornou [&hellip;]<\/p>\n","protected":false},"author":102,"featured_media":15598,"comment_status":"closed","ping_status":"closed","sticky":false,"template":"","format":"standard","meta":{"footnotes":""},"categories":[144],"tags":[1198,1201,1199,1196,1197,1200],"class_list":["post-15562","post","type-post","status-publish","format-standard","has-post-thumbnail","category-mundo-arquitetura","tag-arquitetura-colonial","tag-barroco","tag-brasil","tag-olinda","tag-pernambuco","tag-portugueses"],"_wp_attached_file":null,"_wp_attachment_metadata":null,"_wp_attachment_context":null,"_wp_attachment_is_custom_header":null,"geo_longitude":null,"geo_public":null,"geo_latitude":null,"_publicize_done_external":null,"_wpas_done_3897181":null,"publicize_twitter_user":null,"_wpas_done_3897175":null,"_wpas_skip_3897181":null,"_wpas_skip_3897175":null,"_wpas_skip_3924723":null,"_wpas_mess":null,"_wpas_done_3924723":null,"wps_subtitle":"Descubra a hist\u00f3ria da arquitetura colonial de Olinda e mergulhe na beleza \u00fanica das igrejas barrocas, fachadas rococ\u00f3 e detalhes encantadores. Uma viagem no tempo no cora\u00e7\u00e3o do Brasil.","_links":{"self":[{"href":"https:\/\/www.aarquiteta.com.br\/blog\/wp-json\/wp\/v2\/posts\/15562","targetHints":{"allow":["GET"]}}],"collection":[{"href":"https:\/\/www.aarquiteta.com.br\/blog\/wp-json\/wp\/v2\/posts"}],"about":[{"href":"https:\/\/www.aarquiteta.com.br\/blog\/wp-json\/wp\/v2\/types\/post"}],"author":[{"embeddable":true,"href":"https:\/\/www.aarquiteta.com.br\/blog\/wp-json\/wp\/v2\/users\/102"}],"replies":[{"embeddable":true,"href":"https:\/\/www.aarquiteta.com.br\/blog\/wp-json\/wp\/v2\/comments?post=15562"}],"version-history":[{"count":2,"href":"https:\/\/www.aarquiteta.com.br\/blog\/wp-json\/wp\/v2\/posts\/15562\/revisions"}],"predecessor-version":[{"id":157976,"href":"https:\/\/www.aarquiteta.com.br\/blog\/wp-json\/wp\/v2\/posts\/15562\/revisions\/157976"}],"wp:featuredmedia":[{"embeddable":true,"href":"https:\/\/www.aarquiteta.com.br\/blog\/wp-json\/wp\/v2\/media\/15598"}],"wp:attachment":[{"href":"https:\/\/www.aarquiteta.com.br\/blog\/wp-json\/wp\/v2\/media?parent=15562"}],"wp:term":[{"taxonomy":"category","embeddable":true,"href":"https:\/\/www.aarquiteta.com.br\/blog\/wp-json\/wp\/v2\/categories?post=15562"},{"taxonomy":"post_tag","embeddable":true,"href":"https:\/\/www.aarquiteta.com.br\/blog\/wp-json\/wp\/v2\/tags?post=15562"}],"curies":[{"name":"wp","href":"https:\/\/api.w.org\/{rel}","templated":true}]}}