{"id":155616,"date":"2025-12-09T17:32:42","date_gmt":"2025-12-09T20:32:42","guid":{"rendered":"https:\/\/www.aarquiteta.com.br\/blog\/tijolo-ecologico-4\/"},"modified":"2025-12-09T17:32:42","modified_gmt":"2025-12-09T20:32:42","slug":"tijolo-ecologico-4","status":"publish","type":"post","link":"https:\/\/www.aarquiteta.com.br\/blog\/tijolo-ecologico-4\/","title":{"rendered":"5 Tend\u00eancias da Constru\u00e7\u00e3o Sustent\u00e1vel"},"content":{"rendered":"<p>Quer saber quais s\u00e3o as <b>tend\u00eancias da constru\u00e7\u00e3o sustent\u00e1vel<\/b>? Aqui voc\u00ea encontra as principais pr\u00e1ticas que est\u00e3o transformando o setor, unindo est\u00e9tica e responsabilidade ambiental.<\/p>\n<figure style=\"width: 1024px\" class=\"wp-caption aligncenter\"><img decoding=\"async\" src=\"https:\/\/www.aarquiteta.com.br\/blog\/wp-content\/uploads\/2025\/12\/tijolo-ecologico01.jpg\" alt=\"tijolo-ecologico\" width=\"1024\" height=\"1024\" title=\"\"><figcaption class=\"wp-caption-text\">tijolo-ecologico<\/figcaption><\/figure>\n<h3>1. Uso de Materiais Recicl\u00e1veis<\/h3>\n<p>Hoje, muitos projetos est\u00e3o apostando na <b>sustentabilidade<\/b> atrav\u00e9s da reutiliza\u00e7\u00e3o de materiais. Paletes de madeira, metais reciclados e at\u00e9 garrafas PET entram no jogo. Isso n\u00e3o s\u00f3 reduz desperd\u00edcios, mas tamb\u00e9m d\u00e1 um toque \u00fanico aos ambientes.<\/p>\n<figure style=\"width: 1024px\" class=\"wp-caption aligncenter\"><img decoding=\"async\" src=\"https:\/\/www.aarquiteta.com.br\/blog\/wp-content\/uploads\/2025\/12\/tijolo-ecologico02.jpg\" alt=\"tijolo-ecologico\" width=\"1024\" height=\"1024\" title=\"\"><figcaption class=\"wp-caption-text\">tijolo-ecologico<\/figcaption><\/figure>\n<h3>2. Impermeabiliza\u00e7\u00e3o Verde<\/h3>\n<p>Outra tend\u00eancia \u00e9 a instala\u00e7\u00e3o de <b>telhados verdes<\/b>. Eles n\u00e3o apenas ajudam na regula\u00e7\u00e3o da temperatura, mas tamb\u00e9m atuam como sistemas de drenagem. Em \u00e1reas urbanas, essa \u00e9 uma solu\u00e7\u00e3o perfeita para combater o aquecimento global.<\/p>\n<figure style=\"width: 1024px\" class=\"wp-caption aligncenter\"><img decoding=\"async\" src=\"https:\/\/www.aarquiteta.com.br\/blog\/wp-content\/uploads\/2025\/12\/tijolo-ecologico03.jpg\" alt=\"tijolo-ecologico\" width=\"1024\" height=\"1024\" title=\"\"><figcaption class=\"wp-caption-text\">tijolo-ecologico<\/figcaption><\/figure>\n<h3>3. Sistemas de Reaproveitamento de \u00c1gua<\/h3>\n<p>Estamos vendo cada vez mais obras implementando <b>sistemas que reaproveitam \u00e1gua da chuva<\/b>. Isso \u00e9 maravilhoso! Ajuda a economizar e d\u00e1 uma m\u00e3ozinha para o meio ambiente. Sabe aquele tempo chuvoso que a gente v\u00ea a \u00e1gua escorrendo? Pois \u00e9, agora pode ser usado para regar as plantas!<\/p>\n<h3>4. Instala\u00e7\u00f5es de Energia Solar<\/h3>\n<p>Adotar pain\u00e9is solares \u00e9 uma pr\u00e1tica crescente que traz economia a longo prazo. Com os <b>custos de energia<\/b> subindo, \u00e9 muito inteligente investir em fontes renov\u00e1veis. A sua obra pode se tornar autossuficiente em energia!<\/p>\n<h3>5. Tecnologias de Constru\u00e7\u00e3o Eficiente<\/h3>\n<p>A tecnologia tamb\u00e9m vem ajudando na constru\u00e7\u00e3o sustent\u00e1vel. Com o uso de softwares e maquin\u00e1rios mais eficientes, as obras podem ser realizadas de maneira <b>mais r\u00e1pida<\/b> e <b>menos agressiva<\/b> ao meio ambiente.<\/p>\n<table>\n<thead>\n<tr>\n<th>Tend\u00eancia<\/th>\n<th>Benef\u00edcios<\/th>\n<\/tr>\n<\/thead>\n<tbody>\n<tr>\n<td>Materiais Recicl\u00e1veis<\/td>\n<td>Redu\u00e7\u00e3o de desperd\u00edcio e est\u00e9tica \u00fanica<\/td>\n<\/tr>\n<tr>\n<td>Telhados Verdes<\/td>\n<td>Regula\u00e7\u00e3o da temperatura e drenagem eficiente<\/td>\n<\/tr>\n<tr>\n<td>Reaproveitamento de \u00c1gua<\/td>\n<td>Economia e sustentabilidade<\/td>\n<\/tr>\n<tr>\n<td>Energia Solar<\/td>\n<td>Autossufici\u00eancia e redu\u00e7\u00e3o de custos<\/td>\n<\/tr>\n<tr>\n<td>Tecnologias Eficientes<\/td>\n<td>Constru\u00e7\u00e3o mais r\u00e1pida e menos agressiva<\/td>\n<\/tr>\n<\/tbody>\n<\/table>\n<p>Com todas essas <b>tend\u00eancias<\/b>, fica claro que a constru\u00e7\u00e3o sustent\u00e1vel n\u00e3o \u00e9 s\u00f3 uma moda passageira. \u00c9 uma necessidade para um futuro melhor! Agora que voc\u00ea conhece essas pr\u00e1ticas, que tal pensar em aplicar algumas delas na sua pr\u00f3xima obra?<\/p>\n<p>Se voc\u00ea curtiu, deixe um coment\u00e1rio e compartilhe suas experi\u00eancias ou d\u00favidas sobre a constru\u00e7\u00e3o sustent\u00e1vel!<\/p>\n<p>https:\/\/www.youtube.com\/watch?v=<\/p>\n<p>Para mais conte\u00fados legais sobre arquitetura e decora\u00e7\u00e3o, n\u00e3o deixe de conferir outros artigos aqui no blog!<\/p>\n","protected":false},"excerpt":{"rendered":"<p>5 Tend\u00eancias da Constru\u00e7\u00e3o Sustent\u00e1vel<\/p>\n","protected":false},"author":102,"featured_media":155613,"comment_status":"open","ping_status":"","sticky":false,"template":"","format":"standard","meta":{"footnotes":""},"categories":[249,1484],"tags":[],"class_list":["post-155616","post","type-post","status-publish","format-standard","has-post-thumbnail","category-engenharia-e-construcao-civil","category-decoracao"],"_wp_attached_file":null,"_wp_attachment_metadata":null,"_wp_attachment_context":null,"_wp_attachment_is_custom_header":null,"geo_longitude":null,"geo_public":null,"geo_latitude":null,"_publicize_done_external":null,"_wpas_done_3897181":null,"publicize_twitter_user":null,"_wpas_done_3897175":null,"_wpas_skip_3897181":null,"_wpas_skip_3897175":null,"_wpas_skip_3924723":null,"_wpas_mess":null,"_wpas_done_3924723":null,"wps_subtitle":"","_links":{"self":[{"href":"https:\/\/www.aarquiteta.com.br\/blog\/wp-json\/wp\/v2\/posts\/155616","targetHints":{"allow":["GET"]}}],"collection":[{"href":"https:\/\/www.aarquiteta.com.br\/blog\/wp-json\/wp\/v2\/posts"}],"about":[{"href":"https:\/\/www.aarquiteta.com.br\/blog\/wp-json\/wp\/v2\/types\/post"}],"author":[{"embeddable":true,"href":"https:\/\/www.aarquiteta.com.br\/blog\/wp-json\/wp\/v2\/users\/102"}],"replies":[{"embeddable":true,"href":"https:\/\/www.aarquiteta.com.br\/blog\/wp-json\/wp\/v2\/comments?post=155616"}],"version-history":[{"count":0,"href":"https:\/\/www.aarquiteta.com.br\/blog\/wp-json\/wp\/v2\/posts\/155616\/revisions"}],"wp:featuredmedia":[{"embeddable":true,"href":"https:\/\/www.aarquiteta.com.br\/blog\/wp-json\/wp\/v2\/media\/155613"}],"wp:attachment":[{"href":"https:\/\/www.aarquiteta.com.br\/blog\/wp-json\/wp\/v2\/media?parent=155616"}],"wp:term":[{"taxonomy":"category","embeddable":true,"href":"https:\/\/www.aarquiteta.com.br\/blog\/wp-json\/wp\/v2\/categories?post=155616"},{"taxonomy":"post_tag","embeddable":true,"href":"https:\/\/www.aarquiteta.com.br\/blog\/wp-json\/wp\/v2\/tags?post=155616"}],"curies":[{"name":"wp","href":"https:\/\/api.w.org\/{rel}","templated":true}]}}