{"id":155569,"date":"2025-12-07T07:31:55","date_gmt":"2025-12-07T10:31:55","guid":{"rendered":"https:\/\/www.aarquiteta.com.br\/blog\/espelhos-organicos-2\/"},"modified":"2025-12-07T07:31:55","modified_gmt":"2025-12-07T10:31:55","slug":"espelhos-organicos-2","status":"publish","type":"post","link":"https:\/\/www.aarquiteta.com.br\/blog\/espelhos-organicos-2\/","title":{"rendered":"7 inova\u00e7\u00f5es em espelhos org\u00e2nicos que v\u00e3o transformar sua decora\u00e7\u00e3o"},"content":{"rendered":"<p>Os <b>espelhos org\u00e2nicos<\/b> est\u00e3o transformando a decora\u00e7\u00e3o dos ambientes, trazendo um toque moderno e natural. Eles s\u00e3o ideais para criar espa\u00e7os mais amplos e convidativos.<\/p>\n<figure style=\"width: 1024px\" class=\"wp-caption aligncenter\"><img decoding=\"async\" src=\"https:\/\/www.aarquiteta.com.br\/blog\/wp-content\/uploads\/2025\/12\/espelhos-organicos01.jpg\" alt=\"espelhos-organicos\" width=\"1024\" height=\"1024\" title=\"\"><figcaption class=\"wp-caption-text\">espelhos-organicos<\/figcaption><\/figure>\n<h3>O que s\u00e3o espelhos org\u00e2nicos?<\/h3>\n<p>Os <b>espelhos org\u00e2nicos<\/b> s\u00e3o pe\u00e7as que fugem das formas geom\u00e9tricas tradicionais. Com <b>linhas flu\u00eddas<\/b> e design arrojado, eles conferem uma <b>personalidade \u00fanica<\/b> \u00e0 decora\u00e7\u00e3o. S\u00e3o vers\u00e1teis e podem se adaptar a diversos estilos, desde o contempor\u00e2neo at\u00e9 o minimalista.<\/p>\n<figure style=\"width: 1024px\" class=\"wp-caption aligncenter\"><img decoding=\"async\" src=\"https:\/\/www.aarquiteta.com.br\/blog\/wp-content\/uploads\/2025\/12\/espelhos-organicos02.jpg\" alt=\"espelhos-organicos\" width=\"1024\" height=\"1024\" title=\"\"><figcaption class=\"wp-caption-text\">espelhos-organicos<\/figcaption><\/figure>\n<h3>Vantagens dos espelhos org\u00e2nicos<\/h3>\n<ul>\n<li><b>Amplitude visual<\/b>: Criam a sensa\u00e7\u00e3o de um ambiente maior.<\/li>\n<li><b>Estilo sofisticado<\/b>: Atraem olhares pela sua est\u00e9tica diferenciada.<\/li>\n<li><b>Versatilidade<\/b>: Podem ser usados em diferentes ambientes, como banheiros e salas.<\/li>\n<\/ul>\n<h3>7 inova\u00e7\u00f5es em espelhos org\u00e2nicos que v\u00e3o surpreender voc\u00ea<\/h3>\n<ol>\n<li><b>Ilumina\u00e7\u00e3o embutida<\/b>: Espelhos com ilumina\u00e7\u00e3o LED que criam um efeito moderno.<\/li>\n<li><b>Materiais sustent\u00e1veis<\/b>: Modelos feitos com madeira de reflorestamento ou acr\u00edlico recicl\u00e1vel.<\/li>\n<li><b>Espelhos interativos<\/b>: Modelos que permitem intera\u00e7\u00e3o, como espelhos com touch screen.<\/li>\n<li><b>Formas assim\u00e9tricas<\/b>: Designs que n\u00e3o seguem padr\u00f5es, trazendo <b>originalidade<\/b>.<\/li>\n<li><b>Efeito 3D<\/b>: Espelhos com texturas que criam profundidade.<\/li>\n<li><b>Acabamentos metalizados<\/b>: Espelhos com molduras em dourado ou prateado, adicionando um toque de <b>luxo<\/b>.<\/li>\n<li><b>Impress\u00f5es personalizadas<\/b>: Possibilidade de personalizar com desenhos ou fotos.<\/li>\n<\/ol>\n<h3>Tabela de inova\u00e7\u00f5es em espelhos org\u00e2nicos<\/h3>\n<table>\n<tr>\n<th>Inova\u00e7\u00e3o<\/th>\n<th>Benef\u00edcio<\/th>\n<\/tr>\n<tr>\n<td>Ilumina\u00e7\u00e3o embutida<\/td>\n<td>Cria um clima acolhedor e moderno.<\/td>\n<\/tr>\n<tr>\n<td>Materiais sustent\u00e1veis<\/td>\n<td>Contribui para a preserva\u00e7\u00e3o ambiental.<\/td>\n<\/tr>\n<tr>\n<td>Espelhos interativos<\/td>\n<td>Facilitam e modernizam o dia a dia.<\/td>\n<\/tr>\n<tr>\n<td>Formas assim\u00e9tricas<\/td>\n<td>Adicionam originalidade \u00e0 decora\u00e7\u00e3o.<\/td>\n<\/tr>\n<tr>\n<td>Efeito 3D<\/td>\n<td>Criam sensa\u00e7\u00e3o de profundidade no ambiente.<\/td>\n<\/tr>\n<tr>\n<td>Acabamentos metalizados<\/td>\n<td>Proporcionam um visual luxuoso e elegante.<\/td>\n<\/tr>\n<tr>\n<td>Impress\u00f5es personalizadas<\/td>\n<td>Trazem um toque pessoal e \u00fanico.<\/td>\n<\/tr>\n<\/table>\n<h3>Onde comprar espelhos org\u00e2nicos?<\/h3>\n<p>Os pre\u00e7os dos <b>espelhos org\u00e2nicos<\/b> podem variar bastante, geralmente entre R$ 200 e R$ 900. Algumas lojas online oferecem uma vasta gama de op\u00e7\u00f5es. Vale a pena dar uma olhadinha para encontrar o modelo que mais combina com seu espa\u00e7o!<\/p>\n<figure style=\"width: 1024px\" class=\"wp-caption aligncenter\"><img decoding=\"async\" src=\"https:\/\/www.aarquiteta.com.br\/blog\/wp-content\/uploads\/2025\/12\/espelhos-organicos03.jpg\" alt=\"espelhos-organicos\" width=\"1024\" height=\"1024\" title=\"\"><figcaption class=\"wp-caption-text\">espelhos-organicos<\/figcaption><\/figure>\n<p>Agora que voc\u00ea conhece as inova\u00e7\u00f5es em <b>espelhos org\u00e2nicos<\/b>, que tal come\u00e7ar a transformar sua decora\u00e7\u00e3o? Com certeza, esses espelhos trar\u00e3o um novo ar ao seu ambiente! Explore as op\u00e7\u00f5es e crie um espa\u00e7o que seja a sua cara.<\/p>\n<p><div class=\"youtube-embed\" data-video_id=\"7G-xjp3yB5c\"><iframe title=\"Descubra o Espelho Org\u00e2nico Flutuante com LED para Quarto! \ud83c\udf1f SHOW GLASS #decora\u00e7\u00e3o #espelhoorg\u00e2nico\" width=\"696\" height=\"392\" src=\"https:\/\/www.youtube.com\/embed\/7G-xjp3yB5c?feature=oembed&#038;enablejsapi=1\" frameborder=\"0\" allow=\"accelerometer; autoplay; clipboard-write; encrypted-media; gyroscope; picture-in-picture; web-share\" referrerpolicy=\"strict-origin-when-cross-origin\" allowfullscreen><\/iframe><\/div><\/p>\n","protected":false},"excerpt":{"rendered":"<p>7 inova\u00e7\u00f5es em espelhos org\u00e2nicos que v\u00e3o transformar sua decora\u00e7\u00e3o<\/p>\n","protected":false},"author":102,"featured_media":155566,"comment_status":"open","ping_status":"","sticky":false,"template":"","format":"standard","meta":{"footnotes":""},"categories":[1484],"tags":[],"class_list":["post-155569","post","type-post","status-publish","format-standard","has-post-thumbnail","category-decoracao"],"_wp_attached_file":null,"_wp_attachment_metadata":null,"_wp_attachment_context":null,"_wp_attachment_is_custom_header":null,"geo_longitude":null,"geo_public":null,"geo_latitude":null,"_publicize_done_external":null,"_wpas_done_3897181":null,"publicize_twitter_user":null,"_wpas_done_3897175":null,"_wpas_skip_3897181":null,"_wpas_skip_3897175":null,"_wpas_skip_3924723":null,"_wpas_mess":null,"_wpas_done_3924723":null,"wps_subtitle":"","_links":{"self":[{"href":"https:\/\/www.aarquiteta.com.br\/blog\/wp-json\/wp\/v2\/posts\/155569","targetHints":{"allow":["GET"]}}],"collection":[{"href":"https:\/\/www.aarquiteta.com.br\/blog\/wp-json\/wp\/v2\/posts"}],"about":[{"href":"https:\/\/www.aarquiteta.com.br\/blog\/wp-json\/wp\/v2\/types\/post"}],"author":[{"embeddable":true,"href":"https:\/\/www.aarquiteta.com.br\/blog\/wp-json\/wp\/v2\/users\/102"}],"replies":[{"embeddable":true,"href":"https:\/\/www.aarquiteta.com.br\/blog\/wp-json\/wp\/v2\/comments?post=155569"}],"version-history":[{"count":0,"href":"https:\/\/www.aarquiteta.com.br\/blog\/wp-json\/wp\/v2\/posts\/155569\/revisions"}],"wp:featuredmedia":[{"embeddable":true,"href":"https:\/\/www.aarquiteta.com.br\/blog\/wp-json\/wp\/v2\/media\/155566"}],"wp:attachment":[{"href":"https:\/\/www.aarquiteta.com.br\/blog\/wp-json\/wp\/v2\/media?parent=155569"}],"wp:term":[{"taxonomy":"category","embeddable":true,"href":"https:\/\/www.aarquiteta.com.br\/blog\/wp-json\/wp\/v2\/categories?post=155569"},{"taxonomy":"post_tag","embeddable":true,"href":"https:\/\/www.aarquiteta.com.br\/blog\/wp-json\/wp\/v2\/tags?post=155569"}],"curies":[{"name":"wp","href":"https:\/\/api.w.org\/{rel}","templated":true}]}}