{"id":155541,"date":"2025-12-05T17:32:35","date_gmt":"2025-12-05T20:32:35","guid":{"rendered":"https:\/\/www.aarquiteta.com.br\/blog\/pedra-mineira-4\/"},"modified":"2025-12-05T17:32:35","modified_gmt":"2025-12-05T20:32:35","slug":"pedra-mineira-4","status":"publish","type":"post","link":"https:\/\/www.aarquiteta.com.br\/blog\/pedra-mineira-4\/","title":{"rendered":"As 10 Melhores Aplica\u00e7\u00f5es da Pedra Mineira"},"content":{"rendered":"<p>A pedra mineira \u00e9 uma escolha incr\u00edvel para dar mais charme e estilo \u00e0 sua casa. Neste artigo, vou compartilhar as 10 melhores aplica\u00e7\u00f5es dessa bela pedra. Vamos juntos descobrir como ela pode transformar os ambientes!<\/p>\n<figure style=\"width: 1024px\" class=\"wp-caption aligncenter\"><img decoding=\"async\" src=\"https:\/\/www.aarquiteta.com.br\/blog\/wp-content\/uploads\/2025\/12\/pedra-mineira01.jpg\" alt=\"pedra-mineira\" width=\"1024\" height=\"1024\" title=\"\"><figcaption class=\"wp-caption-text\">pedra-mineira<\/figcaption><\/figure>\n<h3>1. Revestimento de Paredes Externas<\/h3>\n<p>Uma das <b>aplica\u00e7\u00f5es mais charmosas<\/b> da pedra mineira \u00e9 no revestimento de paredes externas. Ela traz um toque r\u00fastico e sofisticado ao mesmo tempo.<\/p>\n<figure style=\"width: 1024px\" class=\"wp-caption aligncenter\"><img decoding=\"async\" src=\"https:\/\/www.aarquiteta.com.br\/blog\/wp-content\/uploads\/2025\/12\/pedra-mineira02.jpg\" alt=\"pedra-mineira\" width=\"1024\" height=\"1024\" title=\"\"><figcaption class=\"wp-caption-text\">pedra-mineira<\/figcaption><\/figure>\n<h3>2. Piso para \u00c1reas Externas<\/h3>\n<p>Utilizar a pedra mineira como <b>piso em quintais e p\u00e1tios<\/b> \u00e9 uma \u00f3tima forma de unir beleza e resist\u00eancia. A durabilidade dela \u00e9 um grande atrativo.<\/p>\n<figure style=\"width: 1024px\" class=\"wp-caption aligncenter\"><img decoding=\"async\" src=\"https:\/\/www.aarquiteta.com.br\/blog\/wp-content\/uploads\/2025\/12\/pedra-mineira03.jpg\" alt=\"pedra-mineira\" width=\"1024\" height=\"1024\" title=\"\"><figcaption class=\"wp-caption-text\">pedra-mineira<\/figcaption><\/figure>\n<h3>3. Blend em Borda de Piscinas<\/h3>\n<p>Ideal para <b>bordas de piscinas<\/b>, a pedra mineira ajuda a prevenir escorreg\u00f5es e ainda comp\u00f5e um visual lindo de se ver. Quem n\u00e3o ama um visual harmonioso, n\u00e3o \u00e9 mesmo?<\/p>\n<h3>4. Caminhos no Jardim<\/h3>\n<p>Voc\u00ea pode us\u00e1-la para criar <b>caminhos encantadores em jardins<\/b>, conectando diferentes \u00e1reas da sua casa. Uma ideia pr\u00e1tica e visualmente agrad\u00e1vel.<\/p>\n<h3>5. \u00c1rea de Lazer<\/h3>\n<p>Transformar a \u00e1rea de lazer da sua casa com pedra mineira \u00e9 uma excelente op\u00e7\u00e3o. Ela proporciona um ambiente <b>acolhedor e elegante<\/b>.<\/p>\n<h3>6. Escadas<\/h3>\n<p>Outro uso interessante \u00e9 nas <b>escadas externas<\/b>. Combinando funcionalidade e est\u00e9tica, \u00e9 uma solu\u00e7\u00e3o moderna que todos v\u00e3o adorar.<\/p>\n<h3>7. Mosaico Decorativo<\/h3>\n<p>Um mosaico de pedra mineira pode dar um toque de <b>arte e personalidade<\/b> \u00e0s fachadas, sendo uma solu\u00e7\u00e3o charmosa e diferente para a decora\u00e7\u00e3o.<\/p>\n<p><div class=\"youtube-embed\" data-video_id=\"FlVQdO1J15o\"><iframe title=\"como assentar caco de pedra mineira s\u00e3o tome\" width=\"696\" height=\"392\" src=\"https:\/\/www.youtube.com\/embed\/FlVQdO1J15o?feature=oembed&#038;enablejsapi=1\" frameborder=\"0\" allow=\"accelerometer; autoplay; clipboard-write; encrypted-media; gyroscope; picture-in-picture; web-share\" referrerpolicy=\"strict-origin-when-cross-origin\" allowfullscreen><\/iframe><\/div>\n<\/p>\n<h3>8. Aconchegante Varanda<\/h3>\n<p>A pedra mineira confere um ar r\u00fastico para varandas, tornando o espa\u00e7o <b>aconchegante e perfeito<\/b> para receber amigos e familiares.<\/p>\n<h3>9. Cozinhas Gourmet<\/h3>\n<p>Em cozinhas gourmet, usar a pedra mineira como revestimento pode criar um efeito <b>destacado e sofisticado<\/b>, ressaltando o estilo do ambiente.<\/p>\n<h3>10. Jardinagem e Paisagismo<\/h3>\n<p>Por fim, \u00e9 poss\u00edvel usar a pedra mineira no paisagismo, como elementos decorativos em canteiros, que garantem um <b>visual encantador<\/b>.<\/p>\n<table>\n<tr>\n<th><b>Aplica\u00e7\u00e3o<\/b><\/th>\n<th><b>Benef\u00edcios<\/b><\/th>\n<\/tr>\n<tr>\n<td>Parede Externa<\/td>\n<td>Estilo r\u00fastico e sofisticado<\/td>\n<\/tr>\n<tr>\n<td>Piso Externo<\/td>\n<td>Beleza e resist\u00eancia<\/td>\n<\/tr>\n<tr>\n<td>Borda de Piscina<\/td>\n<td>Seguran\u00e7a e est\u00e9tica<\/td>\n<\/tr>\n<tr>\n<td>Caminhos de Jardim<\/td>\n<td>Pr\u00e1tico e agrad\u00e1vel visualmente<\/td>\n<\/tr>\n<tr>\n<td>\u00c1rea de Lazer<\/td>\n<td>Aconchego e eleg\u00e2ncia<\/td>\n<\/tr>\n<tr>\n<td>Escadas Externas<\/td>\n<td>Funcionalidade com est\u00e9tica<\/td>\n<\/tr>\n<tr>\n<td>Mosaico Decorativo<\/td>\n<td>Toque art\u00edstico e pessoal<\/td>\n<\/tr>\n<tr>\n<td>Varanda<\/td>\n<td>Acolhedor<\/td>\n<\/tr>\n<tr>\n<td>Cozinha Gourmet<\/td>\n<td>Estilo destacado<\/td>\n<\/tr>\n<tr>\n<td>Paisagismo<\/td>\n<td>Visual encantador<\/td>\n<\/tr>\n<\/table>\n<p>Agora que voc\u00ea conheceu as <b>10 melhores aplica\u00e7\u00f5es da pedra mineira<\/b>, que tal considerar uma dessas ideias para a sua casa? Um acabamento com pedra mineira pode fazer toda a diferen\u00e7a. <b>Comente abaixo<\/b> suas impress\u00f5es e compartilhe suas ideias!<\/p>\n","protected":false},"excerpt":{"rendered":"<p>As 10 Melhores Aplica\u00e7\u00f5es da Pedra Mineira<\/p>\n","protected":false},"author":102,"featured_media":155538,"comment_status":"open","ping_status":"","sticky":false,"template":"","format":"standard","meta":{"footnotes":""},"categories":[249,1484],"tags":[],"class_list":["post-155541","post","type-post","status-publish","format-standard","has-post-thumbnail","category-engenharia-e-construcao-civil","category-decoracao"],"_wp_attached_file":null,"_wp_attachment_metadata":null,"_wp_attachment_context":null,"_wp_attachment_is_custom_header":null,"geo_longitude":null,"geo_public":null,"geo_latitude":null,"_publicize_done_external":null,"_wpas_done_3897181":null,"publicize_twitter_user":null,"_wpas_done_3897175":null,"_wpas_skip_3897181":null,"_wpas_skip_3897175":null,"_wpas_skip_3924723":null,"_wpas_mess":null,"_wpas_done_3924723":null,"wps_subtitle":"","_links":{"self":[{"href":"https:\/\/www.aarquiteta.com.br\/blog\/wp-json\/wp\/v2\/posts\/155541","targetHints":{"allow":["GET"]}}],"collection":[{"href":"https:\/\/www.aarquiteta.com.br\/blog\/wp-json\/wp\/v2\/posts"}],"about":[{"href":"https:\/\/www.aarquiteta.com.br\/blog\/wp-json\/wp\/v2\/types\/post"}],"author":[{"embeddable":true,"href":"https:\/\/www.aarquiteta.com.br\/blog\/wp-json\/wp\/v2\/users\/102"}],"replies":[{"embeddable":true,"href":"https:\/\/www.aarquiteta.com.br\/blog\/wp-json\/wp\/v2\/comments?post=155541"}],"version-history":[{"count":0,"href":"https:\/\/www.aarquiteta.com.br\/blog\/wp-json\/wp\/v2\/posts\/155541\/revisions"}],"wp:featuredmedia":[{"embeddable":true,"href":"https:\/\/www.aarquiteta.com.br\/blog\/wp-json\/wp\/v2\/media\/155538"}],"wp:attachment":[{"href":"https:\/\/www.aarquiteta.com.br\/blog\/wp-json\/wp\/v2\/media?parent=155541"}],"wp:term":[{"taxonomy":"category","embeddable":true,"href":"https:\/\/www.aarquiteta.com.br\/blog\/wp-json\/wp\/v2\/categories?post=155541"},{"taxonomy":"post_tag","embeddable":true,"href":"https:\/\/www.aarquiteta.com.br\/blog\/wp-json\/wp\/v2\/tags?post=155541"}],"curies":[{"name":"wp","href":"https:\/\/api.w.org\/{rel}","templated":true}]}}