{"id":155520,"date":"2025-12-04T17:32:13","date_gmt":"2025-12-04T20:32:13","guid":{"rendered":"https:\/\/www.aarquiteta.com.br\/blog\/paredes-com-textura-4\/"},"modified":"2025-12-04T17:32:13","modified_gmt":"2025-12-04T20:32:13","slug":"paredes-com-textura-4","status":"publish","type":"post","link":"https:\/\/www.aarquiteta.com.br\/blog\/paredes-com-textura-4\/","title":{"rendered":"10 Inspira\u00e7\u00f5es para Paredes com Textura que Transformam Seu Espa\u00e7o"},"content":{"rendered":"<p><b>Paredes com textura podem transformar qualquer ambiente!<\/b> Com op\u00e7\u00f5es criativas e estilosas, esse detalhe pode ser o que faltava na sua decora\u00e7\u00e3o. Vamos explorar 10 inspira\u00e7\u00f5es para voc\u00ea.<\/p>\n<figure style=\"width: 1024px\" class=\"wp-caption aligncenter\"><img decoding=\"async\" src=\"https:\/\/www.aarquiteta.com.br\/blog\/wp-content\/uploads\/2025\/12\/paredes-com-textura01.jpg\" alt=\"paredes-com-textura\" width=\"1024\" height=\"1024\" title=\"\"><figcaption class=\"wp-caption-text\">paredes-com-textura<\/figcaption><\/figure>\n<h3>Por que escolher paredes com textura?<\/h3>\n<p>Paredes com textura s\u00e3o a <b>solu\u00e7\u00e3o perfeita<\/b> para quem busca inovar no design de interiores. Elas n\u00e3o apenas embelezam o espa\u00e7o, mas tamb\u00e9m corrige imperfei\u00e7\u00f5es e oferecem <b>m\u00faltiplas op\u00e7\u00f5es de estilo<\/b>. Seja em uma sala, quarto ou \u00e1rea externa, essas texturas s\u00e3o funcionais e atraentes.<\/p>\n<figure style=\"width: 1024px\" class=\"wp-caption aligncenter\"><img decoding=\"async\" src=\"https:\/\/www.aarquiteta.com.br\/blog\/wp-content\/uploads\/2025\/12\/paredes-com-textura02.jpg\" alt=\"paredes-com-textura\" width=\"1024\" height=\"1024\" title=\"\"><figcaption class=\"wp-caption-text\">paredes-com-textura<\/figcaption><\/figure>\n<h3>1. Efeito cimento queimado<\/h3>\n<p>O <b>cimento queimado<\/b> \u00e9 uma tend\u00eancia que traz um ar industrial. F\u00e1cil de aplicar, ele combina com muitos estilos de decora\u00e7\u00e3o e \u00e9 muito resistente.<\/p>\n<figure style=\"width: 1024px\" class=\"wp-caption aligncenter\"><img decoding=\"async\" src=\"https:\/\/www.aarquiteta.com.br\/blog\/wp-content\/uploads\/2025\/12\/paredes-com-textura03.jpg\" alt=\"paredes-com-textura\" width=\"1024\" height=\"1024\" title=\"\"><figcaption class=\"wp-caption-text\">paredes-com-textura<\/figcaption><\/figure>\n<h3>2. Textura grafiato<\/h3>\n<p>Ideal para \u00e1reas internas e externas, o <b>grafiato<\/b> d\u00e1 um toque elegante ao ambiente. A versatilidade nas cores torna essa op\u00e7\u00e3o ainda mais popular.<\/p>\n<h3>3. O charme do marmorato<\/h3>\n<p>Para quem busca sofistica\u00e7\u00e3o, o <b>efeito marmorato<\/b> simula a apar\u00eancia do m\u00e1rmore. Al\u00e9m de lindo, traz uma sensa\u00e7\u00e3o de luxo incompar\u00e1vel!<\/p>\n<h3>4. Textura projetada<\/h3>\n<p>A <b>textura projetada<\/b> oferece um aspecto r\u00fastico e \u00e9 perfeita para fachadas. Al\u00e9m de est\u00e9tica, \u00e9 uma prote\u00e7\u00e3o contra as intemp\u00e9ries.<\/p>\n<h3>5. Criatividade na sala de estar<\/h3>\n<p>Nas salas, texturas como o <b>marmorato rosa<\/b> ou <b>camur\u00e7a<\/b> conseguem inovar ao mesmo tempo que criam um ambiente aconchegante e \u00fanico.<\/p>\n<h3>6. Variedade de cores e padr\u00f5es<\/h3>\n<p>Voc\u00ea pode <b>brincar com combina\u00e7\u00f5es<\/b> de cores e padr\u00f5es para criar um espa\u00e7o diferenciado, fazendo com que as paredes se tornem verdadeiras obras de arte.<\/p>\n<p><div class=\"youtube-embed\" data-video_id=\"_-eHSSMSPp0\"><iframe title=\"Excelente t\u00e9cnica para hacer dise\u00f1os de textura en las paredes \ud83d\udc4f #construction #skills #usa #mexico\" width=\"696\" height=\"392\" src=\"https:\/\/www.youtube.com\/embed\/_-eHSSMSPp0?feature=oembed&#038;enablejsapi=1\" frameborder=\"0\" allow=\"accelerometer; autoplay; clipboard-write; encrypted-media; gyroscope; picture-in-picture; web-share\" referrerpolicy=\"strict-origin-when-cross-origin\" allowfullscreen><\/iframe><\/div>\n<\/p>\n<h3>7. Aventura no quarto infantil<\/h3>\n<p>No quarto das crian\u00e7as, texturas suaves em cores alegres criam um espa\u00e7o l\u00fadico que estimula a criatividade e o desenvolvimento.<\/p>\n<h3>8. Charmosos muros de jardim<\/h3>\n<p>A textura \u00e9 uma excelente maneira de <b>embelezar muros de jardim<\/b>, trazendo eleg\u00e2ncia e um toque de natureza ao ambiente.<\/p>\n<h3>9. Toque r\u00fastico para varandas<\/h3>\n<p>No estilo r\u00fastico, texturas como a <b>de barro<\/b> ou <b>cimento queimado<\/b> fazem maravilhas em varandas, tornando-as mais acolhedoras.<\/p>\n<h3>10. Perfeito para \u00e1reas gourmet<\/h3>\n<p>Utilizar texturas na \u00e1rea gourmet n\u00e3o s\u00f3 enriquece a decora\u00e7\u00e3o, mas tamb\u00e9m contribui para um ambiente <b>convidativo<\/b> e \u00f3timo para receber amigos.<\/p>\n<table>\n<tr>\n<th>Tipo de Textura<\/th>\n<th>Estilo<\/th>\n<th>Aplica\u00e7\u00e3o<\/th>\n<\/tr>\n<tr>\n<td>Cimento Queimado<\/td>\n<td>Industrial<\/td>\n<td>Interna e Externa<\/td>\n<\/tr>\n<tr>\n<td>Grafiato<\/td>\n<td>Elegante<\/td>\n<td>Interna e Externa<\/td>\n<\/tr>\n<tr>\n<td>Marmorato<\/td>\n<td>Sofisticado<\/td>\n<td>Interna<\/td>\n<\/tr>\n<tr>\n<td>Textura Projetada<\/td>\n<td>R\u00fastica<\/td>\n<td>Externa<\/td>\n<\/tr>\n<\/table>\n<p>Com essas dicas, <b>transformar sua casa<\/b> ficou muito mais f\u00e1cil e divertido! Aplique a criatividade e escolha a textura que mais combina com o seu estilo. N\u00e3o hesite em compartilhar suas ideias ou comentar sobre suas etapas de aplica\u00e7\u00e3o!<\/p>\n<p>Se interessou por mais conte\u00fados sobre decora\u00e7\u00e3o? Fique ligado no nosso blog e deixe sua casa ainda mais especial!<\/p>\n","protected":false},"excerpt":{"rendered":"<p>10 Inspira\u00e7\u00f5es para Paredes com Textura que Transformam Seu Espa\u00e7o<\/p>\n","protected":false},"author":102,"featured_media":155517,"comment_status":"open","ping_status":"","sticky":false,"template":"","format":"standard","meta":{"footnotes":""},"categories":[249,1484],"tags":[],"class_list":["post-155520","post","type-post","status-publish","format-standard","has-post-thumbnail","category-engenharia-e-construcao-civil","category-decoracao"],"_wp_attached_file":null,"_wp_attachment_metadata":null,"_wp_attachment_context":null,"_wp_attachment_is_custom_header":null,"geo_longitude":null,"geo_public":null,"geo_latitude":null,"_publicize_done_external":null,"_wpas_done_3897181":null,"publicize_twitter_user":null,"_wpas_done_3897175":null,"_wpas_skip_3897181":null,"_wpas_skip_3897175":null,"_wpas_skip_3924723":null,"_wpas_mess":null,"_wpas_done_3924723":null,"wps_subtitle":"","_links":{"self":[{"href":"https:\/\/www.aarquiteta.com.br\/blog\/wp-json\/wp\/v2\/posts\/155520","targetHints":{"allow":["GET"]}}],"collection":[{"href":"https:\/\/www.aarquiteta.com.br\/blog\/wp-json\/wp\/v2\/posts"}],"about":[{"href":"https:\/\/www.aarquiteta.com.br\/blog\/wp-json\/wp\/v2\/types\/post"}],"author":[{"embeddable":true,"href":"https:\/\/www.aarquiteta.com.br\/blog\/wp-json\/wp\/v2\/users\/102"}],"replies":[{"embeddable":true,"href":"https:\/\/www.aarquiteta.com.br\/blog\/wp-json\/wp\/v2\/comments?post=155520"}],"version-history":[{"count":0,"href":"https:\/\/www.aarquiteta.com.br\/blog\/wp-json\/wp\/v2\/posts\/155520\/revisions"}],"wp:featuredmedia":[{"embeddable":true,"href":"https:\/\/www.aarquiteta.com.br\/blog\/wp-json\/wp\/v2\/media\/155517"}],"wp:attachment":[{"href":"https:\/\/www.aarquiteta.com.br\/blog\/wp-json\/wp\/v2\/media?parent=155520"}],"wp:term":[{"taxonomy":"category","embeddable":true,"href":"https:\/\/www.aarquiteta.com.br\/blog\/wp-json\/wp\/v2\/categories?post=155520"},{"taxonomy":"post_tag","embeddable":true,"href":"https:\/\/www.aarquiteta.com.br\/blog\/wp-json\/wp\/v2\/tags?post=155520"}],"curies":[{"name":"wp","href":"https:\/\/api.w.org\/{rel}","templated":true}]}}