{"id":155502,"date":"2025-12-03T17:31:47","date_gmt":"2025-12-03T20:31:47","guid":{"rendered":"https:\/\/www.aarquiteta.com.br\/blog\/ceramica-para-parede-3\/"},"modified":"2025-12-03T17:31:47","modified_gmt":"2025-12-03T20:31:47","slug":"ceramica-para-parede-3","status":"publish","type":"post","link":"https:\/\/www.aarquiteta.com.br\/blog\/ceramica-para-parede-3\/","title":{"rendered":"10 Inspira\u00e7\u00f5es de Cer\u00e2mica para Transformar Suas Paredes"},"content":{"rendered":"<p>Voc\u00ea quer **transformar suas paredes** com cer\u00e2mica e dar um toque \u00fanico \u00e0 sua casa? Ent\u00e3o, este texto \u00e9 para voc\u00ea! Vamos explorar **10 inspira\u00e7\u00f5es incr\u00edveis** que v\u00e3o renovar seus ambientes e deix\u00e1-los cheios de estilo.<\/p>\n<figure style=\"width: 1024px\" class=\"wp-caption aligncenter\"><img decoding=\"async\" src=\"https:\/\/www.aarquiteta.com.br\/blog\/wp-content\/uploads\/2025\/12\/ceramica-para-parede01.jpg\" alt=\"ceramica-para-parede\" width=\"1024\" height=\"1024\" title=\"\"><figcaption class=\"wp-caption-text\">ceramica-para-parede<\/figcaption><\/figure>\n<h3>1. Cer\u00e2micas na Cozinha: Praticidade e Estilo<\/h3>\n<p>As cer\u00e2micas na cozinha s\u00e3o a aposta perfeita! Al\u00e9m de serem **f\u00e1ceis de limpar**, elas trazem um charme todo especial. Opte por **cores vibrantes** ou padr\u00f5es modernos que se destacam, garantindo um espa\u00e7o aconchegante.<\/p>\n<figure style=\"width: 1024px\" class=\"wp-caption aligncenter\"><img decoding=\"async\" src=\"https:\/\/www.aarquiteta.com.br\/blog\/wp-content\/uploads\/2025\/12\/ceramica-para-parede02.jpg\" alt=\"ceramica-para-parede\" width=\"1024\" height=\"1024\" title=\"\"><figcaption class=\"wp-caption-text\">ceramica-para-parede<\/figcaption><\/figure>\n<h3>2. Banheiro com Estilo<\/h3>\n<p>No banheiro, a cer\u00e2mica pode ser seu aliado! Use azulejos em formatos diferentes para criar uma **imagem \u00fanica**. Al\u00e9m de bonitas, as cer\u00e2micas mant\u00eam a prote\u00e7\u00e3o contra umidade e sujeira. Uma \u00f3tima ideia \u00e9 fazer **combina\u00e7\u00f5es de texturas** para um visual diferenciados.<\/p>\n<figure style=\"width: 1024px\" class=\"wp-caption aligncenter\"><img decoding=\"async\" src=\"https:\/\/www.aarquiteta.com.br\/blog\/wp-content\/uploads\/2025\/12\/ceramica-para-parede03.jpg\" alt=\"ceramica-para-parede\" width=\"1024\" height=\"1024\" title=\"\"><figcaption class=\"wp-caption-text\">ceramica-para-parede<\/figcaption><\/figure>\n<h3>3. Sala de Estar Irresist\u00edvel<\/h3>\n<p>Ih, que tal transformar a sua sala de estar? Cer\u00e2micas em uma parede estrat\u00e9gica podem **substituir o painel da TV** ou dar destaque a algum quadro. O efeito 3D tamb\u00e9m \u00e9 uma op\u00e7\u00e3o interessante para dar **profundidade** ao ambiente.<\/p>\n<h3>4. Quarto Confort\u00e1vel<\/h3>\n<p>No quarto, a cer\u00e2mica pode **substituir a cabeceira** da cama ou complement\u00e1-la. Assim, voc\u00ea cria um espa\u00e7o mais divertido, criando uma atmosfera relaxante e estilizada, perfeito para descansar.<\/p>\n<h3>5. \u00c1rea Gourmet Aconchegante<\/h3>\n<p>As cer\u00e2micas na \u00e1rea gourmet trazem **tradi\u00e7\u00e3o e modernidade** para churrasqueiras e cozinhas externas. Aposte em pe\u00e7as que harmonizem com a mob\u00edlia e r\u00fasticas, criando um espa\u00e7o de confraterniza\u00e7\u00e3o elegante.<\/p>\n<h3>6. Espa\u00e7os Externos com Charme<\/h3>\n<p>Por que n\u00e3o usar cer\u00e2micas em **\u00e1reas externas**? Um lounge pode ganhar nova vida com um revestimento 3D ou mosaicos. Isso torna seu ambiente mais agrad\u00e1vel e desej\u00e1vel para relaxar.<\/p>\n<h3>7. Fachadas de Destaque<\/h3>\n<p>N\u00e3o esque\u00e7a das fachadas! A aplica\u00e7\u00e3o de cer\u00e2micas pode ser mais **discreta ou ousada**, dependendo do estilo da sua casa. Escolha tonalidades que combinem e tragam uma identidade pr\u00f3pria \u00e0 sua resid\u00eancia.<\/p>\n<p><div class=\"youtube-embed\" data-video_id=\"VQjq9jMpqjQ\"><iframe title=\"LEMBRANCINHAS DE ANIVERS\u00c1RIO COM CER\u00c2MICA FRIA E GIZ DE CERA | #ceramicafria #ceramica #diy #clay\" width=\"696\" height=\"392\" src=\"https:\/\/www.youtube.com\/embed\/VQjq9jMpqjQ?feature=oembed&#038;enablejsapi=1\" frameborder=\"0\" allow=\"accelerometer; autoplay; clipboard-write; encrypted-media; gyroscope; picture-in-picture; web-share\" referrerpolicy=\"strict-origin-when-cross-origin\" allowfullscreen><\/iframe><\/div>\n<\/p>\n<h3>8. Mosaicos Personalizados<\/h3>\n<p>A cria\u00e7\u00e3o de mosaicos \u00e9 uma **tend\u00eancia** que n\u00e3o sai de moda. Voc\u00ea pode aplicar cer\u00e2micas de diferentes cores e formatos, criando um visual \u00fanico e pessoal em qualquer ambiente.<\/p>\n<h3>9. Revestimentos para Casa Inteira<\/h3>\n<p>As cer\u00e2micas n\u00e3o est\u00e3o limitadas a um \u00fanico espa\u00e7o. Voc\u00ea pode **harmonizar toda a casa** com uma tem\u00e1tica de revestimentos, garantindo um fluxo visual que agrada e d\u00e1 aconchego.<\/p>\n<h3>10. Toques Finais com Relevo<\/h3>\n<p>Experimente cer\u00e2micas com **relevo discreto** para dar um toque especial. Esses detalhes podem se tornar o ponto focal da decora\u00e7\u00e3o, trazendo modernidade e estilo \u00e0 sua casa.<\/p>\n<table>\n<tr>\n<th>Ambiente<\/th>\n<th>Dicas de Cer\u00e2mica<\/th>\n<th>Caracter\u00edsticas<\/th>\n<\/tr>\n<tr>\n<td>Cozinha<\/td>\n<td>Azulejos coloridos<\/td>\n<td>F\u00e1ceis de limpar e charmosos<\/td>\n<\/tr>\n<tr>\n<td>Banheiro<\/td>\n<td>Combina\u00e7\u00f5es de texturas<\/td>\n<td>Prote\u00e7\u00e3o contra umidade<\/td>\n<\/tr>\n<tr>\n<td>Sala de Estar<\/td>\n<td>Pain\u00e9is e 3D<\/td>\n<td>Estilo moderno<\/td>\n<\/tr>\n<tr>\n<td>Quarto<\/td>\n<td>Cabeceira cer\u00e2mica<\/td>\n<td>Ambiente aconchegante<\/td>\n<\/tr>\n<tr>\n<td>\u00c1rea Gourmet<\/td>\n<td>Harmoniza\u00e7\u00e3o com m\u00f3veis<\/td>\n<td>Espa\u00e7o elegante<\/td>\n<\/tr>\n<\/table>\n<p><b>Viu como \u00e9 f\u00e1cil transformar sua casa?<\/b> Com as inspira\u00e7\u00f5es que mostrei, voc\u00ea pode dar um novo ar a cada c\u00f4modo com cer\u00e2mica. Espero que tenha gostado! Comente suas ideias ou sugest\u00f5es e continue navegando para mais dicas incr\u00edveis para deixar seu lar mais bonito.<\/p>\n","protected":false},"excerpt":{"rendered":"<p>10 Inspira\u00e7\u00f5es de Cer\u00e2mica para Transformar Suas Paredes<\/p>\n","protected":false},"author":102,"featured_media":155499,"comment_status":"open","ping_status":"","sticky":false,"template":"","format":"standard","meta":{"footnotes":""},"categories":[249,1484],"tags":[],"class_list":["post-155502","post","type-post","status-publish","format-standard","has-post-thumbnail","category-engenharia-e-construcao-civil","category-decoracao"],"_wp_attached_file":null,"_wp_attachment_metadata":null,"_wp_attachment_context":null,"_wp_attachment_is_custom_header":null,"geo_longitude":null,"geo_public":null,"geo_latitude":null,"_publicize_done_external":null,"_wpas_done_3897181":null,"publicize_twitter_user":null,"_wpas_done_3897175":null,"_wpas_skip_3897181":null,"_wpas_skip_3897175":null,"_wpas_skip_3924723":null,"_wpas_mess":null,"_wpas_done_3924723":null,"wps_subtitle":"","_links":{"self":[{"href":"https:\/\/www.aarquiteta.com.br\/blog\/wp-json\/wp\/v2\/posts\/155502","targetHints":{"allow":["GET"]}}],"collection":[{"href":"https:\/\/www.aarquiteta.com.br\/blog\/wp-json\/wp\/v2\/posts"}],"about":[{"href":"https:\/\/www.aarquiteta.com.br\/blog\/wp-json\/wp\/v2\/types\/post"}],"author":[{"embeddable":true,"href":"https:\/\/www.aarquiteta.com.br\/blog\/wp-json\/wp\/v2\/users\/102"}],"replies":[{"embeddable":true,"href":"https:\/\/www.aarquiteta.com.br\/blog\/wp-json\/wp\/v2\/comments?post=155502"}],"version-history":[{"count":0,"href":"https:\/\/www.aarquiteta.com.br\/blog\/wp-json\/wp\/v2\/posts\/155502\/revisions"}],"wp:featuredmedia":[{"embeddable":true,"href":"https:\/\/www.aarquiteta.com.br\/blog\/wp-json\/wp\/v2\/media\/155499"}],"wp:attachment":[{"href":"https:\/\/www.aarquiteta.com.br\/blog\/wp-json\/wp\/v2\/media?parent=155502"}],"wp:term":[{"taxonomy":"category","embeddable":true,"href":"https:\/\/www.aarquiteta.com.br\/blog\/wp-json\/wp\/v2\/categories?post=155502"},{"taxonomy":"post_tag","embeddable":true,"href":"https:\/\/www.aarquiteta.com.br\/blog\/wp-json\/wp\/v2\/tags?post=155502"}],"curies":[{"name":"wp","href":"https:\/\/api.w.org\/{rel}","templated":true}]}}