{"id":155455,"date":"2025-12-01T07:31:53","date_gmt":"2025-12-01T10:31:53","guid":{"rendered":"https:\/\/www.aarquiteta.com.br\/blog\/como-montar-arvore-de-natal\/"},"modified":"2025-12-01T07:31:53","modified_gmt":"2025-12-01T10:31:53","slug":"como-montar-arvore-de-natal","status":"publish","type":"post","link":"https:\/\/www.aarquiteta.com.br\/blog\/como-montar-arvore-de-natal\/","title":{"rendered":"Surpreenda-se com 10 maneiras f\u00e1ceis de montar a \u00e1rvore de Natal perfeita"},"content":{"rendered":"<p>Est\u00e1 pronto para dar um toque especial ao seu Natal? Aqui, voc\u00ea vai descobrir <b>10 maneiras f\u00e1ceis de montar a \u00e1rvore de Natal perfeita<\/b>. Prepare-se para surpreender sua fam\u00edlia e amigos!<\/p>\n<figure style=\"width: 1024px\" class=\"wp-caption aligncenter\"><img decoding=\"async\" src=\"https:\/\/www.aarquiteta.com.br\/blog\/wp-content\/uploads\/2025\/12\/como-montar-arvore-de-natal01.jpg\" alt=\"como-montar-arvore-de-natal\" width=\"1024\" height=\"1024\" title=\"\"><figcaption class=\"wp-caption-text\">como-montar-arvore-de-natal<\/figcaption><\/figure>\n<h3>1. Defina o tema e as cores<\/h3>\n<p>Antes de come\u00e7armos, escolha qual \u00e9 o tema da sua \u00e1rvore. Ser\u00e1 mais tradicional ou talvez algo mais ousado? Cores como <b>dourado, prata ou vermelho<\/b> s\u00e3o cl\u00e1ssicas, mas voc\u00ea pode inovar com combina\u00e7\u00f5es \u00fanicas. Separe todos os enfeites que voc\u00ea deseja usar para visualizar a decora\u00e7\u00e3o melhor.<\/p>\n<figure style=\"width: 1024px\" class=\"wp-caption aligncenter\"><img decoding=\"async\" src=\"https:\/\/www.aarquiteta.com.br\/blog\/wp-content\/uploads\/2025\/12\/como-montar-arvore-de-natal02.jpg\" alt=\"como-montar-arvore-de-natal\" width=\"1024\" height=\"1024\" title=\"\"><figcaption class=\"wp-caption-text\">como-montar-arvore-de-natal<\/figcaption><\/figure>\n<h3>2. Harmonia no ambiente<\/h3>\n<p>A \u00e1rvore deve <b>harmonizar<\/b> com o ambiente. Se a sua casa \u00e9 minimalista, evite excessos. Combine as cores dos enfeites com os m\u00f3veis e outros adere\u00e7os. A ideia \u00e9 criar uma decora\u00e7\u00e3o equilibrada!<\/p>\n<figure style=\"width: 1024px\" class=\"wp-caption aligncenter\"><img decoding=\"async\" src=\"https:\/\/www.aarquiteta.com.br\/blog\/wp-content\/uploads\/2025\/12\/como-montar-arvore-de-natal03.jpg\" alt=\"como-montar-arvore-de-natal\" width=\"1024\" height=\"1024\" title=\"\"><figcaption class=\"wp-caption-text\">como-montar-arvore-de-natal<\/figcaption><\/figure>\n<h3>3. Luzes em primeiro lugar<\/h3>\n<p>Monte a estrutura da \u00e1rvore e, em seguida, coloque as <b>luzinhas<\/b>. A dica \u00e9 trabalhar de baixo para cima, cuidando para que o pisca-pisca n\u00e3o fique desordenado. Se voc\u00ea tem bichos de estima\u00e7\u00e3o, preste aten\u00e7\u00e3o nas luzes!<\/p>\n<h3>4. Personalize os enfeites<\/h3>\n<p>Para dar um toque pessoal \u00e0 sua \u00e1rvore, que tal <b>personalizar os enfeites<\/b>? Use bolas de Natal com o nome da fam\u00edlia ou fotos. Fazer os pr\u00f3prios enfeites tamb\u00e9m \u00e9 uma bela maneira de expressar amor fam\u00edlia.<\/p>\n<h3>5. Ordem de tamanhos<\/h3>\n<p>Coloque primeiro os enfeites maiores, da <b>parte interna<\/b> da \u00e1rvore para a externa. Use os menores para preencher os espa\u00e7os. Fest\u00f5es podem ajudar a dar volume \u00e0 \u00e1rvore.<\/p>\n<h3>6. Enfeite de topo especial<\/h3>\n<p>Escolha algo \u00fanico para o topo da \u00e1rvore. Embora as <b>estrelas sejam populares<\/b>, voc\u00ea pode inovar com outras op\u00e7\u00f5es que combinem com o tema da sua decora\u00e7\u00e3o.<\/p>\n<h3>7. Um canto estrat\u00e9gico<\/h3>\n<p>Montar a \u00e1rvore em um canto \u00e9 uma <b>\u00f3tima maneira de economizar espa\u00e7o<\/b>. Assim, voc\u00ea n\u00e3o precisa decorar um dos lados e ainda ter\u00e1 mais espa\u00e7o na sala.<\/p>\n<p><div class=\"youtube-embed\" data-video_id=\"GecG1KcEN3M\"><iframe title=\"MONTANDO MINHA \u00c1RVORE DE NATAL \ud83c\udf84\u2764\ufe0f\u2728 #humor #natal #crist\u00e3o\" width=\"696\" height=\"392\" src=\"https:\/\/www.youtube.com\/embed\/GecG1KcEN3M?feature=oembed&#038;enablejsapi=1\" frameborder=\"0\" allow=\"accelerometer; autoplay; clipboard-write; encrypted-media; gyroscope; picture-in-picture; web-share\" referrerpolicy=\"strict-origin-when-cross-origin\" allowfullscreen><\/iframe><\/div>\n<\/p>\n<h3>8. Acenda as luzes<\/h3>\n<p>Depois dos enfeites, \u00e9 hora de <b>acender as luzes<\/b> e ver como tudo se organiza. A expectativa \u00e9 \u00f3tima nesse momento, n\u00e3o acha?<\/p>\n<h3>9. Elevar a \u00e1rvore<\/h3>\n<p>Se a sua \u00e1rvore for pequena, colocar em um <b>apoio<\/b> pode deix\u00e1-la mais alta e atraente. Uma mesinha ou pedestal funciona bem para isso!<\/p>\n<h3>10. Aten\u00e7\u00e3o aos detalhes<\/h3>\n<p>N\u00e3o esque\u00e7a dos <b>detalhes<\/b>. Finalize a decora\u00e7\u00e3o com um pres\u00e9pio ou presentes embaixo da \u00e1rvore. Uma saia para a \u00e1rvore pode tamb\u00e9m esconder suportes e dar mais eleg\u00e2ncia.<\/p>\n<table>\n<tr>\n<th>Dica<\/th>\n<th>Detalhe<\/th>\n<\/tr>\n<tr>\n<td>Defina tema e cores<\/td>\n<td>Escolha entre tradicional ou ousado<\/td>\n<\/tr>\n<tr>\n<td>Harmonia no ambiente<\/td>\n<td>Decora\u00e7\u00e3o equilibrada com o restante da casa<\/td>\n<\/tr>\n<tr>\n<td>Comece com as luzes<\/td>\n<td>Posicione de baixo para cima<\/td>\n<\/tr>\n<tr>\n<td>Personalize enfeites<\/td>\n<td>Use itens com nomes ou fotos<\/td>\n<\/tr>\n<tr>\n<td>Ordem de tamanhos<\/td>\n<td>Distribua enfeites maiores primeiro<\/td>\n<\/tr>\n<tr>\n<td>Enfeite de topo<\/td>\n<td>Escolha algo especial e diferente<\/td>\n<\/tr>\n<tr>\n<td>Canto estrat\u00e9gico<\/td>\n<td>Economize espa\u00e7o ao posicionar a \u00e1rvore<\/td>\n<\/tr>\n<tr>\n<td>Detalhes finais<\/td>\n<td>Pres\u00e9pios e presentes podem enriquecer a decora\u00e7\u00e3o<\/td>\n<\/tr>\n<\/table>\n<p>Agora que voc\u00ea conhece essas <b>10 maneiras f\u00e1ceis<\/b> de montar a sua \u00e1rvore de Natal, est\u00e1 na hora de colocar tudo em pr\u00e1tica. Quer mais dicas incr\u00edveis de decora\u00e7\u00e3o para o Natal? Deixe seu coment\u00e1rio e vamos celebrar juntos essas festas m\u00e1gicas!<\/p>\n","protected":false},"excerpt":{"rendered":"<p>Surpreenda-se com 10 maneiras f\u00e1ceis de montar a \u00e1rvore de Natal perfeita<\/p>\n","protected":false},"author":102,"featured_media":155452,"comment_status":"open","ping_status":"","sticky":false,"template":"","format":"standard","meta":{"footnotes":""},"categories":[1484],"tags":[],"class_list":["post-155455","post","type-post","status-publish","format-standard","has-post-thumbnail","category-decoracao"],"_wp_attached_file":null,"_wp_attachment_metadata":null,"_wp_attachment_context":null,"_wp_attachment_is_custom_header":null,"geo_longitude":null,"geo_public":null,"geo_latitude":null,"_publicize_done_external":null,"_wpas_done_3897181":null,"publicize_twitter_user":null,"_wpas_done_3897175":null,"_wpas_skip_3897181":null,"_wpas_skip_3897175":null,"_wpas_skip_3924723":null,"_wpas_mess":null,"_wpas_done_3924723":null,"wps_subtitle":"","_links":{"self":[{"href":"https:\/\/www.aarquiteta.com.br\/blog\/wp-json\/wp\/v2\/posts\/155455","targetHints":{"allow":["GET"]}}],"collection":[{"href":"https:\/\/www.aarquiteta.com.br\/blog\/wp-json\/wp\/v2\/posts"}],"about":[{"href":"https:\/\/www.aarquiteta.com.br\/blog\/wp-json\/wp\/v2\/types\/post"}],"author":[{"embeddable":true,"href":"https:\/\/www.aarquiteta.com.br\/blog\/wp-json\/wp\/v2\/users\/102"}],"replies":[{"embeddable":true,"href":"https:\/\/www.aarquiteta.com.br\/blog\/wp-json\/wp\/v2\/comments?post=155455"}],"version-history":[{"count":0,"href":"https:\/\/www.aarquiteta.com.br\/blog\/wp-json\/wp\/v2\/posts\/155455\/revisions"}],"wp:featuredmedia":[{"embeddable":true,"href":"https:\/\/www.aarquiteta.com.br\/blog\/wp-json\/wp\/v2\/media\/155452"}],"wp:attachment":[{"href":"https:\/\/www.aarquiteta.com.br\/blog\/wp-json\/wp\/v2\/media?parent=155455"}],"wp:term":[{"taxonomy":"category","embeddable":true,"href":"https:\/\/www.aarquiteta.com.br\/blog\/wp-json\/wp\/v2\/categories?post=155455"},{"taxonomy":"post_tag","embeddable":true,"href":"https:\/\/www.aarquiteta.com.br\/blog\/wp-json\/wp\/v2\/tags?post=155455"}],"curies":[{"name":"wp","href":"https:\/\/api.w.org\/{rel}","templated":true}]}}