{"id":155445,"date":"2025-11-30T17:32:25","date_gmt":"2025-11-30T20:32:25","guid":{"rendered":"https:\/\/www.aarquiteta.com.br\/blog\/sacada-de-vidro-3\/"},"modified":"2025-11-30T17:32:25","modified_gmt":"2025-11-30T20:32:25","slug":"sacada-de-vidro-3","status":"publish","type":"post","link":"https:\/\/www.aarquiteta.com.br\/blog\/sacada-de-vidro-3\/","title":{"rendered":"5 Tend\u00eancias"},"content":{"rendered":"<p>Voc\u00ea j\u00e1 pensou em como uma <b>sacada de vidro<\/b> pode transformar seu espa\u00e7o? Veja como aproveitar essa tend\u00eancia moderna!<\/p>\n<figure style=\"width: 1024px\" class=\"wp-caption aligncenter\"><img decoding=\"async\" src=\"https:\/\/www.aarquiteta.com.br\/blog\/wp-content\/uploads\/2025\/11\/sacada-de-vidro01.jpg\" alt=\"sacada-de-vidro\" width=\"1024\" height=\"1024\" title=\"\"><figcaption class=\"wp-caption-text\">sacada-de-vidro<\/figcaption><\/figure>\n<h3>1. Funcionalidade e Estilo<\/h3>\n<p>A sacada de vidro \u00e9 uma forma incr\u00edvel de unir <b>funcionalidade<\/b> e estilo.<\/p>\n<figure style=\"width: 1024px\" class=\"wp-caption aligncenter\"><img decoding=\"async\" src=\"https:\/\/www.aarquiteta.com.br\/blog\/wp-content\/uploads\/2025\/11\/sacada-de-vidro02.jpg\" alt=\"sacada-de-vidro\" width=\"1024\" height=\"1024\" title=\"\"><figcaption class=\"wp-caption-text\">sacada-de-vidro<\/figcaption><\/figure>\n<p>Ela n\u00e3o s\u00f3 protege contra as intemp\u00e9ries, mas tamb\u00e9m embeleza a \u00e1rea externa. A combina\u00e7\u00e3o de praticidade e est\u00e9tica \u00e9 perfeita para quem valoriza cada metro quadrado.<\/p>\n<figure style=\"width: 1024px\" class=\"wp-caption aligncenter\"><img decoding=\"async\" src=\"https:\/\/www.aarquiteta.com.br\/blog\/wp-content\/uploads\/2025\/11\/sacada-de-vidro03.jpg\" alt=\"sacada-de-vidro\" width=\"1024\" height=\"1024\" title=\"\"><figcaption class=\"wp-caption-text\">sacada-de-vidro<\/figcaption><\/figure>\n<h3>2. Ambientes Aconchegantes<\/h3>\n<p>Com o uso de vidros, o espa\u00e7o se torna mais convidativo e aconchegante. Imagine relaxar em um local cheio de luz natural, mas protegido de ventos e chuvas. <b>\u00c9 poss\u00edvel criar ambientes de estar \u00fanicos<\/b>, que se tornam mais agrad\u00e1veis para voc\u00ea e seus convidados.<\/p>\n<h3>3. Tipos de Vidro<\/h3>\n<p>Existem v\u00e1rios tipos de vidros que podem ser utilizados. Aqui est\u00e3o os principais:<\/p>\n<ul>\n<li><b>Vidro Temperado:<\/b> Mais resistente e seguro.<\/li>\n<li><b>Vidro Laminado:<\/b> Combina seguran\u00e7a e redu\u00e7\u00e3o de ru\u00eddos.<\/li>\n<li><b>Vidro de Controle Ac\u00fastico:<\/b> Ideal para ambientes que precisam de tranquilidade.<\/li>\n<\/ul>\n<h3>4. Dicas de Decora\u00e7\u00e3o<\/h3>\n<p>A decora\u00e7\u00e3o \u00e9 uma parte fundamental ao projetar sua sacada. Aposte em m\u00f3veis confort\u00e1veis e <b>plantas<\/b> como elementos decorativos. Seguir uma palete de cores pode deixar o espa\u00e7o ainda mais harmonioso.<\/p>\n<h3>5. Cuidados e Manuten\u00e7\u00e3o<\/h3>\n<p>Manter a sacada sempre bonita e funcional \u00e9 essencial. Fa\u00e7a limpeza regular nos vidros e mantenha os trilhos em bom estado. Isso garante <b>durabilidade<\/b> e seguran\u00e7a sempre.<\/p>\n<table>\n<tr>\n<th>Tipo de Vidro<\/th>\n<th>Vantagens<\/th>\n<\/tr>\n<tr>\n<td>Vidro Temperado<\/td>\n<td>Resist\u00eancia a choques e seguran\u00e7a.<\/td>\n<\/tr>\n<tr>\n<td>Vidro Laminado<\/td>\n<td>Protege contra impactos e reduz ru\u00eddos.<\/td>\n<\/tr>\n<tr>\n<td>Vidro de Controle Ac\u00fastico<\/td>\n<td>Bloqueia barulhos indesejados.<\/td>\n<\/tr>\n<\/table>\n<p>Se voc\u00ea est\u00e1 pensando em reformar ou construir, <b>invista em uma sacada de vidro<\/b>. Al\u00e9m de um visual elegante, ela proporcionar\u00e1 conforto e seguran\u00e7a. O que acha de explorar essa ideia e transformar sua casa em um lar mais bonito e funcional?<\/p>\n<p><div class=\"youtube-embed\" data-video_id=\"FCEPQsUQCrI\"><iframe title=\"Envidra\u00e7amento de Sacada | Qualidade e Pre\u00e7o bom | Vidra\u00e7aria em S\u00e3o Paulo\" width=\"696\" height=\"392\" src=\"https:\/\/www.youtube.com\/embed\/FCEPQsUQCrI?feature=oembed&#038;enablejsapi=1\" frameborder=\"0\" allow=\"accelerometer; autoplay; clipboard-write; encrypted-media; gyroscope; picture-in-picture; web-share\" referrerpolicy=\"strict-origin-when-cross-origin\" allowfullscreen><\/iframe><\/div>\n<\/p>\n<p>Gostou das dicas? Comente e compartilhe suas experi\u00eancias com sacadas de vidro! E n\u00e3o se esque\u00e7a de conferir nossos outros conte\u00fados relacionados sobre decora\u00e7\u00e3o e constru\u00e7\u00e3o!<\/p>\n","protected":false},"excerpt":{"rendered":"<p>5 Tend\u00eancias<\/p>\n","protected":false},"author":102,"featured_media":155442,"comment_status":"open","ping_status":"","sticky":false,"template":"","format":"standard","meta":{"footnotes":""},"categories":[249,1484],"tags":[],"class_list":["post-155445","post","type-post","status-publish","format-standard","has-post-thumbnail","category-engenharia-e-construcao-civil","category-decoracao"],"_wp_attached_file":null,"_wp_attachment_metadata":null,"_wp_attachment_context":null,"_wp_attachment_is_custom_header":null,"geo_longitude":null,"geo_public":null,"geo_latitude":null,"_publicize_done_external":null,"_wpas_done_3897181":null,"publicize_twitter_user":null,"_wpas_done_3897175":null,"_wpas_skip_3897181":null,"_wpas_skip_3897175":null,"_wpas_skip_3924723":null,"_wpas_mess":null,"_wpas_done_3924723":null,"wps_subtitle":"","_links":{"self":[{"href":"https:\/\/www.aarquiteta.com.br\/blog\/wp-json\/wp\/v2\/posts\/155445","targetHints":{"allow":["GET"]}}],"collection":[{"href":"https:\/\/www.aarquiteta.com.br\/blog\/wp-json\/wp\/v2\/posts"}],"about":[{"href":"https:\/\/www.aarquiteta.com.br\/blog\/wp-json\/wp\/v2\/types\/post"}],"author":[{"embeddable":true,"href":"https:\/\/www.aarquiteta.com.br\/blog\/wp-json\/wp\/v2\/users\/102"}],"replies":[{"embeddable":true,"href":"https:\/\/www.aarquiteta.com.br\/blog\/wp-json\/wp\/v2\/comments?post=155445"}],"version-history":[{"count":0,"href":"https:\/\/www.aarquiteta.com.br\/blog\/wp-json\/wp\/v2\/posts\/155445\/revisions"}],"wp:featuredmedia":[{"embeddable":true,"href":"https:\/\/www.aarquiteta.com.br\/blog\/wp-json\/wp\/v2\/media\/155442"}],"wp:attachment":[{"href":"https:\/\/www.aarquiteta.com.br\/blog\/wp-json\/wp\/v2\/media?parent=155445"}],"wp:term":[{"taxonomy":"category","embeddable":true,"href":"https:\/\/www.aarquiteta.com.br\/blog\/wp-json\/wp\/v2\/categories?post=155445"},{"taxonomy":"post_tag","embeddable":true,"href":"https:\/\/www.aarquiteta.com.br\/blog\/wp-json\/wp\/v2\/tags?post=155445"}],"curies":[{"name":"wp","href":"https:\/\/api.w.org\/{rel}","templated":true}]}}