{"id":155397,"date":"2025-11-27T21:02:32","date_gmt":"2025-11-28T00:02:32","guid":{"rendered":"https:\/\/www.aarquiteta.com.br\/blog\/o-impacto-ambiental-dos-lencois-de-algodao-egipcio-o-guia-definitivo\/"},"modified":"2025-11-27T21:02:32","modified_gmt":"2025-11-28T00:02:32","slug":"o-impacto-ambiental-dos-lencois-de-algodao-egipcio-o-guia-definitivo","status":"publish","type":"post","link":"https:\/\/www.aarquiteta.com.br\/blog\/o-impacto-ambiental-dos-lencois-de-algodao-egipcio-o-guia-definitivo\/","title":{"rendered":"O Impacto Ambiental dos Len\u00e7\u00f3is de Algod\u00e3o Eg\u00edpcio: O Guia Definitivo"},"content":{"rendered":"<p><b>Voc\u00ea j\u00e1 parou para pensar no impacto ambiental dos len\u00e7\u00f3is de algod\u00e3o eg\u00edpcio?<\/b> Neste guia, vamos explorar como essas belezuras que proporcionam conforto podem ser sustent\u00e1veis. Vamos descobrir como fazer escolhas que beneficiem n\u00e3o s\u00f3 o seu descanso, mas tamb\u00e9m o nosso planeta.<\/p>\n<img decoding=\"async\" src=\"https:\/\/www.aarquiteta.com.br\/blog\/wp-content\/uploads\/2025\/11\/01-25.jpg\" alt=\"\" width=\"1024\" height=\"1024\" title=\"\">\n<h3>A Import\u00e2ncia do Algod\u00e3o Eg\u00edpcio<\/h3>\n<p>Os <b>len\u00e7\u00f3is de algod\u00e3o eg\u00edpcio<\/b> s\u00e3o conhecidos por sua qualidade e durabilidade. Por\u00e9m, seu cultivo requer \u00e1gua, energia e recursos preciosos. A maioria da produ\u00e7\u00e3o acontece no Vale do Nilo, onde as condi\u00e7\u00f5es de solo s\u00e3o ideais. Contudo, m\u00e9todos tradicionais de irriga\u00e7\u00e3o podem afetar a \u00e1gua local e as comunidades.<\/p>\n<img decoding=\"async\" src=\"https:\/\/www.aarquiteta.com.br\/blog\/wp-content\/uploads\/2025\/11\/02-25.jpg\" alt=\"\" width=\"1024\" height=\"1024\" title=\"\">\n<h3>O Processo de Colheita<\/h3>\n<p>A colheita do algod\u00e3o eg\u00edpcio \u00e9 feita manualmente. Isso garante que apenas as melhores fibras sejam coletadas, contribuindo para a qualidade superior do algod\u00e3o. Ao contr\u00e1rio da colheita mec\u00e2nica, o m\u00e9todo manual minimiza danos, mas o processamento ainda consome muita energia e recursos.<\/p>\n<img decoding=\"async\" src=\"https:\/\/www.aarquiteta.com.br\/blog\/wp-content\/uploads\/2025\/11\/03-25.jpg\" alt=\"\" width=\"1024\" height=\"1024\" title=\"\">\n<h3>Certifica\u00e7\u00f5es Ecol\u00f3gicas<\/h3>\n<p>Nem todos os len\u00e7\u00f3is de algod\u00e3o eg\u00edpcio s\u00e3o iguais. <b>Certifica\u00e7\u00f5es como GOTS e OEKO-TEX\u00ae<\/b> asseguram que os produtos sejam cultivados sem pesticidas e qu\u00edmicos nocivos. Essas certifica\u00e7\u00f5es s\u00e3o fundamentais para garantir escolhas de compra sustent\u00e1veis e \u00e9ticas.<\/p>\n<h3>Como os Consumidores Podem Fazer a Diferen\u00e7a<\/h3>\n<p>Ao escolher len\u00e7\u00f3is de algod\u00e3o eg\u00edpcio, opte por empresas como a Pure Parima, que se preocupam com a sustentabilidade. Preste aten\u00e7\u00e3o em como a empresa fabrica seus produtos e busque <b>durabilidade<\/b> para evitar desperd\u00edcios a longo prazo. E, claro, pense sempre em reciclar quando n\u00e3o puder mais usar suas roupas de cama.<\/p>\n<h3>Tabela Resumo<\/h3>\n<table border=\"1\">\n<tr>\n<th>Aspecto<\/th>\n<th>Detalhes<\/th>\n<\/tr>\n<tr>\n<td>Processo de Cultivo<\/td>\n<td>Utiliza\u00e7\u00e3o de \u00e1gua e recursos locais, impacto nas comunidades<\/td>\n<\/tr>\n<tr>\n<td>Colheita<\/td>\n<td>Feita manualmente para garantir qualidade<\/td>\n<\/tr>\n<tr>\n<td>Certifica\u00e7\u00f5es<\/td>\n<td>GOTS, OEKO-TEX\u00ae &#8211; garantias de sustentabilidade<\/td>\n<\/tr>\n<tr>\n<td>Import\u00e2ncia do Consumidor<\/td>\n<td>Escolher marcas \u00e9ticas e pensar na durabilidade<\/td>\n<\/tr>\n<\/table>\n<h3>O Que Voc\u00ea Pode Fazer Agora<\/h3>\n<p>Mudar os seus h\u00e1bitos de compra pode fazer uma grande diferen\u00e7a. Ao escolher <b>len\u00e7\u00f3is de algod\u00e3o eg\u00edpcio ecol\u00f3gicos<\/b>, voc\u00ea n\u00e3o s\u00f3 garante conforto, mas tamb\u00e9m ajuda o meio ambiente. Que tal deixar seu coment\u00e1rio sobre como voc\u00ea faz para ser mais sustent\u00e1vel nas suas compras? Vamos continuar essa conversa!<\/p>\n<h3>Conte\u00fados Relacionados<\/h3>\n<ul>\n<li>Como escolher roupas de cama sustent\u00e1veis<\/li>\n<li>Dicas para reciclar t\u00eaxteis com responsabilidade<\/li>\n<li>Os benef\u00edcios do algod\u00e3o org\u00e2nico<\/li>\n<\/ul>\n<p><div class=\"youtube-embed\" data-video_id=\"j5gx6lmp_yQ\"><iframe title=\"ALGOD\u00c3O EG\u00cdPICIO\" width=\"696\" height=\"392\" src=\"https:\/\/www.youtube.com\/embed\/j5gx6lmp_yQ?feature=oembed&#038;enablejsapi=1\" frameborder=\"0\" allow=\"accelerometer; autoplay; clipboard-write; encrypted-media; gyroscope; picture-in-picture; web-share\" referrerpolicy=\"strict-origin-when-cross-origin\" allowfullscreen><\/iframe><\/div><\/p>\n","protected":false},"excerpt":{"rendered":"<p>O Impacto Ambiental dos Len\u00e7\u00f3is de Algod\u00e3o Eg\u00edpcio: O Guia Definitivo<\/p>\n","protected":false},"author":102,"featured_media":155394,"comment_status":"open","ping_status":"","sticky":false,"template":"","format":"standard","meta":{"footnotes":""},"categories":[1484],"tags":[],"class_list":["post-155397","post","type-post","status-publish","format-standard","has-post-thumbnail","category-decoracao"],"_wp_attached_file":null,"_wp_attachment_metadata":null,"_wp_attachment_context":null,"_wp_attachment_is_custom_header":null,"geo_longitude":null,"geo_public":null,"geo_latitude":null,"_publicize_done_external":null,"_wpas_done_3897181":null,"publicize_twitter_user":null,"_wpas_done_3897175":null,"_wpas_skip_3897181":null,"_wpas_skip_3897175":null,"_wpas_skip_3924723":null,"_wpas_mess":null,"_wpas_done_3924723":null,"wps_subtitle":"","_links":{"self":[{"href":"https:\/\/www.aarquiteta.com.br\/blog\/wp-json\/wp\/v2\/posts\/155397","targetHints":{"allow":["GET"]}}],"collection":[{"href":"https:\/\/www.aarquiteta.com.br\/blog\/wp-json\/wp\/v2\/posts"}],"about":[{"href":"https:\/\/www.aarquiteta.com.br\/blog\/wp-json\/wp\/v2\/types\/post"}],"author":[{"embeddable":true,"href":"https:\/\/www.aarquiteta.com.br\/blog\/wp-json\/wp\/v2\/users\/102"}],"replies":[{"embeddable":true,"href":"https:\/\/www.aarquiteta.com.br\/blog\/wp-json\/wp\/v2\/comments?post=155397"}],"version-history":[{"count":0,"href":"https:\/\/www.aarquiteta.com.br\/blog\/wp-json\/wp\/v2\/posts\/155397\/revisions"}],"wp:featuredmedia":[{"embeddable":true,"href":"https:\/\/www.aarquiteta.com.br\/blog\/wp-json\/wp\/v2\/media\/155394"}],"wp:attachment":[{"href":"https:\/\/www.aarquiteta.com.br\/blog\/wp-json\/wp\/v2\/media?parent=155397"}],"wp:term":[{"taxonomy":"category","embeddable":true,"href":"https:\/\/www.aarquiteta.com.br\/blog\/wp-json\/wp\/v2\/categories?post=155397"},{"taxonomy":"post_tag","embeddable":true,"href":"https:\/\/www.aarquiteta.com.br\/blog\/wp-json\/wp\/v2\/tags?post=155397"}],"curies":[{"name":"wp","href":"https:\/\/api.w.org\/{rel}","templated":true}]}}