{"id":155392,"date":"2025-11-27T17:32:16","date_gmt":"2025-11-27T20:32:16","guid":{"rendered":"https:\/\/www.aarquiteta.com.br\/blog\/laje-pre-moldada-3\/"},"modified":"2025-11-27T17:32:16","modified_gmt":"2025-11-27T20:32:16","slug":"laje-pre-moldada-3","status":"publish","type":"post","link":"https:\/\/www.aarquiteta.com.br\/blog\/laje-pre-moldada-3\/","title":{"rendered":"As 5 Melhores Dicas para Usar Laje Pr\u00e9-Moldada"},"content":{"rendered":"<p>Voc\u00ea sabia que as <b>lajes pr\u00e9-moldadas<\/b> podem transformar a sua constru\u00e7\u00e3o? Elas oferecem vantagens como economia e praticidade. Aqui, vou compartilhar as 5 melhores dicas para utilizar lajes pr\u00e9-moldadas na sua obra.<\/p>\n<figure style=\"width: 1024px\" class=\"wp-caption aligncenter\"><img decoding=\"async\" src=\"https:\/\/www.aarquiteta.com.br\/blog\/wp-content\/uploads\/2025\/11\/laje-pre-moldada01.jpg\" alt=\"laje-pre-moldada\" width=\"1024\" height=\"1024\" title=\"\"><figcaption class=\"wp-caption-text\">laje-pre-moldada<\/figcaption><\/figure>\n<h3>1. Escolha o tipo certo de laje<\/h3>\n<p>Existem diferentes tipos de <b>lajes pr\u00e9-moldadas<\/b>, como as treli\u00e7adas, com vigota \u201cT\u201d, e alveolares. Cada uma tem suas caracter\u00edsticas e aplica\u00e7\u00f5es espec\u00edficas. Por exemplo, as lajes treli\u00e7adas funcionam bem em v\u00e3os grandes, enquanto as de vigota \u201cT\u201d s\u00e3o ideais para pequenas constru\u00e7\u00f5es.<\/p>\n<figure style=\"width: 1024px\" class=\"wp-caption aligncenter\"><img decoding=\"async\" src=\"https:\/\/www.aarquiteta.com.br\/blog\/wp-content\/uploads\/2025\/11\/laje-pre-moldada02.jpg\" alt=\"laje-pre-moldada\" width=\"1024\" height=\"1024\" title=\"\"><figcaption class=\"wp-caption-text\">laje-pre-moldada<\/figcaption><\/figure>\n<h3>2. Considere o peso suportado<\/h3>\n<p>A capacidade de carga \u00e9 <b>fundamental<\/b> na escolha da laje. Conhecer o peso que sua laje precisar\u00e1 suportar ajuda a garantir a seguran\u00e7a da estrutura. Sempre consulte um engenheiro para determinar as especifica\u00e7\u00f5es adequadas para o seu projeto.<\/p>\n<figure style=\"width: 1024px\" class=\"wp-caption aligncenter\"><img decoding=\"async\" src=\"https:\/\/www.aarquiteta.com.br\/blog\/wp-content\/uploads\/2025\/11\/laje-pre-moldada03.jpg\" alt=\"laje-pre-moldada\" width=\"1024\" height=\"1024\" title=\"\"><figcaption class=\"wp-caption-text\">laje-pre-moldada<\/figcaption><\/figure>\n<h3>3. Utilize materiais de qualidade<\/h3>\n<p>Os materiais devem ser de alta qualidade. Uma <b>laje bem fabricada<\/b> \u00e9 mais resistente e dur\u00e1vel. Isso evita problemas futuros e acaba sendo um bom investimento a longo prazo, trazendo seguran\u00e7a e tranquilidade na constru\u00e7\u00e3o.<\/p>\n<h3>4. Planeje a integra\u00e7\u00e3o com instala\u00e7\u00f5es<\/h3>\n<p>Ter um <b>plano sobre como as tubula\u00e7\u00f5es<\/b> e instala\u00e7\u00f5es el\u00e9tricas ser\u00e3o distribu\u00eddas \u00e9 essencial. Algumas lajes, como as treli\u00e7adas com EPS, facilitam essa instala\u00e7\u00e3o, j\u00e1 que melhoram o isolamento t\u00e9rmico e ac\u00fastico.<\/p>\n<h3>5. Conte com profissionais qualificados<\/h3>\n<p>Por fim, contar com <b>especialistas<\/b> na \u00e1rea \u00e9 crucial. Eles podem orientar sobre a melhor op\u00e7\u00e3o para o seu projeto e garantir que a instala\u00e7\u00e3o das lajes seja feita de maneira correta e segura.<\/p>\n<h3>Resumo das Dicas<\/h3>\n<table>\n<tr>\n<th>Dica<\/th>\n<th>Detalhes<\/th>\n<\/tr>\n<tr>\n<td>Escolha o tipo certo<\/td>\n<td>Diferen\u00e7as entre lajes treli\u00e7adas, com vigota \u201cT\u201d e alveolares.<\/td>\n<\/tr>\n<tr>\n<td>Carga suportada<\/td>\n<td>Verificar quanto peso a laje precisa suportar.<\/td>\n<\/tr>\n<tr>\n<td>Materiais de qualidade<\/td>\n<td>Investir em lajes de fabrica\u00e7\u00e3o bem feita.<\/td>\n<\/tr>\n<tr>\n<td>Planejamento<\/td>\n<td>Integrar instala\u00e7\u00e3o el\u00e9trica e de tubula\u00e7\u00f5es.<\/td>\n<\/tr>\n<tr>\n<td>Contrate especialistas<\/td>\n<td>Profissionais garantem seguran\u00e7a e qualidade.<\/td>\n<\/tr>\n<\/table>\n<p>Em resumo, as <b>lajes pr\u00e9-moldadas<\/b> s\u00e3o uma op\u00e7\u00e3o pr\u00e1tica e econ\u00f4mica para sua constru\u00e7\u00e3o. Ao seguir essas dicas, voc\u00ea estar\u00e1 no caminho certo para garantir uma edifica\u00e7\u00e3o segura e eficiente. Agora, que tal comentar aqui embaixo suas experi\u00eancias ou d\u00favidas sobre lajes pr\u00e9-moldadas? Estou aqui para ajudar!<\/p>\n<p><div class=\"youtube-embed\" data-video_id=\"CWOaRPhzb5g\"><iframe title=\"O que s\u00e3o LAJES PR\u00c9 MOLDADAS? Quais s\u00e3o os tipos de LAJES PR\u00c9 MOLDADAS? Devo usar LAJE PR\u00c9 MOLDADA?\" width=\"696\" height=\"392\" src=\"https:\/\/www.youtube.com\/embed\/CWOaRPhzb5g?feature=oembed&#038;enablejsapi=1\" frameborder=\"0\" allow=\"accelerometer; autoplay; clipboard-write; encrypted-media; gyroscope; picture-in-picture; web-share\" referrerpolicy=\"strict-origin-when-cross-origin\" allowfullscreen><\/iframe><\/div><\/p>\n","protected":false},"excerpt":{"rendered":"<p>As 5 Melhores Dicas para Usar Laje Pr\u00e9-Moldada<\/p>\n","protected":false},"author":102,"featured_media":155389,"comment_status":"open","ping_status":"","sticky":false,"template":"","format":"standard","meta":{"footnotes":""},"categories":[249,1484],"tags":[],"class_list":["post-155392","post","type-post","status-publish","format-standard","has-post-thumbnail","category-engenharia-e-construcao-civil","category-decoracao"],"_wp_attached_file":null,"_wp_attachment_metadata":null,"_wp_attachment_context":null,"_wp_attachment_is_custom_header":null,"geo_longitude":null,"geo_public":null,"geo_latitude":null,"_publicize_done_external":null,"_wpas_done_3897181":null,"publicize_twitter_user":null,"_wpas_done_3897175":null,"_wpas_skip_3897181":null,"_wpas_skip_3897175":null,"_wpas_skip_3924723":null,"_wpas_mess":null,"_wpas_done_3924723":null,"wps_subtitle":"","_links":{"self":[{"href":"https:\/\/www.aarquiteta.com.br\/blog\/wp-json\/wp\/v2\/posts\/155392","targetHints":{"allow":["GET"]}}],"collection":[{"href":"https:\/\/www.aarquiteta.com.br\/blog\/wp-json\/wp\/v2\/posts"}],"about":[{"href":"https:\/\/www.aarquiteta.com.br\/blog\/wp-json\/wp\/v2\/types\/post"}],"author":[{"embeddable":true,"href":"https:\/\/www.aarquiteta.com.br\/blog\/wp-json\/wp\/v2\/users\/102"}],"replies":[{"embeddable":true,"href":"https:\/\/www.aarquiteta.com.br\/blog\/wp-json\/wp\/v2\/comments?post=155392"}],"version-history":[{"count":0,"href":"https:\/\/www.aarquiteta.com.br\/blog\/wp-json\/wp\/v2\/posts\/155392\/revisions"}],"wp:featuredmedia":[{"embeddable":true,"href":"https:\/\/www.aarquiteta.com.br\/blog\/wp-json\/wp\/v2\/media\/155389"}],"wp:attachment":[{"href":"https:\/\/www.aarquiteta.com.br\/blog\/wp-json\/wp\/v2\/media?parent=155392"}],"wp:term":[{"taxonomy":"category","embeddable":true,"href":"https:\/\/www.aarquiteta.com.br\/blog\/wp-json\/wp\/v2\/categories?post=155392"},{"taxonomy":"post_tag","embeddable":true,"href":"https:\/\/www.aarquiteta.com.br\/blog\/wp-json\/wp\/v2\/tags?post=155392"}],"curies":[{"name":"wp","href":"https:\/\/api.w.org\/{rel}","templated":true}]}}