{"id":155383,"date":"2025-11-27T07:32:49","date_gmt":"2025-11-27T10:32:49","guid":{"rendered":"https:\/\/www.aarquiteta.com.br\/blog\/decoracao-de-apartamento-pequeno-2\/"},"modified":"2025-11-27T07:32:49","modified_gmt":"2025-11-27T10:32:49","slug":"decoracao-de-apartamento-pequeno-2","status":"publish","type":"post","link":"https:\/\/www.aarquiteta.com.br\/blog\/decoracao-de-apartamento-pequeno-2\/","title":{"rendered":"Transforme seu apartamento pequeno: 10 ideias para ganhar espa\u00e7o e estilo"},"content":{"rendered":"<p>Transformar um apartamento pequeno em um espa\u00e7o bonito e funcional \u00e9 totalmente poss\u00edvel! Com algumas dicas pr\u00e1ticas, voc\u00ea pode ganhar espa\u00e7o e estilo.<\/p>\n<figure style=\"width: 1024px\" class=\"wp-caption aligncenter\"><img decoding=\"async\" src=\"https:\/\/www.aarquiteta.com.br\/blog\/wp-content\/uploads\/2025\/11\/decoracao-de-apartamento-pequeno01.jpg\" alt=\"decoracao-de-apartamento-pequeno\" width=\"1024\" height=\"1024\" title=\"\"><figcaption class=\"wp-caption-text\">decoracao-de-apartamento-pequeno<\/figcaption><\/figure>\n<h3>1. M\u00f3veis Planejados<\/h3>\n<p>Investir em <b>m\u00f3veis planejados<\/b> \u00e9 um ponto crucial. Eles se adaptam perfeitamente ao ambiente, aproveitando cada canto e criando solu\u00e7\u00f5es retr\u00e1teis que otimizam o espa\u00e7o.<\/p>\n<figure style=\"width: 1024px\" class=\"wp-caption aligncenter\"><img decoding=\"async\" src=\"https:\/\/www.aarquiteta.com.br\/blog\/wp-content\/uploads\/2025\/11\/decoracao-de-apartamento-pequeno02.jpg\" alt=\"decoracao-de-apartamento-pequeno\" width=\"1024\" height=\"1024\" title=\"\"><figcaption class=\"wp-caption-text\">decoracao-de-apartamento-pequeno<\/figcaption><\/figure>\n<h3>2. Decorar na Vertical<\/h3>\n<p>N\u00e3o subestime as <b>paredes<\/b>! Prateleiras e estantes podem ser suas aliadas. Al\u00e9m de decorativas, ajudam a organizar livros e objetos, deixando o ambiente mais pessoal.<\/p>\n<figure style=\"width: 1024px\" class=\"wp-caption aligncenter\"><img decoding=\"async\" src=\"https:\/\/www.aarquiteta.com.br\/blog\/wp-content\/uploads\/2025\/11\/decoracao-de-apartamento-pequeno03.jpg\" alt=\"decoracao-de-apartamento-pequeno\" width=\"1024\" height=\"1024\" title=\"\"><figcaption class=\"wp-caption-text\">decoracao-de-apartamento-pequeno<\/figcaption><\/figure>\n<h3>3. Escolha Cores Claras<\/h3>\n<p>Aposte em <b>cores claras<\/b> para ampliar visualmente o espa\u00e7o. Tons como cinza, bege e verde claro refletem a luz natural e tornam o ambiente mais aberto.<\/p>\n<h3>4. M\u00f3veis Multiuso<\/h3>\n<p>Um <b>sof\u00e1-cama<\/b> ou mesas dobr\u00e1veis s\u00e3o excelentes para quem recebe visitas e precisa de flexibilidade. Eles transformam um espa\u00e7o comum em algo funcional e diversificado.<\/p>\n<h3>5. Mantenha o Essencial<\/h3>\n<p>Descarte o que n\u00e3o \u00e9 \u00fatil! Manter apenas o <b>essencial<\/b> ajuda a liberar espa\u00e7o e traz uma nova energia para o apartamento. Menos \u00e9 mais!<\/p>\n<h3>6. Integra\u00e7\u00e3o dos Ambientes<\/h3>\n<p>Integrar \u00e1reas como sala e sacada \u00e9 uma \u00f3tima estrat\u00e9gia. Use <b>almofadas<\/b> e plantas para criar um ambiente coeso e aconchegante.<\/p>\n<h3>7. Organize o Cotidiano<\/h3>\n<p>Estabelecer um local fixo para itens do dia a dia, como chaves e bolsas, ajuda na <b>organiza\u00e7\u00e3o<\/b> e mant\u00e9m o apartamento visualmente agradavel.<\/p>\n<p><div class=\"youtube-embed\" data-video_id=\"e5q_1gg3_Ps\"><iframe title=\"Sala | apto pequeno | m\u00f3veis planejados #moveis #moveisplanejados #projetoresidencial #apartamento\" width=\"696\" height=\"392\" src=\"https:\/\/www.youtube.com\/embed\/e5q_1gg3_Ps?feature=oembed&#038;enablejsapi=1\" frameborder=\"0\" allow=\"accelerometer; autoplay; clipboard-write; encrypted-media; gyroscope; picture-in-picture; web-share\" referrerpolicy=\"strict-origin-when-cross-origin\" allowfullscreen><\/iframe><\/div>\n<\/p>\n<h3>8. Crie Ambientes Funcionais<\/h3>\n<p>Um hall de entrada com sapateira e cabideiros pode facilitar sua rotina, tornando-a muito mais pr\u00e1tica. <b>Funcionalidade<\/b> \u00e9 chave em apartamentos pequenos.<\/p>\n<h3>9. Utilize Ilumina\u00e7\u00e3o Estrat\u00e9gica<\/h3>\n<p>Ilumina\u00e7\u00e3o bem planejada pode criar uma sensa\u00e7\u00e3o de <b>amplitude<\/b>. Use luzes direcionadas e mire em \u00e1reas que voc\u00ea quer destacar.<\/p>\n<h3>10. Aposte em Ilus\u00f5es de \u00d3tica<\/h3>\n<p>Pinturas que seguem o teto ou uso de espelhos amplia visualmente o espa\u00e7o. Isso surpreende e <b>transforma<\/b> o ambiente completamente.<\/p>\n<table>\n<thead>\n<tr>\n<th>Dica<\/th>\n<th>Descri\u00e7\u00e3o<\/th>\n<\/tr>\n<\/thead>\n<tbody>\n<tr>\n<td>M\u00f3veis Planejados<\/td>\n<td>Aproveitam cada canto do ambiente.<\/td>\n<\/tr>\n<tr>\n<td>Decora\u00e7\u00e3o Vertical<\/td>\n<td>Prateleiras e estantes s\u00e3o \u00fateis e decorativas.<\/td>\n<\/tr>\n<tr>\n<td>Cores Claras<\/td>\n<td>Ampliam o espa\u00e7o e refletem luz.<\/td>\n<\/tr>\n<tr>\n<td>M\u00f3veis Multiuso<\/td>\n<td>Transformam ambientes de forma din\u00e2mica.<\/td>\n<\/tr>\n<tr>\n<td>Manter o Essencial<\/td>\n<td>Libera espa\u00e7o e renova energia.<\/td>\n<\/tr>\n<\/tbody>\n<\/table>\n<p><b>Transforme seu pequeno apartamento<\/b> em um espa\u00e7o estiloso e funcional! Siga essas dicas e compartilhe suas experi\u00eancias nos coment\u00e1rios. O que mais voc\u00ea gostaria de aprender sobre decora\u00e7\u00e3o?<\/p>\n","protected":false},"excerpt":{"rendered":"<p>Transforme seu apartamento pequeno: 10 ideias para ganhar espa\u00e7o e estilo<\/p>\n","protected":false},"author":102,"featured_media":155380,"comment_status":"open","ping_status":"","sticky":false,"template":"","format":"standard","meta":{"footnotes":""},"categories":[1484],"tags":[],"class_list":["post-155383","post","type-post","status-publish","format-standard","has-post-thumbnail","category-decoracao"],"_wp_attached_file":null,"_wp_attachment_metadata":null,"_wp_attachment_context":null,"_wp_attachment_is_custom_header":null,"geo_longitude":null,"geo_public":null,"geo_latitude":null,"_publicize_done_external":null,"_wpas_done_3897181":null,"publicize_twitter_user":null,"_wpas_done_3897175":null,"_wpas_skip_3897181":null,"_wpas_skip_3897175":null,"_wpas_skip_3924723":null,"_wpas_mess":null,"_wpas_done_3924723":null,"wps_subtitle":"","_links":{"self":[{"href":"https:\/\/www.aarquiteta.com.br\/blog\/wp-json\/wp\/v2\/posts\/155383","targetHints":{"allow":["GET"]}}],"collection":[{"href":"https:\/\/www.aarquiteta.com.br\/blog\/wp-json\/wp\/v2\/posts"}],"about":[{"href":"https:\/\/www.aarquiteta.com.br\/blog\/wp-json\/wp\/v2\/types\/post"}],"author":[{"embeddable":true,"href":"https:\/\/www.aarquiteta.com.br\/blog\/wp-json\/wp\/v2\/users\/102"}],"replies":[{"embeddable":true,"href":"https:\/\/www.aarquiteta.com.br\/blog\/wp-json\/wp\/v2\/comments?post=155383"}],"version-history":[{"count":0,"href":"https:\/\/www.aarquiteta.com.br\/blog\/wp-json\/wp\/v2\/posts\/155383\/revisions"}],"wp:featuredmedia":[{"embeddable":true,"href":"https:\/\/www.aarquiteta.com.br\/blog\/wp-json\/wp\/v2\/media\/155380"}],"wp:attachment":[{"href":"https:\/\/www.aarquiteta.com.br\/blog\/wp-json\/wp\/v2\/media?parent=155383"}],"wp:term":[{"taxonomy":"category","embeddable":true,"href":"https:\/\/www.aarquiteta.com.br\/blog\/wp-json\/wp\/v2\/categories?post=155383"},{"taxonomy":"post_tag","embeddable":true,"href":"https:\/\/www.aarquiteta.com.br\/blog\/wp-json\/wp\/v2\/tags?post=155383"}],"curies":[{"name":"wp","href":"https:\/\/api.w.org\/{rel}","templated":true}]}}