{"id":155378,"date":"2025-11-26T21:02:09","date_gmt":"2025-11-27T00:02:09","guid":{"rendered":"https:\/\/www.aarquiteta.com.br\/blog\/7-inovacoes-que-transformarao-o-design-da-sua-casa\/"},"modified":"2025-11-26T21:02:09","modified_gmt":"2025-11-27T00:02:09","slug":"7-inovacoes-que-transformarao-o-design-da-sua-casa","status":"publish","type":"post","link":"https:\/\/www.aarquiteta.com.br\/blog\/7-inovacoes-que-transformarao-o-design-da-sua-casa\/","title":{"rendered":"7 Inova\u00e7\u00f5es que Transformar\u00e3o o Design da Sua Casa"},"content":{"rendered":"<p>Voc\u00ea sabia que algumas inova\u00e7\u00f5es podem transformar completamente o design da sua casa? Vamos explorar 7 delas que v\u00e3o deix\u00e1-la mais funcional e elegante.<\/p>\n<img decoding=\"async\" src=\"https:\/\/www.aarquiteta.com.br\/blog\/wp-content\/uploads\/2025\/11\/01-24.jpg\" alt=\"\" width=\"1024\" height=\"1024\" title=\"\">\n<h3>1. Vidro Eletrocr\u00f4mico<\/h3>\n<p>O <b>vidro eletrocr\u00f4mico<\/b> ajusta sua tonalidade com uma carga el\u00e9trica, oferecendo controle total sobre a luz natural e a temperatura. Imagine aumentar a privacidade ou reduzir o calor sem precisar de cortinas!<\/p>\n<img decoding=\"async\" src=\"https:\/\/www.aarquiteta.com.br\/blog\/wp-content\/uploads\/2025\/11\/02-24.jpg\" alt=\"\" width=\"1024\" height=\"1024\" title=\"\">\n<h3>2. Janelas Fotovoltaicas<\/h3>\n<p>As <b>janelas fotovoltaicas<\/b> n\u00e3o apenas deixam a luz entrar, mas tamb\u00e9m geram eletricidade. Esses pain\u00e9is solares transparentes s\u00e3o ideais para quem possui pouco espa\u00e7o no telhado e ainda quer aproveitar energia renov\u00e1vel.<\/p>\n<img decoding=\"async\" src=\"https:\/\/www.aarquiteta.com.br\/blog\/wp-content\/uploads\/2025\/11\/03-24.jpg\" alt=\"\" width=\"1024\" height=\"1024\" title=\"\">\n<h3>3. Vidro Autolimpante<\/h3>\n<p>Quem n\u00e3o gostaria de janelas que se limpam sozinhas? O <b>vidro autolimpante<\/b> utiliza um revestimento que quebra a sujeira ao entrar em contato com a luz solar, facilitando a manuten\u00e7\u00e3o e economizando tempo.<\/p>\n<h3>4. Janelas Termocrom\u00e1ticas<\/h3>\n<p>As <b>janelas termocrom\u00e1ticas<\/b> mudam de opacidade com a temperatura. Isso significa que em dias quentes, elas bloqueiam o calor, regulando a temperatura da casa automaticamente, assim voc\u00ea economiza com energia.<\/p>\n<h3>5. Janelas Ac\u00fasticas<\/h3>\n<p>Para quem vive em \u00e1reas barulhentas, as <b>janelas ac\u00fasticas<\/b> s\u00e3o a solu\u00e7\u00e3o perfeita. Elas utilizam tecnologia avan\u00e7ada para isolar o som, criando um ambiente mais tranquilo e confort\u00e1vel.<\/p>\n<h3>6. Ilumina\u00e7\u00e3o Integrada nas Janelas<\/h3>\n<p>A ilumina\u00e7\u00e3o <b>integrada nas janelas<\/b> proporciona um charme especial, al\u00e9m de funcionalidades. A luz LED pode mud\u00e1-la todo de acordo com o humor ou a necessidade do ambiente, seja para criar um clima aconchegante ou um espa\u00e7o mais animado.<\/p>\n<h3>7. Janelas de Vidro Laminado<\/h3>\n<p>Quanto mais seguran\u00e7a, melhor! As <b>janelas de vidro laminado<\/b> s\u00e3o uma excelente op\u00e7\u00e3o, j\u00e1 que oferecem uma prote\u00e7\u00e3o extra contra impactos e ainda proporcionam isolamento t\u00e9rmico e ac\u00fastico.<\/p>\n<p><div class=\"youtube-embed\" data-video_id=\"-URFdxYJUms\"><iframe title=\"REHAU - Janelas inteligentes que contribuem para a sua vida\" width=\"696\" height=\"392\" src=\"https:\/\/www.youtube.com\/embed\/-URFdxYJUms?feature=oembed&#038;enablejsapi=1\" frameborder=\"0\" allow=\"accelerometer; autoplay; clipboard-write; encrypted-media; gyroscope; picture-in-picture; web-share\" referrerpolicy=\"strict-origin-when-cross-origin\" allowfullscreen><\/iframe><\/div>\n<\/p>\n<table>\n<tr>\n<th>Inova\u00e7\u00e3o<\/th>\n<th>Benef\u00edcio<\/th>\n<\/tr>\n<tr>\n<td>Vidro Eletrocr\u00f4mico<\/td>\n<td>Controle de luz e temperatura<\/td>\n<\/tr>\n<tr>\n<td>Janelas Fotovoltaicas<\/td>\n<td>Gera eletricidade<\/td>\n<\/tr>\n<tr>\n<td>Vidro Autolimpante<\/td>\n<td>Facilidade na manuten\u00e7\u00e3o<\/td>\n<\/tr>\n<tr>\n<td>Janelas Termocrom\u00e1ticas<\/td>\n<td>Regula a temperatura<\/td>\n<\/tr>\n<tr>\n<td>Janelas Ac\u00fasticas<\/td>\n<td>Isolamento do som<\/td>\n<\/tr>\n<tr>\n<td>Ilumina\u00e7\u00e3o Integrada<\/td>\n<td>Ambiente personaliz\u00e1vel<\/td>\n<\/tr>\n<tr>\n<td>Vidro Laminado<\/td>\n<td>Seguran\u00e7a e isolamento<\/td>\n<\/tr>\n<\/table>\n<p>Essas inova\u00e7\u00f5es n\u00e3o s\u00e3o apenas empolgantes, mas pr\u00e1ticas e trazem um grande impacto ao design da sua casa.<\/p>\n<p>Explorar as tecnologias certas pode n\u00e3o apenas melhorar sua qualidade de vida, mas tamb\u00e9m economizar no longo prazo. Quer saber mais sobre como essas inova\u00e7\u00f5es podem ser aplicadas na sua reforma ou constru\u00e7\u00e3o? N\u00e3o hesite em interagir nos coment\u00e1rios ou navegar por mais conte\u00fados inspiradores em nosso blog!<\/p>\n","protected":false},"excerpt":{"rendered":"<p>7 Inova\u00e7\u00f5es que Transformar\u00e3o o Design da Sua Casa<\/p>\n","protected":false},"author":102,"featured_media":155375,"comment_status":"open","ping_status":"","sticky":false,"template":"","format":"standard","meta":{"footnotes":""},"categories":[1484],"tags":[],"class_list":["post-155378","post","type-post","status-publish","format-standard","has-post-thumbnail","category-decoracao"],"_wp_attached_file":null,"_wp_attachment_metadata":null,"_wp_attachment_context":null,"_wp_attachment_is_custom_header":null,"geo_longitude":null,"geo_public":null,"geo_latitude":null,"_publicize_done_external":null,"_wpas_done_3897181":null,"publicize_twitter_user":null,"_wpas_done_3897175":null,"_wpas_skip_3897181":null,"_wpas_skip_3897175":null,"_wpas_skip_3924723":null,"_wpas_mess":null,"_wpas_done_3924723":null,"wps_subtitle":"","_links":{"self":[{"href":"https:\/\/www.aarquiteta.com.br\/blog\/wp-json\/wp\/v2\/posts\/155378","targetHints":{"allow":["GET"]}}],"collection":[{"href":"https:\/\/www.aarquiteta.com.br\/blog\/wp-json\/wp\/v2\/posts"}],"about":[{"href":"https:\/\/www.aarquiteta.com.br\/blog\/wp-json\/wp\/v2\/types\/post"}],"author":[{"embeddable":true,"href":"https:\/\/www.aarquiteta.com.br\/blog\/wp-json\/wp\/v2\/users\/102"}],"replies":[{"embeddable":true,"href":"https:\/\/www.aarquiteta.com.br\/blog\/wp-json\/wp\/v2\/comments?post=155378"}],"version-history":[{"count":0,"href":"https:\/\/www.aarquiteta.com.br\/blog\/wp-json\/wp\/v2\/posts\/155378\/revisions"}],"wp:featuredmedia":[{"embeddable":true,"href":"https:\/\/www.aarquiteta.com.br\/blog\/wp-json\/wp\/v2\/media\/155375"}],"wp:attachment":[{"href":"https:\/\/www.aarquiteta.com.br\/blog\/wp-json\/wp\/v2\/media?parent=155378"}],"wp:term":[{"taxonomy":"category","embeddable":true,"href":"https:\/\/www.aarquiteta.com.br\/blog\/wp-json\/wp\/v2\/categories?post=155378"},{"taxonomy":"post_tag","embeddable":true,"href":"https:\/\/www.aarquiteta.com.br\/blog\/wp-json\/wp\/v2\/tags?post=155378"}],"curies":[{"name":"wp","href":"https:\/\/api.w.org\/{rel}","templated":true}]}}