{"id":155359,"date":"2025-11-25T21:02:04","date_gmt":"2025-11-26T00:02:04","guid":{"rendered":"https:\/\/www.aarquiteta.com.br\/blog\/as-10-melhores-ideias-para-decorar-sua-sala-laranja\/"},"modified":"2025-11-25T21:02:04","modified_gmt":"2025-11-26T00:02:04","slug":"as-10-melhores-ideias-para-decorar-sua-sala-laranja","status":"publish","type":"post","link":"https:\/\/www.aarquiteta.com.br\/blog\/as-10-melhores-ideias-para-decorar-sua-sala-laranja\/","title":{"rendered":"As 10 Melhores Ideias para Decorar sua Sala Laranja"},"content":{"rendered":"<p>Voc\u00ea j\u00e1 pensou em como a cor laranja pode transformar sua sala? Neste artigo, vou mostrar as <b>10 melhores ideias<\/b> para decorar sua sala com essa cor vibrante, cheia de energia e acolhimento!<\/p>\n<img decoding=\"async\" src=\"https:\/\/www.aarquiteta.com.br\/blog\/wp-content\/uploads\/2025\/11\/01-23.jpg\" alt=\"\" width=\"1024\" height=\"1024\" title=\"\">\n<p>A sala \u00e9 o cora\u00e7\u00e3o da casa, e com as ideias certas, voc\u00ea pode criar um ambiente vibrante e convidativo. O laranja traz um toque de <b>alegria<\/b> e personalidade, tornando a decora\u00e7\u00e3o mais acolhedora. Aqui est\u00e3o algumas sugest\u00f5es incr\u00edveis para voc\u00ea se inspirar.<\/p>\n<img decoding=\"async\" src=\"https:\/\/www.aarquiteta.com.br\/blog\/wp-content\/uploads\/2025\/11\/02-23.jpg\" alt=\"\" width=\"1024\" height=\"1024\" title=\"\">\n<h3>1. Paredes em Laranja Queimado<\/h3>\n<p>As <b>paredes laranja queimado<\/b> s\u00e3o sofisticadas e confort\u00e1veis. Elas criam um espa\u00e7o perfeito para relaxar e receber amigos.<\/p>\n<img decoding=\"async\" src=\"https:\/\/www.aarquiteta.com.br\/blog\/wp-content\/uploads\/2025\/11\/03-23.jpg\" alt=\"\" width=\"1024\" height=\"1024\" title=\"\">\n<h3>2. Destaques com Laranja Brilhante<\/h3>\n<p>Se preferir algo mais sutil, opte por uma <b>parede de destaque<\/b> laranja brilhante. Assim, \u00e9 poss\u00edvel energizar o ambiente sem exageros.<\/p>\n<h3>3. Almofadas e Mantas Tangerina<\/h3>\n<p>Adicione <b>almofadas e mantas<\/b> em tons de tangerina no sof\u00e1 neutro para um toque vibrante e acolhedor.<\/p>\n<h3>4. M\u00f3veis Laranja como Ponto Focal<\/h3>\n<p>Um sof\u00e1 ou poltrona laranja pode se tornar o <b>foco da sala<\/b>, trazendo vida ao seu espa\u00e7o.<\/p>\n<h3>5. Cortinas com Padr\u00f5es em Laranja<\/h3>\n<p>Cortinas <b>em laranja<\/b> com padr\u00f5es interessantes adicionam um toque de movimento e estilo ao ambiente.<\/p>\n<h3>6. Combinando Tons Neutros com Laranja<\/h3>\n<p>A combina\u00e7\u00e3o de laranja com <b>tons neutros<\/b> (bege, branco) cria um equil\u00edbrio que mant\u00e9m o espa\u00e7o harmonioso.<\/p>\n<p>https:\/\/www.youtube.com\/watch?v=<\/p>\n<h3>7. Tangerina e Azul Turquesa<\/h3>\n<p>Experimente a combina\u00e7\u00e3o de <b>tangerina e azul turquesa<\/b> para um visual vibrante e moderno.<\/p>\n<h3>8. Paleta de Cores do P\u00f4r do Sol<\/h3>\n<p>Amplie suas op\u00e7\u00f5es com uma <b>paleta inspirada no p\u00f4r do sol<\/b>, misturando amarelos e vermelhos ao laranja.<\/p>\n<h3>9. Quadros e Arte Laranja<\/h3>\n<p>Um <b>quadro laranja<\/b> pode atuar como um elemento central, trazendo cor e personalidade ao espa\u00e7o.<\/p>\n<h3>10. Tapetes Laranja para Textura<\/h3>\n<p>Adicione um <b>tapete laranja<\/b> para criar uma base acolhedora \u00e0 sala, complementando o restante da decora\u00e7\u00e3o.<\/p>\n<table>\n<tr>\n<th>Ideia<\/th>\n<th>Descri\u00e7\u00e3o<\/th>\n<\/tr>\n<tr>\n<td>Paredes em Laranja Queimado<\/td>\n<td>Aconchegante e sofisticado.<\/td>\n<\/tr>\n<tr>\n<td>Destaques em Laranja Brilhante<\/td>\n<td>Energia sem exageros.<\/td>\n<\/tr>\n<tr>\n<td>Almofadas e Mantas Tangerina<\/td>\n<td>Toque vibrante no sof\u00e1.<\/td>\n<\/tr>\n<tr>\n<td>M\u00f3veis Laranja<\/td>\n<td>Foco no espa\u00e7o.<\/td>\n<\/tr>\n<tr>\n<td>Cortinas em Laranja<\/td>\n<td>Movimento e estilo.<\/td>\n<\/tr>\n<\/table>\n<p><b>\u00c9 incr\u00edvel como o laranja<\/b> pode transformar sua sala em um espa\u00e7o cheio de vida! Espero que essas dicas inspirem voc\u00ea a criar um ambiente acolhedor e estiloso.<\/p>\n<p>Gostou das ideias? <b>Compartilhe sua opini\u00e3o<\/b> nos coment\u00e1rios! E n\u00e3o se esque\u00e7a de conferir outros artigos do blog sobre decora\u00e7\u00e3o e estilo de vida.<\/p>\n","protected":false},"excerpt":{"rendered":"<p>As 10 Melhores Ideias para Decorar sua Sala Laranja<\/p>\n","protected":false},"author":102,"featured_media":155356,"comment_status":"open","ping_status":"","sticky":false,"template":"","format":"standard","meta":{"footnotes":""},"categories":[1484],"tags":[],"class_list":["post-155359","post","type-post","status-publish","format-standard","has-post-thumbnail","category-decoracao"],"_wp_attached_file":null,"_wp_attachment_metadata":null,"_wp_attachment_context":null,"_wp_attachment_is_custom_header":null,"geo_longitude":null,"geo_public":null,"geo_latitude":null,"_publicize_done_external":null,"_wpas_done_3897181":null,"publicize_twitter_user":null,"_wpas_done_3897175":null,"_wpas_skip_3897181":null,"_wpas_skip_3897175":null,"_wpas_skip_3924723":null,"_wpas_mess":null,"_wpas_done_3924723":null,"wps_subtitle":"","_links":{"self":[{"href":"https:\/\/www.aarquiteta.com.br\/blog\/wp-json\/wp\/v2\/posts\/155359","targetHints":{"allow":["GET"]}}],"collection":[{"href":"https:\/\/www.aarquiteta.com.br\/blog\/wp-json\/wp\/v2\/posts"}],"about":[{"href":"https:\/\/www.aarquiteta.com.br\/blog\/wp-json\/wp\/v2\/types\/post"}],"author":[{"embeddable":true,"href":"https:\/\/www.aarquiteta.com.br\/blog\/wp-json\/wp\/v2\/users\/102"}],"replies":[{"embeddable":true,"href":"https:\/\/www.aarquiteta.com.br\/blog\/wp-json\/wp\/v2\/comments?post=155359"}],"version-history":[{"count":0,"href":"https:\/\/www.aarquiteta.com.br\/blog\/wp-json\/wp\/v2\/posts\/155359\/revisions"}],"wp:featuredmedia":[{"embeddable":true,"href":"https:\/\/www.aarquiteta.com.br\/blog\/wp-json\/wp\/v2\/media\/155356"}],"wp:attachment":[{"href":"https:\/\/www.aarquiteta.com.br\/blog\/wp-json\/wp\/v2\/media?parent=155359"}],"wp:term":[{"taxonomy":"category","embeddable":true,"href":"https:\/\/www.aarquiteta.com.br\/blog\/wp-json\/wp\/v2\/categories?post=155359"},{"taxonomy":"post_tag","embeddable":true,"href":"https:\/\/www.aarquiteta.com.br\/blog\/wp-json\/wp\/v2\/tags?post=155359"}],"curies":[{"name":"wp","href":"https:\/\/api.w.org\/{rel}","templated":true}]}}