{"id":155349,"date":"2025-11-25T15:32:48","date_gmt":"2025-11-25T18:32:48","guid":{"rendered":"https:\/\/www.aarquiteta.com.br\/blog\/5-porques-como-chegar-rapido-a-raiz-de-um-problema\/"},"modified":"2025-11-25T15:32:48","modified_gmt":"2025-11-25T18:32:48","slug":"5-porques-como-chegar-rapido-a-raiz-de-um-problema","status":"publish","type":"post","link":"https:\/\/www.aarquiteta.com.br\/blog\/5-porques-como-chegar-rapido-a-raiz-de-um-problema\/","title":{"rendered":"Descubra as 5 Perguntas que Levam \u00e0 Raiz do Problema"},"content":{"rendered":"<p>Voc\u00ea sabia que a t\u00e9cnica dos 5 porqu\u00eas pode transform\u00e1-lo em um solucionador de problemas \u00e1gil e eficiente?<\/p>\n<figure style=\"width: 1024px\" class=\"wp-caption aligncenter\"><img decoding=\"async\" src=\"https:\/\/www.aarquiteta.com.br\/blog\/wp-content\/uploads\/2025\/11\/5-porques-como-chegar-rapido-a-raiz-de-um-problema01.jpg\" alt=\"5-porques-como-chegar-rapido-a-raiz-de-um-problema\" width=\"1024\" height=\"1024\" title=\"\"><figcaption class=\"wp-caption-text\">5-porques-como-chegar-rapido-a-raiz-de-um-problema<\/figcaption><\/figure>\n<h3>Descubra os 5 Porqu\u00eas<\/h3>\n<p>O m\u00e9todo dos 5 porqu\u00eas \u00e9 uma t\u00e9cnica que ajuda a identificar a <b>causa raiz<\/b> de um problema. A ideia b\u00e1sica \u00e9 fazer uma s\u00e9rie de perguntas que levam a respostas cada vez mais relevantes.<\/p>\n<figure style=\"width: 1024px\" class=\"wp-caption aligncenter\"><img decoding=\"async\" src=\"https:\/\/www.aarquiteta.com.br\/blog\/wp-content\/uploads\/2025\/11\/5-porques-como-chegar-rapido-a-raiz-de-um-problema02.jpg\" alt=\"5-porques-como-chegar-rapido-a-raiz-de-um-problema\" width=\"1024\" height=\"1024\" title=\"\"><figcaption class=\"wp-caption-text\">5-porques-como-chegar-rapido-a-raiz-de-um-problema<\/figcaption><\/figure>\n<h3>O que s\u00e3o os 5 porqu\u00eas?<\/h3>\n<p>Essa t\u00e9cnica foi criada por Taiichi Ono, um dos idealizadores do <b>Sistema de Produ\u00e7\u00e3o Toyota.<\/b> Ao ser utilizada, permite que voc\u00ea n\u00e3o apenas identifique um problema, mas tamb\u00e9m entenda suas <b>origens.<\/b><\/p>\n<figure style=\"width: 1024px\" class=\"wp-caption aligncenter\"><img decoding=\"async\" src=\"https:\/\/www.aarquiteta.com.br\/blog\/wp-content\/uploads\/2025\/11\/5-porques-como-chegar-rapido-a-raiz-de-um-problema03.jpg\" alt=\"5-porques-como-chegar-rapido-a-raiz-de-um-problema\" width=\"1024\" height=\"1024\" title=\"\"><figcaption class=\"wp-caption-text\">5-porques-como-chegar-rapido-a-raiz-de-um-problema<\/figcaption><\/figure>\n<h3>Como aplicar a t\u00e9cnica?<\/h3>\n<ul>\n<li><b>Identifique o sintoma:<\/b> O que est\u00e1 apresentando problemas?<\/li>\n<li><b>Por que aconteceu?<\/b> Questione a situa\u00e7\u00e3o que levou ao sintoma.<\/li>\n<li><b>Quem \u00e9 o respons\u00e1vel?<\/b> Identifique culpados.<\/li>\n<li><b>Qual \u00e9 a causa?<\/b> Pergunte-se o que provocou a falta.<\/li>\n<li><b>Qual \u00e9 a causa raiz?<\/b> Finalmente, busque a resposta mais profunda.<\/li>\n<\/ul>\n<h3>Benef\u00edcios na constru\u00e7\u00e3o civil<\/h3>\n<p>Na constru\u00e7\u00e3o civil, essa metodologia se torna <b>essencial<\/b> para um gestor. Com tantos processos relevantes, ter uma ferramenta como essa faz a diferen\u00e7a na <b>efici\u00eancia<\/b> e no controle de custos.<\/p>\n<h3>Exemplo pr\u00e1tico na obra<\/h3>\n<p>Imagine que a qualidade da obra est\u00e1 abaixo do esperado. Ao aplicar os 5 porqu\u00eas:<\/p>\n<table>\n<tr>\n<th>Pergunta<\/th>\n<th>Resposta<\/th>\n<\/tr>\n<tr>\n<td>1. O que est\u00e1 acontecendo?<\/td>\n<td>Temos fissuras nas paredes.<\/td>\n<\/tr>\n<tr>\n<td>2. Por que isso acontece?<\/td>\n<td>Pela falta de cura adequada do concreto.<\/td>\n<\/tr>\n<tr>\n<td>3. Quem \u00e9 respons\u00e1vel?<\/td>\n<td>A equipe de aplica\u00e7\u00e3o do concreto.<\/td>\n<\/tr>\n<tr>\n<td>4. O que causou isso?<\/td>\n<td>Falta de treinamento adequado.<\/td>\n<\/tr>\n<tr>\n<td>5. Qual \u00e9 a causa raiz?<\/td>\n<td>Aus\u00eancia de um plano de treinamentos cont\u00ednuos.<\/td>\n<\/tr>\n<\/table>\n<h3>Import\u00e2ncia da agilidade<\/h3>\n<p>Optar por esse m\u00e9todo significa tamb\u00e9m garantir <b>agilidade<\/b> nas decis\u00f5es e uma gest\u00e3o eficaz. Uma a\u00e7\u00e3o r\u00e1pida pode reduzir <b>perdas financeiras<\/b> e manter a qualidade da obra.<\/p>\n<h3>Encaminhe sua gest\u00e3o<\/h3>\n<p>Como gestores de obras, estamos sempre buscando maneiras de <b>melhorar<\/b> e ampliar nossa efic\u00e1cia. Utilizar os 5 porqu\u00eas \u00e9 um passo fundamental. Agora, quero saber de voc\u00ea:<\/p>\n<p>Quais ferramentas voc\u00ea j\u00e1 usou para otimizar a gest\u00e3o da sua obra? <b>Compartilhe suas experi\u00eancias!<\/b><\/p>\n<p><div class=\"youtube-embed\" data-video_id=\"IKmPci5VXz0\"><iframe title=\"Natalia Lafourcade - Hasta la Ra\u00edz\" width=\"696\" height=\"392\" src=\"https:\/\/www.youtube.com\/embed\/IKmPci5VXz0?feature=oembed&#038;enablejsapi=1\" frameborder=\"0\" allow=\"accelerometer; autoplay; clipboard-write; encrypted-media; gyroscope; picture-in-picture; web-share\" referrerpolicy=\"strict-origin-when-cross-origin\" allowfullscreen><\/iframe><\/div><\/p>\n","protected":false},"excerpt":{"rendered":"<p>Descubra as 5 Perguntas que Levam \u00e0 Raiz do Problema<\/p>\n","protected":false},"author":102,"featured_media":155346,"comment_status":"open","ping_status":"","sticky":false,"template":"","format":"standard","meta":{"footnotes":""},"categories":[249,1484],"tags":[],"class_list":["post-155349","post","type-post","status-publish","format-standard","has-post-thumbnail","category-engenharia-e-construcao-civil","category-decoracao"],"_wp_attached_file":null,"_wp_attachment_metadata":null,"_wp_attachment_context":null,"_wp_attachment_is_custom_header":null,"geo_longitude":null,"geo_public":null,"geo_latitude":null,"_publicize_done_external":null,"_wpas_done_3897181":null,"publicize_twitter_user":null,"_wpas_done_3897175":null,"_wpas_skip_3897181":null,"_wpas_skip_3897175":null,"_wpas_skip_3924723":null,"_wpas_mess":null,"_wpas_done_3924723":null,"wps_subtitle":"","_links":{"self":[{"href":"https:\/\/www.aarquiteta.com.br\/blog\/wp-json\/wp\/v2\/posts\/155349","targetHints":{"allow":["GET"]}}],"collection":[{"href":"https:\/\/www.aarquiteta.com.br\/blog\/wp-json\/wp\/v2\/posts"}],"about":[{"href":"https:\/\/www.aarquiteta.com.br\/blog\/wp-json\/wp\/v2\/types\/post"}],"author":[{"embeddable":true,"href":"https:\/\/www.aarquiteta.com.br\/blog\/wp-json\/wp\/v2\/users\/102"}],"replies":[{"embeddable":true,"href":"https:\/\/www.aarquiteta.com.br\/blog\/wp-json\/wp\/v2\/comments?post=155349"}],"version-history":[{"count":0,"href":"https:\/\/www.aarquiteta.com.br\/blog\/wp-json\/wp\/v2\/posts\/155349\/revisions"}],"wp:featuredmedia":[{"embeddable":true,"href":"https:\/\/www.aarquiteta.com.br\/blog\/wp-json\/wp\/v2\/media\/155346"}],"wp:attachment":[{"href":"https:\/\/www.aarquiteta.com.br\/blog\/wp-json\/wp\/v2\/media?parent=155349"}],"wp:term":[{"taxonomy":"category","embeddable":true,"href":"https:\/\/www.aarquiteta.com.br\/blog\/wp-json\/wp\/v2\/categories?post=155349"},{"taxonomy":"post_tag","embeddable":true,"href":"https:\/\/www.aarquiteta.com.br\/blog\/wp-json\/wp\/v2\/tags?post=155349"}],"curies":[{"name":"wp","href":"https:\/\/api.w.org\/{rel}","templated":true}]}}