{"id":155344,"date":"2025-11-25T07:32:44","date_gmt":"2025-11-25T10:32:44","guid":{"rendered":"https:\/\/www.aarquiteta.com.br\/blog\/cores-que-combinam-com-laranja-2\/"},"modified":"2025-11-25T07:32:44","modified_gmt":"2025-11-25T10:32:44","slug":"cores-que-combinam-com-laranja-2","status":"publish","type":"post","link":"https:\/\/www.aarquiteta.com.br\/blog\/cores-que-combinam-com-laranja-2\/","title":{"rendered":"10 Inspira\u00e7\u00f5es com laranja para transformar sua decora\u00e7\u00e3o"},"content":{"rendered":"<p>Voc\u00ea j\u00e1 percebeu como o <b>laranja<\/b> pode transformar a decora\u00e7\u00e3o de qualquer ambiente? Nesta jornada, vou te apresentar 10 fontes de inspira\u00e7\u00e3o incr\u00edveis para incluir essa cor vibrante na sua casa.<\/p>\n<figure style=\"width: 1024px\" class=\"wp-caption aligncenter\"><img decoding=\"async\" src=\"https:\/\/www.aarquiteta.com.br\/blog\/wp-content\/uploads\/2025\/11\/cores-que-combinam-com-laranja01.jpg\" alt=\"cores-que-combinam-com-laranja\" width=\"1024\" height=\"1024\" title=\"\"><figcaption class=\"wp-caption-text\">cores-que-combinam-com-laranja<\/figcaption><\/figure>\n<h3>Transformando a Decora\u00e7\u00e3o com Laranja<\/h3>\n<p>O laranja \u00e9 uma cor que traz alegria e energia, perfeita para quem deseja um ambiente acolhedor. O segredo est\u00e1 em combin\u00e1-la de forma inteligente. Vou mostrar algumas dicas de uso dessa cor para transformar sua casa!<\/p>\n<figure style=\"width: 1024px\" class=\"wp-caption aligncenter\"><img decoding=\"async\" src=\"https:\/\/www.aarquiteta.com.br\/blog\/wp-content\/uploads\/2025\/11\/cores-que-combinam-com-laranja02.jpg\" alt=\"cores-que-combinam-com-laranja\" width=\"1024\" height=\"1024\" title=\"\"><figcaption class=\"wp-caption-text\">cores-que-combinam-com-laranja<\/figcaption><\/figure>\n<h3>1. Cozinhas Vibrantes<\/h3>\n<p>Em uma <b>cozinha<\/b>, o laranja pode se destacar em paredes ou eletrodom\u00e9sticos. Uma simples geladeira laranja pode dar vida ao espa\u00e7o e ser o ponto focal.<\/p>\n<figure style=\"width: 1024px\" class=\"wp-caption aligncenter\"><img decoding=\"async\" src=\"https:\/\/www.aarquiteta.com.br\/blog\/wp-content\/uploads\/2025\/11\/cores-que-combinam-com-laranja03.jpg\" alt=\"cores-que-combinam-com-laranja\" width=\"1024\" height=\"1024\" title=\"\"><figcaption class=\"wp-caption-text\">cores-que-combinam-com-laranja<\/figcaption><\/figure>\n<h3>2. Sala Alegre<\/h3>\n<p>Que tal um sof\u00e1 laranja na sala? Ele cria um ambiente divertido e convidativo, perfeito para receber amigos e fam\u00edlia.<\/p>\n<h3>3. Detalhes Importantes<\/h3>\n<p>Adicione almofadas ou quadros com detalhes em laranja. Esses <b>detalhes<\/b> contam uma hist\u00f3ria e trazem vida ao ambiente sem exageros.<\/p>\n<h3>4. Banheiro Energ\u00e9tico<\/h3>\n<p>Um banheiro pode ganhar uma nova cara com uma pintura laranja ou acess\u00f3rios como toalhas e tapetes nessa cor. Isso tira a <b>sobriedade<\/b> do branco e cinza.<\/p>\n<h3>5. Home Office Inspirador<\/h3>\n<p>Crie um <b>home office<\/b> cheio de energia com uma mesa laranja ou mesmo uma cadeira. O laranja \u00e9 \u00f3timo para estimular a criatividade.<\/p>\n<h3>6. Ilumina\u00e7\u00e3o C\u00e1lida<\/h3>\n<p>Use l\u00e2mpadas com luz laranja ou abajures dessa cor. A <b>ilumina\u00e7\u00e3o<\/b> torna o ambiente acolhedor e confort\u00e1vel.<\/p>\n<p><div class=\"youtube-embed\" data-video_id=\"5WSrL2iU6aQ\"><iframe title=\"Decora\u00e7\u00e3o de drinks com casca de laranja\" width=\"696\" height=\"392\" src=\"https:\/\/www.youtube.com\/embed\/5WSrL2iU6aQ?feature=oembed&#038;enablejsapi=1\" frameborder=\"0\" allow=\"accelerometer; autoplay; clipboard-write; encrypted-media; gyroscope; picture-in-picture; web-share\" referrerpolicy=\"strict-origin-when-cross-origin\" allowfullscreen><\/iframe><\/div>\n<\/p>\n<h3>7. Quarto Jovial<\/h3>\n<p>No quarto, misture tons de laranja com azul ou verde. Essa combina\u00e7\u00e3o traz uma <b>sensa\u00e7\u00e3o<\/b> de frescor e bem-estar.<\/p>\n<h3>8. Detalhes na Fachada<\/h3>\n<p>Pintar a porta ou o port\u00e3o de laranja pode dar um <b>toque especial<\/b> \u00e0 entrada da sua casa, tornando-a mais chamativa e acolhedora.<\/p>\n<h3>9. Artesanato e Decora\u00e7\u00e3o DIY<\/h3>\n<p>Se voc\u00ea ama fazer projetos de DIY, experimente criar itens decorativos em laranja. Esse <b>feito pessoal<\/b> traz um charme \u00fanico ao ambiente.<\/p>\n<h3>10. Plantas e Laranja<\/h3>\n<p>Colocar vasos florais ou plantas em pots laranja \u00e9 uma \u00f3tima forma de adicionar um toque de cor \u00e0 sua <b>decora\u00e7\u00e3o<\/b>.<\/p>\n<table>\n<tr>\n<th>Inspira\u00e7\u00e3o<\/th>\n<th>Descri\u00e7\u00e3o<\/th>\n<\/tr>\n<tr>\n<td>Cozinhas Vibrantes<\/td>\n<td>Eletrodom\u00e9sticos ou paredes laranja como destaque.<\/td>\n<\/tr>\n<tr>\n<td>Sala Alegre<\/td>\n<td>Sof\u00e1s ou poltronas laranja para um ambiente convidativo.<\/td>\n<\/tr>\n<tr>\n<td>Detalhes Importantes<\/td>\n<td>Almofadas e quadros com laranja para adicionar cor.<\/td>\n<\/tr>\n<tr>\n<td>Banheiro Energ\u00e9tico<\/td>\n<td>Pinturas e acess\u00f3rios na cor laranja.<\/td>\n<\/tr>\n<tr>\n<td>Home Office Inspirador<\/td>\n<td>M\u00f3veis laranja para estimular a criatividade.<\/td>\n<\/tr>\n<tr>\n<td>Ilumina\u00e7\u00e3o C\u00e1lida<\/td>\n<td>L\u00e2mpadas laranja para um efeito acolhedor.<\/td>\n<\/tr>\n<tr>\n<td>Quarto Jovial<\/td>\n<td>Combina\u00e7\u00e3o de laranja com azul ou verde.<\/td>\n<\/tr>\n<tr>\n<td>Detalhes na Fachada<\/td>\n<td>Pintura de portas ou port\u00f5es laranja.<\/td>\n<\/tr>\n<tr>\n<td>Artesanato e Decora\u00e7\u00e3o DIY<\/td>\n<td>Projetos artesanais em laranja.<\/td>\n<\/tr>\n<tr>\n<td>Plantas e Laranja<\/td>\n<td>Vasos laranja com plantas decorativas.<\/td>\n<\/tr>\n<\/table>\n<p>Ent\u00e3o, pronto para dar um <b>toque de laranja<\/b> na sua casa? Com essas inspira\u00e7\u00f5es, voc\u00ea pode transformar o seu espa\u00e7o em algo vibrante e acolhedor. Venha compartilhar suas ideias e experi\u00eancias nos coment\u00e1rios!<\/p>\n","protected":false},"excerpt":{"rendered":"<p>10 Inspira\u00e7\u00f5es com laranja para transformar sua decora\u00e7\u00e3o<\/p>\n","protected":false},"author":102,"featured_media":155341,"comment_status":"open","ping_status":"","sticky":false,"template":"","format":"standard","meta":{"footnotes":""},"categories":[1484],"tags":[],"class_list":["post-155344","post","type-post","status-publish","format-standard","has-post-thumbnail","category-decoracao"],"_wp_attached_file":null,"_wp_attachment_metadata":null,"_wp_attachment_context":null,"_wp_attachment_is_custom_header":null,"geo_longitude":null,"geo_public":null,"geo_latitude":null,"_publicize_done_external":null,"_wpas_done_3897181":null,"publicize_twitter_user":null,"_wpas_done_3897175":null,"_wpas_skip_3897181":null,"_wpas_skip_3897175":null,"_wpas_skip_3924723":null,"_wpas_mess":null,"_wpas_done_3924723":null,"wps_subtitle":"","_links":{"self":[{"href":"https:\/\/www.aarquiteta.com.br\/blog\/wp-json\/wp\/v2\/posts\/155344","targetHints":{"allow":["GET"]}}],"collection":[{"href":"https:\/\/www.aarquiteta.com.br\/blog\/wp-json\/wp\/v2\/posts"}],"about":[{"href":"https:\/\/www.aarquiteta.com.br\/blog\/wp-json\/wp\/v2\/types\/post"}],"author":[{"embeddable":true,"href":"https:\/\/www.aarquiteta.com.br\/blog\/wp-json\/wp\/v2\/users\/102"}],"replies":[{"embeddable":true,"href":"https:\/\/www.aarquiteta.com.br\/blog\/wp-json\/wp\/v2\/comments?post=155344"}],"version-history":[{"count":0,"href":"https:\/\/www.aarquiteta.com.br\/blog\/wp-json\/wp\/v2\/posts\/155344\/revisions"}],"wp:featuredmedia":[{"embeddable":true,"href":"https:\/\/www.aarquiteta.com.br\/blog\/wp-json\/wp\/v2\/media\/155341"}],"wp:attachment":[{"href":"https:\/\/www.aarquiteta.com.br\/blog\/wp-json\/wp\/v2\/media?parent=155344"}],"wp:term":[{"taxonomy":"category","embeddable":true,"href":"https:\/\/www.aarquiteta.com.br\/blog\/wp-json\/wp\/v2\/categories?post=155344"},{"taxonomy":"post_tag","embeddable":true,"href":"https:\/\/www.aarquiteta.com.br\/blog\/wp-json\/wp\/v2\/tags?post=155344"}],"curies":[{"name":"wp","href":"https:\/\/api.w.org\/{rel}","templated":true}]}}