{"id":155329,"date":"2025-11-24T15:32:14","date_gmt":"2025-11-24T18:32:14","guid":{"rendered":"https:\/\/www.aarquiteta.com.br\/blog\/veja-3-beneficios-da-tv-corporativa-na-sua-obra\/"},"modified":"2025-11-24T15:32:14","modified_gmt":"2025-11-24T18:32:14","slug":"veja-3-beneficios-da-tv-corporativa-na-sua-obra","status":"publish","type":"post","link":"https:\/\/www.aarquiteta.com.br\/blog\/veja-3-beneficios-da-tv-corporativa-na-sua-obra\/","title":{"rendered":"Descubra 5 Vantagens da TV Corporativa na Obra"},"content":{"rendered":"<p>Voc\u00ea sabia que a TV corporativa pode transformar a comunica\u00e7\u00e3o na sua obra? A seguir, vou mostrar cinco vantagens incr\u00edveis desse recurso!<\/p>\n<figure style=\"width: 1024px\" class=\"wp-caption aligncenter\"><img decoding=\"async\" src=\"https:\/\/www.aarquiteta.com.br\/blog\/wp-content\/uploads\/2025\/11\/veja-3-beneficios-da-tv-corporativa-na-sua-obra01.jpg\" alt=\"veja-3-beneficios-da-tv-corporativa-na-sua-obra\" width=\"1024\" height=\"1024\" title=\"\"><figcaption class=\"wp-caption-text\">veja-3-beneficios-da-tv-corporativa-na-sua-obra<\/figcaption><\/figure>\n<h3>1. Comunica\u00e7\u00e3o Instant\u00e2nea e Eficiente<\/h3>\n<p>A TV corporativa garante que as informa\u00e7\u00f5es sejam divulgadas <b>rapidamente<\/b> e de forma clara para todos os colaboradores.<\/p>\n<figure style=\"width: 1024px\" class=\"wp-caption aligncenter\"><img decoding=\"async\" src=\"https:\/\/www.aarquiteta.com.br\/blog\/wp-content\/uploads\/2025\/11\/veja-3-beneficios-da-tv-corporativa-na-sua-obra02.jpg\" alt=\"veja-3-beneficios-da-tv-corporativa-na-sua-obra\" width=\"1024\" height=\"1024\" title=\"\"><figcaption class=\"wp-caption-text\">veja-3-beneficios-da-tv-corporativa-na-sua-obra<\/figcaption><\/figure>\n<p>Dessa maneira, todos ficam atualizados, sem perder tempo. Com as not\u00edcias aparecendo em tempo real, podemos manter toda a equipe alinhada.<\/p>\n<figure style=\"width: 1024px\" class=\"wp-caption aligncenter\"><img decoding=\"async\" src=\"https:\/\/www.aarquiteta.com.br\/blog\/wp-content\/uploads\/2025\/11\/veja-3-beneficios-da-tv-corporativa-na-sua-obra03.jpg\" alt=\"veja-3-beneficios-da-tv-corporativa-na-sua-obra\" width=\"1024\" height=\"1024\" title=\"\"><figcaption class=\"wp-caption-text\">veja-3-beneficios-da-tv-corporativa-na-sua-obra<\/figcaption><\/figure>\n<h3>2. Conte\u00fado Personalizado para Cada Setor<\/h3>\n<p>Uma das maiores vantagens \u00e9 a <b>capacidade de segmentar<\/b> a informa\u00e7\u00e3o.<\/p>\n<p>\u00c9 poss\u00edvel criar conte\u00fados espec\u00edficos para diferentes setores, como seguran\u00e7a, progresso da obra e novas diretrizes. Assim, cada um recebe o que realmente precisa.<\/p>\n<h3>3. Sustentabilidade na Comunica\u00e7\u00e3o<\/h3>\n<p>Quando comparamos a TV corporativa com m\u00e9todos tradicionais, como panfletos e impressos, percebemos que a TV \u00e9 uma op\u00e7\u00e3o <b>muito mais sustent\u00e1vel<\/b>.<\/p>\n<p>Ela reduz a produ\u00e7\u00e3o de lixo e preserva o meio ambiente, al\u00e9m de cortar custos com impress\u00f5es desnecess\u00e1rias.<\/p>\n<h3>4. Acesso Remoto a Informa\u00e7\u00f5es<\/h3>\n<p>Com a tecnologia atual, as atualiza\u00e7\u00f5es podem ser feitas <b>remotamente<\/b>.<\/p>\n<p><div class=\"youtube-embed\" data-video_id=\"Q71G7CrChsQ\"><iframe title=\"TV Corporativa e App de Comunica\u00e7\u00e3o Interna - Tudo o que voc\u00ea precisa saber\" width=\"696\" height=\"392\" src=\"https:\/\/www.youtube.com\/embed\/Q71G7CrChsQ?feature=oembed&#038;enablejsapi=1\" frameborder=\"0\" allow=\"accelerometer; autoplay; clipboard-write; encrypted-media; gyroscope; picture-in-picture; web-share\" referrerpolicy=\"strict-origin-when-cross-origin\" allowfullscreen><\/iframe><\/div>\n<\/p>\n<p>A equipe pode acessar as informa\u00e7\u00f5es de qualquer lugar, sem precisar interromper suas tarefas di\u00e1rias. Isso maximiza a produtividade!<\/p>\n<h3>5. Aumento do Engajamento e Motiva\u00e7\u00e3o<\/h3>\n<p>Com a TV corporativa, \u00e9 poss\u00edvel compartilhar celebriza\u00e7\u00f5es, reconhecimentos e mensagens motivacionais, o que resulta em uma equipe <b>mais engajada<\/b>.<\/p>\n<p>Isso transforma o ambiente de trabalho e impulsiona o moral da equipe, fazendo com que todos se sintam valorizados.<\/p>\n<table>\n<tr>\n<th>Vantagem<\/th>\n<th>Descri\u00e7\u00e3o<\/th>\n<\/tr>\n<tr>\n<td>Comunica\u00e7\u00e3o Instant\u00e2nea<\/td>\n<td>Informa\u00e7\u00f5es s\u00e3o divulgadas rapidamente para todos.<\/td>\n<\/tr>\n<tr>\n<td>Conte\u00fado Personalizado<\/td>\n<td>Informa\u00e7\u00f5es s\u00e3o segmentadas por setores.<\/td>\n<\/tr>\n<tr>\n<td>Sustentabilidade<\/td>\n<td>Redu\u00e7\u00e3o de lixo e custos com impress\u00f5es.<\/td>\n<\/tr>\n<tr>\n<td>Acesso Remoto<\/td>\n<td>Informa\u00e7\u00f5es podem ser acessadas de qualquer lugar.<\/td>\n<\/tr>\n<tr>\n<td>Engajamento<\/td>\n<td>Criam-se celebra\u00e7\u00f5es e mensagens motivacionais.<\/td>\n<\/tr>\n<\/table>\n<p>Em resumo, a TV corporativa traz <b>diversas vantagens<\/b> e se torna uma ferramente essencial na comunica\u00e7\u00e3o de sua obra. Voc\u00ea j\u00e1 pensou em implementar uma em seu canteiro? Compartilhe suas experi\u00eancias nos coment\u00e1rios e aproveite para explorar mais conte\u00fados relacionados aqui no blog!<\/p>\n","protected":false},"excerpt":{"rendered":"<p>Descubra 5 Vantagens da TV Corporativa na Obra<\/p>\n","protected":false},"author":102,"featured_media":155326,"comment_status":"open","ping_status":"","sticky":false,"template":"","format":"standard","meta":{"footnotes":""},"categories":[249,1484],"tags":[],"class_list":["post-155329","post","type-post","status-publish","format-standard","has-post-thumbnail","category-engenharia-e-construcao-civil","category-decoracao"],"_wp_attached_file":null,"_wp_attachment_metadata":null,"_wp_attachment_context":null,"_wp_attachment_is_custom_header":null,"geo_longitude":null,"geo_public":null,"geo_latitude":null,"_publicize_done_external":null,"_wpas_done_3897181":null,"publicize_twitter_user":null,"_wpas_done_3897175":null,"_wpas_skip_3897181":null,"_wpas_skip_3897175":null,"_wpas_skip_3924723":null,"_wpas_mess":null,"_wpas_done_3924723":null,"wps_subtitle":"","_links":{"self":[{"href":"https:\/\/www.aarquiteta.com.br\/blog\/wp-json\/wp\/v2\/posts\/155329","targetHints":{"allow":["GET"]}}],"collection":[{"href":"https:\/\/www.aarquiteta.com.br\/blog\/wp-json\/wp\/v2\/posts"}],"about":[{"href":"https:\/\/www.aarquiteta.com.br\/blog\/wp-json\/wp\/v2\/types\/post"}],"author":[{"embeddable":true,"href":"https:\/\/www.aarquiteta.com.br\/blog\/wp-json\/wp\/v2\/users\/102"}],"replies":[{"embeddable":true,"href":"https:\/\/www.aarquiteta.com.br\/blog\/wp-json\/wp\/v2\/comments?post=155329"}],"version-history":[{"count":0,"href":"https:\/\/www.aarquiteta.com.br\/blog\/wp-json\/wp\/v2\/posts\/155329\/revisions"}],"wp:featuredmedia":[{"embeddable":true,"href":"https:\/\/www.aarquiteta.com.br\/blog\/wp-json\/wp\/v2\/media\/155326"}],"wp:attachment":[{"href":"https:\/\/www.aarquiteta.com.br\/blog\/wp-json\/wp\/v2\/media?parent=155329"}],"wp:term":[{"taxonomy":"category","embeddable":true,"href":"https:\/\/www.aarquiteta.com.br\/blog\/wp-json\/wp\/v2\/categories?post=155329"},{"taxonomy":"post_tag","embeddable":true,"href":"https:\/\/www.aarquiteta.com.br\/blog\/wp-json\/wp\/v2\/tags?post=155329"}],"curies":[{"name":"wp","href":"https:\/\/api.w.org\/{rel}","templated":true}]}}