{"id":155240,"date":"2025-11-19T07:32:25","date_gmt":"2025-11-19T10:32:25","guid":{"rendered":"https:\/\/www.aarquiteta.com.br\/blog\/manta-para-sofa-2\/"},"modified":"2025-11-19T07:32:25","modified_gmt":"2025-11-19T10:32:25","slug":"manta-para-sofa-2","status":"publish","type":"post","link":"https:\/\/www.aarquiteta.com.br\/blog\/manta-para-sofa-2\/","title":{"rendered":"10 Inspira\u00e7\u00f5es para Transformar seu Sof\u00e1 com Mantas"},"content":{"rendered":"<p>Voc\u00ea j\u00e1 percebeu como uma simples manta pode transformar a apar\u00eancia do seu sof\u00e1? Neste artigo, vou te mostrar 10 inspira\u00e7\u00f5es para usar mantas e dar um toque especial \u00e0 sua sala.<\/p>\n<figure style=\"width: 1024px\" class=\"wp-caption aligncenter\"><img decoding=\"async\" src=\"https:\/\/www.aarquiteta.com.br\/blog\/wp-content\/uploads\/2025\/11\/manta-para-sofa01.jpg\" alt=\"manta-para-sofa\" width=\"1024\" height=\"1024\" title=\"\"><figcaption class=\"wp-caption-text\">manta-para-sofa<\/figcaption><\/figure>\n<p>Al\u00e9m de confort\u00e1veis, as mantas s\u00e3o elementos vers\u00e1teis e pr\u00e1ticos que podem alegrar seu ambiente. Elas tamb\u00e9m oferecem prote\u00e7\u00e3o contra desgaste e sujeira. Vamos conferir essas ideias?<\/p>\n<figure style=\"width: 1024px\" class=\"wp-caption aligncenter\"><img decoding=\"async\" src=\"https:\/\/www.aarquiteta.com.br\/blog\/wp-content\/uploads\/2025\/11\/manta-para-sofa02.jpg\" alt=\"manta-para-sofa\" width=\"1024\" height=\"1024\" title=\"\"><figcaption class=\"wp-caption-text\">manta-para-sofa<\/figcaption><\/figure>\n<h3>1. Misture Texturas e Cores<\/h3>\n<p><b>Combinar diferentes texturas e cores<\/b> pode trazer vida ao espa\u00e7o. Mantas de tricot, por exemplo, podem ser usadas juntas com almofadas estampadas.<\/p>\n<figure style=\"width: 1024px\" class=\"wp-caption aligncenter\"><img decoding=\"async\" src=\"https:\/\/www.aarquiteta.com.br\/blog\/wp-content\/uploads\/2025\/11\/manta-para-sofa03.jpg\" alt=\"manta-para-sofa\" width=\"1024\" height=\"1024\" title=\"\"><figcaption class=\"wp-caption-text\">manta-para-sofa<\/figcaption><\/figure>\n<h3>2. Manta como Protetora de Sof\u00e1<\/h3>\n<p>Usar uma manta <b>vai proteger seu sof\u00e1<\/b> de manchinhas e rasgos. Uma op\u00e7\u00e3o pr\u00e1tica e estilosa, n\u00e3o \u00e9 mesmo?<\/p>\n<h3>3. Coordene com Almofadas<\/h3>\n<p>As <b>almofadas v\u00e3o bem com mantas<\/b>. Escolher refer\u00eancias em comum, como cor ou padr\u00e3o, resulta numa composi\u00e7\u00e3o harm\u00f4nica.<\/p>\n<h3>4. Use Mantas Decorativas<\/h3>\n<p>Uma manta pode ser mais do que um item \u00fatil. Escolha um <b>modelo decorativo<\/b> que complemente a paleta da sala, como uma manta de cor vibrante em um sof\u00e1 neutro.<\/p>\n<h3>5. Posicione com Estilo<\/h3>\n<p>Colocar a manta <b>de forma despojada<\/b> sobre o sof\u00e1 pode criar um ar descontra\u00eddo. Dobrada ou jogada, a disposi\u00e7\u00e3o d\u00e1 personalidade ao ambiente.<\/p>\n<h3>6. Cores para Atra\u00e7\u00e3o<\/h3>\n<p>Mantas em tons vivos podem ser o toque que falta. Uma <b>manta amarela<\/b> ou rosa, por exemplo, traz alegria e leveza ao espa\u00e7o.<\/p>\n<p><div class=\"youtube-embed\" data-video_id=\"ZNtbROIQHPI\"><iframe title=\"3 formas de decorar seu sof\u00e1 com manta #sof\u00e1 #decora\u00e7\u00e3o #decoracao #manta #saladecorada #saladeestar\" width=\"696\" height=\"392\" src=\"https:\/\/www.youtube.com\/embed\/ZNtbROIQHPI?feature=oembed&#038;enablejsapi=1\" frameborder=\"0\" allow=\"accelerometer; autoplay; clipboard-write; encrypted-media; gyroscope; picture-in-picture; web-share\" referrerpolicy=\"strict-origin-when-cross-origin\" allowfullscreen><\/iframe><\/div>\n<\/p>\n<h3>7. Pode Usar em Qualquer \u00c9poca<\/h3>\n<p>N\u00e3o precisa esperar o inverno! <b>Usar mantas em qualquer \u00e9poca<\/b> do ano garante estilo e aconchego no ambiente.<\/p>\n<h3>8. Mantas F\u00e1ceis de Limpar<\/h3>\n<p>Aposte em mantas que s\u00e3o <b>lav\u00e1veis na m\u00e1quina<\/b>. Assim, voc\u00ea garante a praticidade no dia a dia.<\/p>\n<h3>9. Escolha o Material Certo<\/h3>\n<p>Existem muitos materiais dispon\u00edveis. Opte por <b>mantas de l\u00e3 para o frio<\/b> e algod\u00e3o para o ver\u00e3o.<\/p>\n<h3>10. Combine com Tapetes<\/h3>\n<p>Para uma decora\u00e7\u00e3o completa, que tal <b>combinar a manta com um tapete<\/b>? Isso traz um ar mais harmonioso e convidativo ao espa\u00e7o.<\/p>\n<table>\n<tr>\n<th>Dica<\/th>\n<th>Descri\u00e7\u00e3o<\/th>\n<\/tr>\n<tr>\n<td>Misture Texturas e Cores<\/td>\n<td>Combine diferentes texturas para dar mais vida ao ambiente.<\/td>\n<\/tr>\n<tr>\n<td>Posicione com Estilo<\/td>\n<td>Coloque a manta de forma despojada ou dobrada.<\/td>\n<\/tr>\n<tr>\n<td>Combine com Almofadas<\/td>\n<td>Escolha almofadas que coordenen com a manta.<\/td>\n<\/tr>\n<tr>\n<td>Cores para Atra\u00e7\u00e3o<\/td>\n<td>Mantas em cores vivas trazem alegria.<\/td>\n<\/tr>\n<tr>\n<td>Qualquer \u00c9poca<\/td>\n<td>Mantas podem ser usadas em todas as esta\u00e7\u00f5es.<\/td>\n<\/tr>\n<\/table>\n<p>Com essas 10 inspira\u00e7\u00f5es, sua sala vai ganhar um novo olhar! <b>Experimente usar mantas<\/b> e descubra como pequenos detalhes podem fazer grandes mudan\u00e7as.<\/p>\n<p>Gostou das dicas? Tem alguma ideia para compartilhar? Deixe seu coment\u00e1rio e continue navegando por mais conte\u00fados incr\u00edveis no blog!<\/p>\n","protected":false},"excerpt":{"rendered":"<p>10 Inspira\u00e7\u00f5es para Transformar seu Sof\u00e1 com Mantas<\/p>\n","protected":false},"author":102,"featured_media":155237,"comment_status":"open","ping_status":"","sticky":false,"template":"","format":"standard","meta":{"footnotes":""},"categories":[1484],"tags":[],"class_list":["post-155240","post","type-post","status-publish","format-standard","has-post-thumbnail","category-decoracao"],"_wp_attached_file":null,"_wp_attachment_metadata":null,"_wp_attachment_context":null,"_wp_attachment_is_custom_header":null,"geo_longitude":null,"geo_public":null,"geo_latitude":null,"_publicize_done_external":null,"_wpas_done_3897181":null,"publicize_twitter_user":null,"_wpas_done_3897175":null,"_wpas_skip_3897181":null,"_wpas_skip_3897175":null,"_wpas_skip_3924723":null,"_wpas_mess":null,"_wpas_done_3924723":null,"wps_subtitle":"","_links":{"self":[{"href":"https:\/\/www.aarquiteta.com.br\/blog\/wp-json\/wp\/v2\/posts\/155240","targetHints":{"allow":["GET"]}}],"collection":[{"href":"https:\/\/www.aarquiteta.com.br\/blog\/wp-json\/wp\/v2\/posts"}],"about":[{"href":"https:\/\/www.aarquiteta.com.br\/blog\/wp-json\/wp\/v2\/types\/post"}],"author":[{"embeddable":true,"href":"https:\/\/www.aarquiteta.com.br\/blog\/wp-json\/wp\/v2\/users\/102"}],"replies":[{"embeddable":true,"href":"https:\/\/www.aarquiteta.com.br\/blog\/wp-json\/wp\/v2\/comments?post=155240"}],"version-history":[{"count":0,"href":"https:\/\/www.aarquiteta.com.br\/blog\/wp-json\/wp\/v2\/posts\/155240\/revisions"}],"wp:featuredmedia":[{"embeddable":true,"href":"https:\/\/www.aarquiteta.com.br\/blog\/wp-json\/wp\/v2\/media\/155237"}],"wp:attachment":[{"href":"https:\/\/www.aarquiteta.com.br\/blog\/wp-json\/wp\/v2\/media?parent=155240"}],"wp:term":[{"taxonomy":"category","embeddable":true,"href":"https:\/\/www.aarquiteta.com.br\/blog\/wp-json\/wp\/v2\/categories?post=155240"},{"taxonomy":"post_tag","embeddable":true,"href":"https:\/\/www.aarquiteta.com.br\/blog\/wp-json\/wp\/v2\/tags?post=155240"}],"curies":[{"name":"wp","href":"https:\/\/api.w.org\/{rel}","templated":true}]}}