{"id":155217,"date":"2025-11-17T21:02:08","date_gmt":"2025-11-18T00:02:08","guid":{"rendered":"https:\/\/www.aarquiteta.com.br\/blog\/5-motivos-para-escolher-entre-reforma-e-construcao-nova\/"},"modified":"2025-11-17T21:02:08","modified_gmt":"2025-11-18T00:02:08","slug":"5-motivos-para-escolher-entre-reforma-e-construcao-nova","status":"publish","type":"post","link":"https:\/\/www.aarquiteta.com.br\/blog\/5-motivos-para-escolher-entre-reforma-e-construcao-nova\/","title":{"rendered":"5 Motivos Para Escolher Entre Reforma e Constru\u00e7\u00e3o Nova"},"content":{"rendered":"<p>Escolher entre reforma e constru\u00e7\u00e3o nova \u00e9 um dilema comum para muitos. Aqui, voc\u00ea vai descobrir os principais motivos que podem ajudar nessa decis\u00e3o.<\/p>\n<img decoding=\"async\" src=\"https:\/\/www.aarquiteta.com.br\/blog\/wp-content\/uploads\/2025\/11\/01-16.jpg\" alt=\"\" width=\"1024\" height=\"1024\" title=\"\">\n<h3>1. Objetivo do Projeto<\/h3>\n<p>O primeiro passo para decidir entre reforma e constru\u00e7\u00e3o \u00e9 entender o seu <b>objetivo<\/b>. Voc\u00ea precisa de mais espa\u00e7o, ou apenas deseja melhorar o visual do que j\u00e1 existe? Isso vai guiar sua escolha.<\/p>\n<img decoding=\"async\" src=\"https:\/\/www.aarquiteta.com.br\/blog\/wp-content\/uploads\/2025\/11\/02-16.jpg\" alt=\"\" width=\"1024\" height=\"1024\" title=\"\">\n<h3>2. Or\u00e7amento Dispon\u00edvel<\/h3>\n<p>O seu <b>or\u00e7amento<\/b> \u00e9 outro fator determinante. Reformas costumam ser mais baratas, enquanto a constru\u00e7\u00e3o nova exige um investimento maior. Avalie quantos recursos voc\u00ea pode destinar.<\/p>\n<img decoding=\"async\" src=\"https:\/\/www.aarquiteta.com.br\/blog\/wp-content\/uploads\/2025\/11\/03-16.jpg\" alt=\"\" width=\"1024\" height=\"1024\" title=\"\">\n<h3>3. Tempo de Execu\u00e7\u00e3o<\/h3>\n<p>Se voc\u00ea deseja uma solu\u00e7\u00e3o <b>r\u00e1pida<\/b>, a reforma \u00e9 a melhor op\u00e7\u00e3o. Constru\u00e7\u00f5es novas levam tempo, desde a libera\u00e7\u00e3o de licen\u00e7as at\u00e9 a finaliza\u00e7\u00e3o da obra, o que pode atrasar seu planejamento.<\/p>\n<h3>4. Flexibilidade de Design<\/h3>\n<p>Se personaliza\u00e7\u00e3o \u00e9 a sua prioridade, a <b>constru\u00e7\u00e3o nova<\/b> \u00e9 o caminho a seguir. Com ela, voc\u00ea tem a liberdade de criar um espa\u00e7o que atenda exatamente \u00e0s suas necessidades, enquanto a reforma pode limitar suas op\u00e7\u00f5es.<\/p>\n<h3>5. Valor de Revenda<\/h3>\n<p>Por \u00faltimo, se voc\u00ea pensa em valorizar seu im\u00f3vel, a constru\u00e7\u00e3o nova pode aumentar significativamente o <b>valor de revenda<\/b>, especialmente se forem feitos upgrades modernos. No entanto, uma reforma bem-feita tamb\u00e9m pode gerar um bom retorno.<\/p>\n<table>\n<tr>\n<th>Aspecto<\/th>\n<th>Reforma<\/th>\n<th>Constru\u00e7\u00e3o Nova<\/th>\n<\/tr>\n<tr>\n<td>Custo<\/td>\n<td>Geralmente menor<\/td>\n<td>Superior<\/td>\n<\/tr>\n<tr>\n<td>Tempo de Execu\u00e7\u00e3o<\/td>\n<td>R\u00e1pido<\/td>\n<td>Lento<\/td>\n<\/tr>\n<tr>\n<td>Flexibilidade de Design<\/td>\n<td>Limitada<\/td>\n<td>Alta<\/td>\n<\/tr>\n<tr>\n<td>Valor de Revenda<\/td>\n<td>Pode aumentar<\/td>\n<td>Geralmente maior<\/td>\n<\/tr>\n<\/table>\n<h3>Considera\u00e7\u00f5es Finais<\/h3>\n<p>Finalmente, escolher entre reforma e constru\u00e7\u00e3o nova envolve diversos fatores como <b>or\u00e7amento<\/b>, <b>tempo<\/b> e <b>op\u00e7\u00f5es de design<\/b>. O que funciona para uma pessoa pode n\u00e3o funcionar para outra. Fa\u00e7a uma reflex\u00e3o e escolha o que melhor se adapta \u00e0s suas necessidades.<\/p>\n<p>Se voc\u00ea deseja mais dicas e ideias sobre reforma e constru\u00e7\u00e3o, comente abaixo e continue acompanhando nosso blog!<\/p>\n<p>https:\/\/www.youtube.com\/watch?v=<\/p>\n","protected":false},"excerpt":{"rendered":"<p>5 Motivos Para Escolher Entre Reforma e Constru\u00e7\u00e3o Nova<\/p>\n","protected":false},"author":102,"featured_media":155214,"comment_status":"open","ping_status":"","sticky":false,"template":"","format":"standard","meta":{"footnotes":""},"categories":[1484],"tags":[],"class_list":["post-155217","post","type-post","status-publish","format-standard","has-post-thumbnail","category-decoracao"],"_wp_attached_file":null,"_wp_attachment_metadata":null,"_wp_attachment_context":null,"_wp_attachment_is_custom_header":null,"geo_longitude":null,"geo_public":null,"geo_latitude":null,"_publicize_done_external":null,"_wpas_done_3897181":null,"publicize_twitter_user":null,"_wpas_done_3897175":null,"_wpas_skip_3897181":null,"_wpas_skip_3897175":null,"_wpas_skip_3924723":null,"_wpas_mess":null,"_wpas_done_3924723":null,"wps_subtitle":"","_links":{"self":[{"href":"https:\/\/www.aarquiteta.com.br\/blog\/wp-json\/wp\/v2\/posts\/155217","targetHints":{"allow":["GET"]}}],"collection":[{"href":"https:\/\/www.aarquiteta.com.br\/blog\/wp-json\/wp\/v2\/posts"}],"about":[{"href":"https:\/\/www.aarquiteta.com.br\/blog\/wp-json\/wp\/v2\/types\/post"}],"author":[{"embeddable":true,"href":"https:\/\/www.aarquiteta.com.br\/blog\/wp-json\/wp\/v2\/users\/102"}],"replies":[{"embeddable":true,"href":"https:\/\/www.aarquiteta.com.br\/blog\/wp-json\/wp\/v2\/comments?post=155217"}],"version-history":[{"count":0,"href":"https:\/\/www.aarquiteta.com.br\/blog\/wp-json\/wp\/v2\/posts\/155217\/revisions"}],"wp:featuredmedia":[{"embeddable":true,"href":"https:\/\/www.aarquiteta.com.br\/blog\/wp-json\/wp\/v2\/media\/155214"}],"wp:attachment":[{"href":"https:\/\/www.aarquiteta.com.br\/blog\/wp-json\/wp\/v2\/media?parent=155217"}],"wp:term":[{"taxonomy":"category","embeddable":true,"href":"https:\/\/www.aarquiteta.com.br\/blog\/wp-json\/wp\/v2\/categories?post=155217"},{"taxonomy":"post_tag","embeddable":true,"href":"https:\/\/www.aarquiteta.com.br\/blog\/wp-json\/wp\/v2\/tags?post=155217"}],"curies":[{"name":"wp","href":"https:\/\/api.w.org\/{rel}","templated":true}]}}