{"id":155205,"date":"2025-11-16T21:01:52","date_gmt":"2025-11-17T00:01:52","guid":{"rendered":"https:\/\/www.aarquiteta.com.br\/blog\/10-maneiras-de-transformar-sua-casa-com-verde-salvia\/"},"modified":"2025-11-16T21:01:52","modified_gmt":"2025-11-17T00:01:52","slug":"10-maneiras-de-transformar-sua-casa-com-verde-salvia","status":"publish","type":"post","link":"https:\/\/www.aarquiteta.com.br\/blog\/10-maneiras-de-transformar-sua-casa-com-verde-salvia\/","title":{"rendered":"10 Maneiras de Transformar sua Casa com Verde S\u00e1lvia"},"content":{"rendered":"<p>Transforme sua casa em um ref\u00fagio sereno com verde s\u00e1lvia. Essa cor \u00e9 uma escolha perfeita para quem deseja um estilo sofisticado e relaxante.<\/p>\n<img decoding=\"async\" src=\"https:\/\/www.aarquiteta.com.br\/blog\/wp-content\/uploads\/2025\/11\/01-15.jpg\" alt=\"\" width=\"1024\" height=\"1024\" title=\"\">\n<h3>Por que escolher o verde s\u00e1lvia?<\/h3>\n<p>Voc\u00ea j\u00e1 pensou como um toque de <b>verde s\u00e1lvia<\/b> pode alterar a atmosfera do seu lar? Essa cor, que exala tranquilidade, pode ser usada em diversos ambientes, tanto internos quanto externos. \u00c9 uma escolha vers\u00e1til, que combina com diferentes estilos e proporciona um sentimento de uni\u00e3o com a natureza.<\/p>\n<img decoding=\"async\" src=\"https:\/\/www.aarquiteta.com.br\/blog\/wp-content\/uploads\/2025\/11\/02-15.jpg\" alt=\"\" width=\"1024\" height=\"1024\" title=\"\">\n<h3>Maneiras de transformar sua casa com verde s\u00e1lvia<\/h3>\n<ul>\n<li><b>Pintura de fachadas:<\/b> Comece pelo exterior, usando verde s\u00e1lvia para criar uma fachada fresca.<\/li>\n<li><b>Detalhes em madeira:<\/b> Combine o verde com elementos de madeira natural, que trazem calor e sofistica\u00e7\u00e3o.<\/li>\n<li><b>Cozinha relaxante:<\/b> Utilize arm\u00e1rios ou utens\u00edlios nessa cor para uma cozinha acolhedora e estilosa.<\/li>\n<li><b>Sala de estar convidativa:<\/b> Pinte as paredes ou adicione m\u00f3veis em verde s\u00e1lvia para um ambiente calmo.<\/li>\n<li><b>Bancos de banheiro:<\/b> Tiles nessa cor podem transformar seu banheiro em um pequeno spa.<\/li>\n<li><b>Toques nos quartos:<\/b> Use tecidos em verde s\u00e1lvia para dar harmonia e leveza ao ambiente.<\/li>\n<li><b>Acentos na sala de jantar:<\/b> Almofadas ou cadeiras nessa tonalidade tornam a refei\u00e7\u00e3o mais agrad\u00e1vel.<\/li>\n<li><b>Portas como destaque:<\/b> Uma porta verde s\u00e1lvia \u00e9 um excelente ponto focal para a entrada da sua casa.<\/li>\n<li><b>M\u00f3veis de exterior:<\/b> M\u00f3veis para o jardim nessa cor ajudam a criar uma \u00e1rea externa conectada \u00e0 natureza.<\/li>\n<li><b>Escrit\u00f3rios modernos:<\/b> Pinte as paredes ou use acess\u00f3rios dessa cor para um espa\u00e7o que inspira produtividade.<\/li>\n<\/ul>\n<h3>Resumo das ideias principais<\/h3>\n<table>\n<tr>\n<th>Ideia<\/th>\n<th>Espa\u00e7o<\/th>\n<th>Benef\u00edcio<\/th>\n<\/tr>\n<tr>\n<td>Pintura de fachadas<\/td>\n<td>Exterior<\/td>\n<td>Freshness e serenidade<\/td>\n<\/tr>\n<tr>\n<td>Detalhes em madeira<\/td>\n<td>V\u00e1rios espa\u00e7os<\/td>\n<td>Eleg\u00e2ncia e acolhimento<\/td>\n<\/tr>\n<tr>\n<td>Cozinha relaxante<\/td>\n<td>Cozinha<\/td>\n<td>Ambiente acolhedor<\/td>\n<\/tr>\n<tr>\n<td>Sala de estar convidativa<\/td>\n<td>Sala de Estar<\/td>\n<td>Calma e conforto<\/td>\n<\/tr>\n<\/table>\n<h3>Alinhando o verde s\u00e1lvia com outras cores<\/h3>\n<p>Se voc\u00ea est\u00e1 em d\u00favida sobre como combinar o <b>verde s\u00e1lvia<\/b>, saiba que ele se harmoniza muito bem com <b>branco<\/b>, <b>bege<\/b> e at\u00e9 <b>tons met\u00e1licos<\/b>, como bronze e cobre. Isso oferece um visual sofisticado e muito estiloso.<\/p>\n<img decoding=\"async\" src=\"https:\/\/www.aarquiteta.com.br\/blog\/wp-content\/uploads\/2025\/11\/03-15.jpg\" alt=\"\" width=\"1024\" height=\"1024\" title=\"\">\n<h3>Dicas Finais para uma transforma\u00e7\u00e3o de sucesso<\/h3>\n<p>O <b>verde s\u00e1lvia<\/b> \u00e9 uma cor que pode criar um ambiente relaxante e inigual\u00e1vel. Para quem quer dar um toque mais <b>moderno<\/b> \u00e0 decora\u00e7\u00e3o, aposte em acess\u00f3rios e pe\u00e7as que complementem essa tonalidade. Experimente, misture e sinta como essa cor transforma o seu espa\u00e7o!<\/p>\n<p>Gostou das dicas? Deixe um coment\u00e1rio e compartilhe como voc\u00ea pensa em usar o verde s\u00e1lvia na sua casa!<\/p>\n<p><div class=\"youtube-embed\" data-video_id=\"4bb2Q3o2HHk\"><iframe title=\"Sage Green o Verde Salvia\ud83c\udf40\" width=\"696\" height=\"392\" src=\"https:\/\/www.youtube.com\/embed\/4bb2Q3o2HHk?feature=oembed&#038;enablejsapi=1\" frameborder=\"0\" allow=\"accelerometer; autoplay; clipboard-write; encrypted-media; gyroscope; picture-in-picture; web-share\" referrerpolicy=\"strict-origin-when-cross-origin\" allowfullscreen><\/iframe><\/div><\/p>\n","protected":false},"excerpt":{"rendered":"<p>10 Maneiras de Transformar sua Casa com Verde S\u00e1lvia<\/p>\n","protected":false},"author":102,"featured_media":155202,"comment_status":"open","ping_status":"","sticky":false,"template":"","format":"standard","meta":{"footnotes":""},"categories":[1484],"tags":[],"class_list":["post-155205","post","type-post","status-publish","format-standard","has-post-thumbnail","category-decoracao"],"_wp_attached_file":null,"_wp_attachment_metadata":null,"_wp_attachment_context":null,"_wp_attachment_is_custom_header":null,"geo_longitude":null,"geo_public":null,"geo_latitude":null,"_publicize_done_external":null,"_wpas_done_3897181":null,"publicize_twitter_user":null,"_wpas_done_3897175":null,"_wpas_skip_3897181":null,"_wpas_skip_3897175":null,"_wpas_skip_3924723":null,"_wpas_mess":null,"_wpas_done_3924723":null,"wps_subtitle":"","_links":{"self":[{"href":"https:\/\/www.aarquiteta.com.br\/blog\/wp-json\/wp\/v2\/posts\/155205","targetHints":{"allow":["GET"]}}],"collection":[{"href":"https:\/\/www.aarquiteta.com.br\/blog\/wp-json\/wp\/v2\/posts"}],"about":[{"href":"https:\/\/www.aarquiteta.com.br\/blog\/wp-json\/wp\/v2\/types\/post"}],"author":[{"embeddable":true,"href":"https:\/\/www.aarquiteta.com.br\/blog\/wp-json\/wp\/v2\/users\/102"}],"replies":[{"embeddable":true,"href":"https:\/\/www.aarquiteta.com.br\/blog\/wp-json\/wp\/v2\/comments?post=155205"}],"version-history":[{"count":0,"href":"https:\/\/www.aarquiteta.com.br\/blog\/wp-json\/wp\/v2\/posts\/155205\/revisions"}],"wp:featuredmedia":[{"embeddable":true,"href":"https:\/\/www.aarquiteta.com.br\/blog\/wp-json\/wp\/v2\/media\/155202"}],"wp:attachment":[{"href":"https:\/\/www.aarquiteta.com.br\/blog\/wp-json\/wp\/v2\/media?parent=155205"}],"wp:term":[{"taxonomy":"category","embeddable":true,"href":"https:\/\/www.aarquiteta.com.br\/blog\/wp-json\/wp\/v2\/categories?post=155205"},{"taxonomy":"post_tag","embeddable":true,"href":"https:\/\/www.aarquiteta.com.br\/blog\/wp-json\/wp\/v2\/tags?post=155205"}],"curies":[{"name":"wp","href":"https:\/\/api.w.org\/{rel}","templated":true}]}}