{"id":155185,"date":"2025-11-15T17:31:48","date_gmt":"2025-11-15T20:31:48","guid":{"rendered":"https:\/\/www.aarquiteta.com.br\/blog\/casa-de-campo-2\/"},"modified":"2025-11-15T17:31:48","modified_gmt":"2025-11-15T20:31:48","slug":"casa-de-campo-2","status":"publish","type":"post","link":"https:\/\/www.aarquiteta.com.br\/blog\/casa-de-campo-2\/","title":{"rendered":"10 Incr\u00edveis Ideias para sua Casa de Campo"},"content":{"rendered":"<p><b>Transforme sua casa de campo em um ref\u00fagio dos sonhos<\/b> com as ideias certas! Aqui, vou compartilhar 10 dicas incr\u00edveis que v\u00e3o te inspirar a criar um espa\u00e7o \u00fanico.<\/p>\n<figure style=\"width: 1024px\" class=\"wp-caption aligncenter\"><img decoding=\"async\" src=\"https:\/\/www.aarquiteta.com.br\/blog\/wp-content\/uploads\/2025\/11\/casa-de-campo01.jpg\" alt=\"casa-de-campo\" width=\"1024\" height=\"1024\" title=\"\"><figcaption class=\"wp-caption-text\">casa-de-campo<\/figcaption><\/figure>\n<h2>10 Incr\u00edveis Ideias para sua Casa de Campo<\/h2>\n<p>A casa de campo \u00e9 um lugar perfeito para relaxar e aproveitar a natureza. <b>Se voc\u00ea est\u00e1 planejando a sua ou apenas buscando inspira\u00e7\u00e3o, este artigo \u00e9 para voc\u00ea!<\/b><\/p>\n<figure style=\"width: 1024px\" class=\"wp-caption aligncenter\"><img decoding=\"async\" src=\"https:\/\/www.aarquiteta.com.br\/blog\/wp-content\/uploads\/2025\/11\/casa-de-campo02.jpg\" alt=\"casa-de-campo\" width=\"1024\" height=\"1024\" title=\"\"><figcaption class=\"wp-caption-text\">casa-de-campo<\/figcaption><\/figure>\n<p>Cada cantinho da sua casa pode refletir seu estilo pessoal. <b>Eu vou te mostrar como pequenas mudan\u00e7as fazem uma grande diferen\u00e7a!<\/b><\/p>\n<figure style=\"width: 1024px\" class=\"wp-caption aligncenter\"><img decoding=\"async\" src=\"https:\/\/www.aarquiteta.com.br\/blog\/wp-content\/uploads\/2025\/11\/casa-de-campo03.jpg\" alt=\"casa-de-campo\" width=\"1024\" height=\"1024\" title=\"\"><figcaption class=\"wp-caption-text\">casa-de-campo<\/figcaption><\/figure>\n<h3>1. Integra\u00e7\u00e3o com a natureza<\/h3>\n<p>Abra espa\u00e7o para a natureza dentro da sua casa! Grandes janelas e portas de vidro permitem que a luz entre e proporcionam vistas incr\u00edveis.<\/p>\n<h3>2. Materiais r\u00fasticos<\/h3>\n<p>Usar <b>madeira e pedra<\/b> na constru\u00e7\u00e3o traz um charme especial e combina perfeitamente com o ambiente campestre.<\/p>\n<h3>3. Varanda aconchegante<\/h3>\n<p>Uma varanda equipada com <b>camas de rede<\/b> e sof\u00e1s \u00e9 ideal para relaxar e curtir o ar puro da regi\u00e3o.<\/p>\n<h3>4. Espa\u00e7o gourmet externo<\/h3>\n<p>Crie um espa\u00e7o ao ar livre para churrascos. <b>Uma bancada com pedras e churrasqueira<\/b> v\u00e3o tornar seus finais de semana mais divertidos!<\/p>\n<h3>5. Um quintal colorido<\/h3>\n<p>Invista em um jardim cheio de flores. <b>Ele traz vida e cor<\/b> e ainda pode ser um \u00f3timo lugar para relaxar.<\/p>\n<p><div class=\"youtube-embed\" data-video_id=\"Blrz93DxAe0\"><iframe title=\"Casa De Campo Resort La Romana, Dominican Republic | An In Depth Look Inside\" width=\"696\" height=\"392\" src=\"https:\/\/www.youtube.com\/embed\/Blrz93DxAe0?feature=oembed&#038;enablejsapi=1\" frameborder=\"0\" allow=\"accelerometer; autoplay; clipboard-write; encrypted-media; gyroscope; picture-in-picture; web-share\" referrerpolicy=\"strict-origin-when-cross-origin\" allowfullscreen><\/iframe><\/div>\n<\/p>\n<h3>6. \u00c1rea para fogueira<\/h3>\n<p>Ter uma \u00e1rea para fogueira \u00e9 perfeito para noites frias. <b>Reunir a fam\u00edlia ao redor do fogo<\/b> \u00e9 uma experi\u00eancia \u00fanica!<\/p>\n<h3>7. Lareira interna<\/h3>\n<p>Uma lareira no interior da casa traz aconchego. <b>\u00c9 um \u00f3timo ponto de encontro<\/b> em dias mais frios.<\/p>\n<h3>8. Decorando com pe\u00e7as antigas<\/h3>\n<p>Incorpore objetos vintage que contam hist\u00f3rias. <b>Pe\u00e7as decorativas de heran\u00e7as familiares<\/b> trazem um toque especial.<\/p>\n<h3>9. Ambientes abertos<\/h3>\n<p>Proporcione um layout fluido com espa\u00e7os que se conectam. <b>Salas e cozinhas integradas<\/b> fazem seu lar parecer mais amplo.<\/p>\n<h3>10. Estilo que reflete voc\u00ea<\/h3>\n<p>Acima de tudo, a casa \u00e9 sua. <b>Escolha cores e m\u00f3veis que te representam<\/b> e tornam seu espa\u00e7o mais pessoal.<\/p>\n<table>\n<tr>\n<th>Ideia<\/th>\n<th>Descri\u00e7\u00e3o<\/th>\n<\/tr>\n<tr>\n<td>Integra\u00e7\u00e3o com a natureza<\/td>\n<td>Grandes janelas e portas de vidro<\/td>\n<\/tr>\n<tr>\n<td>Materiais r\u00fasticos<\/td>\n<td>Uso de madeira e pedra<\/td>\n<\/tr>\n<tr>\n<td>Varanda aconchegante<\/td>\n<td>Camas de rede para relaxamento<\/td>\n<\/tr>\n<tr>\n<td>Espa\u00e7o gourmet externo<\/td>\n<td>Bancada e churrasqueira<\/td>\n<\/tr>\n<tr>\n<td>Um quintal colorido<\/td>\n<td>Jardim de flores vibrantes<\/td>\n<\/tr>\n<tr>\n<td>\u00c1rea para fogueira<\/td>\n<td>Encontros ao redor do fogo<\/td>\n<\/tr>\n<tr>\n<td>Lareira interna<\/td>\n<td>Ponto de encontro acolhedor<\/td>\n<\/tr>\n<tr>\n<td>Decorando com pe\u00e7as antigas<\/td>\n<td>Objetos familiares vintage<\/td>\n<\/tr>\n<tr>\n<td>Ambientes abertos<\/td>\n<td>Salas integradas<\/td>\n<\/tr>\n<tr>\n<td>Estilo que reflete voc\u00ea<\/td>\n<td>Cores e m\u00f3veis pessoais<\/td>\n<\/tr>\n<\/table>\n<p>Com todas essas ideias incr\u00edveis, j\u00e1 d\u00e1 pra sentir a energia do campo! <b>Qual ideia voc\u00ea vai implementar primeiro?<\/b> Comente e compartilhe suas pr\u00f3prias inspira\u00e7\u00f5es!<\/p>\n","protected":false},"excerpt":{"rendered":"<p>10 Incr\u00edveis Ideias para sua Casa de Campo<\/p>\n","protected":false},"author":102,"featured_media":155182,"comment_status":"open","ping_status":"","sticky":false,"template":"","format":"standard","meta":{"footnotes":""},"categories":[249,1484],"tags":[],"class_list":["post-155185","post","type-post","status-publish","format-standard","has-post-thumbnail","category-engenharia-e-construcao-civil","category-decoracao"],"_wp_attached_file":null,"_wp_attachment_metadata":null,"_wp_attachment_context":null,"_wp_attachment_is_custom_header":null,"geo_longitude":null,"geo_public":null,"geo_latitude":null,"_publicize_done_external":null,"_wpas_done_3897181":null,"publicize_twitter_user":null,"_wpas_done_3897175":null,"_wpas_skip_3897181":null,"_wpas_skip_3897175":null,"_wpas_skip_3924723":null,"_wpas_mess":null,"_wpas_done_3924723":null,"wps_subtitle":"","_links":{"self":[{"href":"https:\/\/www.aarquiteta.com.br\/blog\/wp-json\/wp\/v2\/posts\/155185","targetHints":{"allow":["GET"]}}],"collection":[{"href":"https:\/\/www.aarquiteta.com.br\/blog\/wp-json\/wp\/v2\/posts"}],"about":[{"href":"https:\/\/www.aarquiteta.com.br\/blog\/wp-json\/wp\/v2\/types\/post"}],"author":[{"embeddable":true,"href":"https:\/\/www.aarquiteta.com.br\/blog\/wp-json\/wp\/v2\/users\/102"}],"replies":[{"embeddable":true,"href":"https:\/\/www.aarquiteta.com.br\/blog\/wp-json\/wp\/v2\/comments?post=155185"}],"version-history":[{"count":0,"href":"https:\/\/www.aarquiteta.com.br\/blog\/wp-json\/wp\/v2\/posts\/155185\/revisions"}],"wp:featuredmedia":[{"embeddable":true,"href":"https:\/\/www.aarquiteta.com.br\/blog\/wp-json\/wp\/v2\/media\/155182"}],"wp:attachment":[{"href":"https:\/\/www.aarquiteta.com.br\/blog\/wp-json\/wp\/v2\/media?parent=155185"}],"wp:term":[{"taxonomy":"category","embeddable":true,"href":"https:\/\/www.aarquiteta.com.br\/blog\/wp-json\/wp\/v2\/categories?post=155185"},{"taxonomy":"post_tag","embeddable":true,"href":"https:\/\/www.aarquiteta.com.br\/blog\/wp-json\/wp\/v2\/tags?post=155185"}],"curies":[{"name":"wp","href":"https:\/\/api.w.org\/{rel}","templated":true}]}}