{"id":155116,"date":"2025-11-12T07:32:10","date_gmt":"2025-11-12T10:32:10","guid":{"rendered":"https:\/\/www.aarquiteta.com.br\/blog\/cortinas-para-quarto-3\/"},"modified":"2025-11-12T07:32:10","modified_gmt":"2025-11-12T10:32:10","slug":"cortinas-para-quarto-3","status":"publish","type":"post","link":"https:\/\/www.aarquiteta.com.br\/blog\/cortinas-para-quarto-3\/","title":{"rendered":"10 Inspira\u00e7\u00f5es para transformar seu quarto com cortinas"},"content":{"rendered":"<p>Transforme seu quarto em um espa\u00e7o mais aconchegante e estiloso com as <b>cortinas<\/b> certas! Aqui est\u00e3o 10 inspira\u00e7\u00f5es que v\u00e3o te ajudar a escolher.<\/p>\n<figure style=\"width: 1024px\" class=\"wp-caption aligncenter\"><img decoding=\"async\" src=\"https:\/\/www.aarquiteta.com.br\/blog\/wp-content\/uploads\/2025\/11\/cortinas-para-quarto01.jpg\" alt=\"cortinas-para-quarto\" width=\"1024\" height=\"1024\" title=\"\"><figcaption class=\"wp-caption-text\">cortinas-para-quarto<\/figcaption><\/figure>\n<h2>Por que usar cortinas no quarto?<\/h2>\n<p>As <b>cortinas<\/b> desempenham um papel fundamental na decora\u00e7\u00e3o do quarto. Elas oferecem <b>privacidade<\/b>, controle da luz e um toque especial de estilo. Ao escolher a cortina ideal, o seu ambiente se torna mais acolhedor e convidativo.<\/p>\n<figure style=\"width: 1024px\" class=\"wp-caption aligncenter\"><img decoding=\"async\" src=\"https:\/\/www.aarquiteta.com.br\/blog\/wp-content\/uploads\/2025\/11\/cortinas-para-quarto02.jpg\" alt=\"cortinas-para-quarto\" width=\"1024\" height=\"1024\" title=\"\"><figcaption class=\"wp-caption-text\">cortinas-para-quarto<\/figcaption><\/figure>\n<p>Se voc\u00ea est\u00e1 em d\u00favida, saiba que existem diversos modelos e estilos. Assim, voc\u00ea pode encontrar a cortina perfeita para seu espa\u00e7o. Vamos \u00e0s inspira\u00e7\u00f5es?<\/p>\n<figure style=\"width: 1024px\" class=\"wp-caption aligncenter\"><img decoding=\"async\" src=\"https:\/\/www.aarquiteta.com.br\/blog\/wp-content\/uploads\/2025\/11\/cortinas-para-quarto03.jpg\" alt=\"cortinas-para-quarto\" width=\"1024\" height=\"1024\" title=\"\"><figcaption class=\"wp-caption-text\">cortinas-para-quarto<\/figcaption><\/figure>\n<h2>10 Inspira\u00e7\u00f5es de Cortinas para Transformar Seu Quarto<\/h2>\n<ol>\n<li><b>Branco Neve<\/b>: Cortinas brancas trazem uma <b>ilumina\u00e7\u00e3o suave<\/b> e sofisticada ao ambiente.<\/li>\n<li><b>Blackout Total<\/b>: Ideal para quem ama dormir no escuro. Garante <b>conforto e tranquilidade<\/b>.<\/li>\n<li><b>Cortinas Romanas<\/b>: Super modernas, elas oferecem um toque de <b>eleg\u00e2ncia<\/b> e praticidade.<\/li>\n<li><b>Cortinas Rol\u00f4<\/b>: \u00d3timas para quem busca uma decora\u00e7\u00e3o <b>minimalista<\/b> e f\u00e1cil de limpar.<\/li>\n<li><b>Double Vision<\/b>: Para quem quer controlar a luz e a privacidade de um jeito <b>sofisticado<\/b>.<\/li>\n<li><b>Cores Neutras<\/b>: Op\u00e7\u00f5es em tons neutros est\u00e3o sempre em alta e <b>combinam com tudo<\/b>.<\/li>\n<li><b>Cortinas de Tecido Estampado<\/b>: Elas trazem vida e <b>estilo<\/b> ao quarto, sendo um bom ponto focal.<\/li>\n<li><b>Persianas de Madeira<\/b>: Para um toque r\u00fastico e ao mesmo tempo <b>elegante<\/b>. Perfeitas para quartos mais cl\u00e1ssicos.<\/li>\n<li><b>Cortinas Embutidas<\/b>: Para quem quer um visual <b>clean<\/b>, essa op\u00e7\u00e3o \u00e9 discreta e moderna.<\/li>\n<li><b>Camadas de Cortinas<\/b>: Misturar cortinas de diferentes estilos pode criar um <b>resultado \u00fanico<\/b> e personalizado.<\/li>\n<\/ol>\n<h2>Tabela Resumo das Inspira\u00e7\u00f5es<\/h2>\n<table>\n<tr>\n<th>Modelo<\/th>\n<th>Benef\u00edcios<\/th>\n<th>Estilo<\/th>\n<\/tr>\n<tr>\n<td>Branco Neve<\/td>\n<td>Ilumina\u00e7\u00e3o suave<\/td>\n<td>Cl\u00e1ssico<\/td>\n<\/tr>\n<tr>\n<td>Blackout Total<\/td>\n<td>Escurece o ambiente<\/td>\n<td>Moderno<\/td>\n<\/tr>\n<tr>\n<td>Cortinas Romanas<\/td>\n<td>Eleg\u00e2ncia e praticidade<\/td>\n<td>Contempor\u00e2neo<\/td>\n<\/tr>\n<tr>\n<td>Cortinas Rol\u00f4<\/td>\n<td>Limpeza f\u00e1cil<\/td>\n<td>Minimalista<\/td>\n<\/tr>\n<tr>\n<td>Double Vision<\/td>\n<td>Controle de luz<\/td>\n<td>Sofisticado<\/td>\n<\/tr>\n<tr>\n<td>Cores Neutras<\/td>\n<td>Combina com tudo<\/td>\n<td>Vers\u00e1til<\/td>\n<\/tr>\n<\/table>\n<h2>O que voc\u00ea deve considerar ao escolher cortinas<\/h2>\n<p>Verifique as <b>medidas<\/b> da janela e escolha o tecido que melhor se adapta ao seu estilo de vida. Considere tamb\u00e9m a <b>manuten\u00e7\u00e3o<\/b> das cortinas e como elas v\u00e3o interagir com a <b>ilumina\u00e7\u00e3o<\/b> do ambiente.<\/p>\n<p>Agora que voc\u00ea tem essas <b>inspira\u00e7\u00f5es<\/b> e dicas, que tal come\u00e7ar a transformar seu quarto? Compartilhe suas ideias e solu\u00e7\u00f5es para a decora\u00e7\u00e3o com a gente nos coment\u00e1rios!<\/p>\n<h2>Conte\u00fados Relacionados<\/h2>\n<p>Se voc\u00ea gostou deste artigo, pode se interessar tamb\u00e9m por:<\/p>\n<ul>\n<li>Dicas para escolher a <b>cama perfeita<\/b>.<\/li>\n<li>Como iluminar seu quarto com <b>luz natural<\/b>.<\/li>\n<li>Mais ideias para quartos <b>infantis e aconchegantes<\/b>.<\/li>\n<\/ul>\n<p><div class=\"youtube-embed\" data-video_id=\"wjyFYF-4g3Y\"><iframe title=\"\ud83d\udca1Dica incr\u00edvel Cortina voil cristal #quarto #dicasdecoracao #homedesign #decoration #cortinas\" width=\"696\" height=\"392\" src=\"https:\/\/www.youtube.com\/embed\/wjyFYF-4g3Y?feature=oembed&#038;enablejsapi=1\" frameborder=\"0\" allow=\"accelerometer; autoplay; clipboard-write; encrypted-media; gyroscope; picture-in-picture; web-share\" referrerpolicy=\"strict-origin-when-cross-origin\" allowfullscreen><\/iframe><\/div><\/p>\n","protected":false},"excerpt":{"rendered":"<p>10 Inspira\u00e7\u00f5es para transformar seu quarto com cortinas<\/p>\n","protected":false},"author":102,"featured_media":155113,"comment_status":"open","ping_status":"","sticky":false,"template":"","format":"standard","meta":{"footnotes":""},"categories":[1484],"tags":[],"class_list":["post-155116","post","type-post","status-publish","format-standard","has-post-thumbnail","category-decoracao"],"_wp_attached_file":null,"_wp_attachment_metadata":null,"_wp_attachment_context":null,"_wp_attachment_is_custom_header":null,"geo_longitude":null,"geo_public":null,"geo_latitude":null,"_publicize_done_external":null,"_wpas_done_3897181":null,"publicize_twitter_user":null,"_wpas_done_3897175":null,"_wpas_skip_3897181":null,"_wpas_skip_3897175":null,"_wpas_skip_3924723":null,"_wpas_mess":null,"_wpas_done_3924723":null,"wps_subtitle":"","_links":{"self":[{"href":"https:\/\/www.aarquiteta.com.br\/blog\/wp-json\/wp\/v2\/posts\/155116","targetHints":{"allow":["GET"]}}],"collection":[{"href":"https:\/\/www.aarquiteta.com.br\/blog\/wp-json\/wp\/v2\/posts"}],"about":[{"href":"https:\/\/www.aarquiteta.com.br\/blog\/wp-json\/wp\/v2\/types\/post"}],"author":[{"embeddable":true,"href":"https:\/\/www.aarquiteta.com.br\/blog\/wp-json\/wp\/v2\/users\/102"}],"replies":[{"embeddable":true,"href":"https:\/\/www.aarquiteta.com.br\/blog\/wp-json\/wp\/v2\/comments?post=155116"}],"version-history":[{"count":0,"href":"https:\/\/www.aarquiteta.com.br\/blog\/wp-json\/wp\/v2\/posts\/155116\/revisions"}],"wp:featuredmedia":[{"embeddable":true,"href":"https:\/\/www.aarquiteta.com.br\/blog\/wp-json\/wp\/v2\/media\/155113"}],"wp:attachment":[{"href":"https:\/\/www.aarquiteta.com.br\/blog\/wp-json\/wp\/v2\/media?parent=155116"}],"wp:term":[{"taxonomy":"category","embeddable":true,"href":"https:\/\/www.aarquiteta.com.br\/blog\/wp-json\/wp\/v2\/categories?post=155116"},{"taxonomy":"post_tag","embeddable":true,"href":"https:\/\/www.aarquiteta.com.br\/blog\/wp-json\/wp\/v2\/tags?post=155116"}],"curies":[{"name":"wp","href":"https:\/\/api.w.org\/{rel}","templated":true}]}}