{"id":155069,"date":"2025-11-09T17:32:00","date_gmt":"2025-11-09T20:32:00","guid":{"rendered":"https:\/\/www.aarquiteta.com.br\/blog\/chale-de-madeira-3\/"},"modified":"2025-11-09T17:32:00","modified_gmt":"2025-11-09T20:32:00","slug":"chale-de-madeira-3","status":"publish","type":"post","link":"https:\/\/www.aarquiteta.com.br\/blog\/chale-de-madeira-3\/","title":{"rendered":"5 Tend\u00eancias"},"content":{"rendered":"<p>Voc\u00ea j\u00e1 sonhou em ter um <b>chal\u00e9 de madeira<\/b> encantador? Esta moradia aconchegante, inspirada nos Alpes Su\u00ed\u00e7os, traz o ideal de conforto e beleza que muitos buscam. Neste artigo, vou compartilhar 5 tend\u00eancias atuais que v\u00e3o transformar seu projeto de chalet em um espa\u00e7o dos sonhos!<\/p>\n<figure style=\"width: 1024px\" class=\"wp-caption aligncenter\"><img decoding=\"async\" src=\"https:\/\/www.aarquiteta.com.br\/blog\/wp-content\/uploads\/2025\/11\/chale-de-madeira01.jpg\" alt=\"chale-de-madeira\" width=\"1024\" height=\"1024\" title=\"\"><figcaption class=\"wp-caption-text\">chale-de-madeira<\/figcaption><\/figure>\n<h3>1. Chal\u00e9s R\u00fasticos: O Charme das Torres de Madeira<\/h3>\n<p>Se voc\u00ea busca um visual <b>r\u00fastico<\/b>, aposte em toras de madeira expostas. Esse estilo traz um toque campestre e aconchegante ao chal\u00e9. Uma decora\u00e7\u00e3o simples, mas com m\u00f3veis de madeira, complementa essa proposta, proporcionando um ambiente acolhedor.<\/p>\n<figure style=\"width: 1024px\" class=\"wp-caption aligncenter\"><img decoding=\"async\" src=\"https:\/\/www.aarquiteta.com.br\/blog\/wp-content\/uploads\/2025\/11\/chale-de-madeira02.jpg\" alt=\"chale-de-madeira\" width=\"1024\" height=\"1024\" title=\"\"><figcaption class=\"wp-caption-text\">chale-de-madeira<\/figcaption><\/figure>\n<h3>2. Janelas Amplas: Luz Natural em Abund\u00e2ncia<\/h3>\n<p>As <b>janelas grandes<\/b> s\u00e3o essenciais para um chal\u00e9 moderno. Elas n\u00e3o s\u00f3 melhoram a luminosidade, mas tamb\u00e9m permitem a conex\u00e3o com a natureza. Imagine acordar com a luz do sol filtrando e aquecendo seu espa\u00e7o, isso \u00e9 sonho realizado!<\/p>\n<figure style=\"width: 1024px\" class=\"wp-caption aligncenter\"><img decoding=\"async\" src=\"https:\/\/www.aarquiteta.com.br\/blog\/wp-content\/uploads\/2025\/11\/chale-de-madeira03.jpg\" alt=\"chale-de-madeira\" width=\"1024\" height=\"1024\" title=\"\"><figcaption class=\"wp-caption-text\">chale-de-madeira<\/figcaption><\/figure>\n<h3>3. Telhados Inovadores: Estilos que Impressionam<\/h3>\n<p>Os telhados inclinados s\u00e3o tradicionais, mas voc\u00ea j\u00e1 pensou em um conceito <b>oval<\/b> ou um telhado que inclina s\u00f3 para um lado? Essas inova\u00e7\u00f5es est\u00e3o em alta e d\u00e3o uma identidade \u00fanica ao seu chal\u00e9. Experimente!<\/p>\n<h3>4. Detalhes Coloridos: A Porta como Foco Principal<\/h3>\n<p>Que tal destacar a sua <b>porta<\/b>? Ao investir em uma cor diferente ou um material alternativo, voc\u00ea cria um ponto focal deslumbrante na fachada do seu chal\u00e9. Um simples detalhe que pode causar uma impress\u00e3o incr\u00edvel!<\/p>\n<h3>5. Ambientes Abertos: Conex\u00e3o com a Natureza<\/h3>\n<p>Ontem, tive a ideia de criar um espa\u00e7o externo com <b>cadeiras confort\u00e1veis<\/b> e um ofur\u00f4. Isso permite aproveitar momentos ao ar livre, relaxando e admirando a paisagem. Explore a ideia e fa\u00e7a do seu chal\u00e9 um ref\u00fagio perfeito!<\/p>\n<table>\n<tr>\n<th>Tend\u00eancia<\/th>\n<th>Descri\u00e7\u00e3o<\/th>\n<\/tr>\n<tr>\n<td>Chal\u00e9s R\u00fasticos<\/td>\n<td>Aposte em toras de madeira expostas.<\/td>\n<\/tr>\n<tr>\n<td>Janelas Amplas<\/td>\n<td>Permitem luz natural e conex\u00e3o com a natureza.<\/td>\n<\/tr>\n<tr>\n<td>Telhados Inovadores<\/td>\n<td>Formatos oval e inclinado para um lado.<\/td>\n<\/tr>\n<tr>\n<td>Detalhes Coloridos<\/td>\n<td>Destaque a porta em uma cor diferente.<\/td>\n<\/tr>\n<tr>\n<td>Ambientes Abertos<\/td>\n<td>Cadeiras e ofur\u00f4 para aproveitar o exterior.<\/td>\n<\/tr>\n<\/table>\n<p>Essas s\u00e3o as 5 <b>tend\u00eancias<\/b> que podem transformar o seu chal\u00e9 de madeira em um espa\u00e7o de sonho. Quais dessas ideias voc\u00ea levaria para sua pr\u00f3pria constru\u00e7\u00e3o? Continue explorando e se inspire mais!<\/p>\n<p><div class=\"youtube-embed\" data-video_id=\"rQ9oMXWeq_8\"><iframe title=\"Modelos de chal\u00e9 incr\u00edveis para se inspirar e construir!  | Chal\u00e9 de Madeira\" width=\"696\" height=\"392\" src=\"https:\/\/www.youtube.com\/embed\/rQ9oMXWeq_8?feature=oembed&#038;enablejsapi=1\" frameborder=\"0\" allow=\"accelerometer; autoplay; clipboard-write; encrypted-media; gyroscope; picture-in-picture; web-share\" referrerpolicy=\"strict-origin-when-cross-origin\" allowfullscreen><\/iframe><\/div><\/p>\n","protected":false},"excerpt":{"rendered":"<p>5 Tend\u00eancias<\/p>\n","protected":false},"author":102,"featured_media":155066,"comment_status":"open","ping_status":"","sticky":false,"template":"","format":"standard","meta":{"footnotes":""},"categories":[249,1484],"tags":[],"class_list":["post-155069","post","type-post","status-publish","format-standard","has-post-thumbnail","category-engenharia-e-construcao-civil","category-decoracao"],"_wp_attached_file":null,"_wp_attachment_metadata":null,"_wp_attachment_context":null,"_wp_attachment_is_custom_header":null,"geo_longitude":null,"geo_public":null,"geo_latitude":null,"_publicize_done_external":null,"_wpas_done_3897181":null,"publicize_twitter_user":null,"_wpas_done_3897175":null,"_wpas_skip_3897181":null,"_wpas_skip_3897175":null,"_wpas_skip_3924723":null,"_wpas_mess":null,"_wpas_done_3924723":null,"wps_subtitle":"","_links":{"self":[{"href":"https:\/\/www.aarquiteta.com.br\/blog\/wp-json\/wp\/v2\/posts\/155069","targetHints":{"allow":["GET"]}}],"collection":[{"href":"https:\/\/www.aarquiteta.com.br\/blog\/wp-json\/wp\/v2\/posts"}],"about":[{"href":"https:\/\/www.aarquiteta.com.br\/blog\/wp-json\/wp\/v2\/types\/post"}],"author":[{"embeddable":true,"href":"https:\/\/www.aarquiteta.com.br\/blog\/wp-json\/wp\/v2\/users\/102"}],"replies":[{"embeddable":true,"href":"https:\/\/www.aarquiteta.com.br\/blog\/wp-json\/wp\/v2\/comments?post=155069"}],"version-history":[{"count":0,"href":"https:\/\/www.aarquiteta.com.br\/blog\/wp-json\/wp\/v2\/posts\/155069\/revisions"}],"wp:featuredmedia":[{"embeddable":true,"href":"https:\/\/www.aarquiteta.com.br\/blog\/wp-json\/wp\/v2\/media\/155066"}],"wp:attachment":[{"href":"https:\/\/www.aarquiteta.com.br\/blog\/wp-json\/wp\/v2\/media?parent=155069"}],"wp:term":[{"taxonomy":"category","embeddable":true,"href":"https:\/\/www.aarquiteta.com.br\/blog\/wp-json\/wp\/v2\/categories?post=155069"},{"taxonomy":"post_tag","embeddable":true,"href":"https:\/\/www.aarquiteta.com.br\/blog\/wp-json\/wp\/v2\/tags?post=155069"}],"curies":[{"name":"wp","href":"https:\/\/api.w.org\/{rel}","templated":true}]}}