{"id":155030,"date":"2025-11-07T17:32:18","date_gmt":"2025-11-07T20:32:18","guid":{"rendered":"https:\/\/www.aarquiteta.com.br\/blog\/sobrado-pequeno-3\/"},"modified":"2025-11-07T17:32:18","modified_gmt":"2025-11-07T20:32:18","slug":"sobrado-pequeno-3","status":"publish","type":"post","link":"https:\/\/www.aarquiteta.com.br\/blog\/sobrado-pequeno-3\/","title":{"rendered":"7 Incr\u00edveis Ideias para Sobrado Pequeno"},"content":{"rendered":"<p>Est\u00e1 pensando em construir um <b>sobrado pequeno<\/b> e n\u00e3o sabe por onde come\u00e7ar? Aqui est\u00e3o sete ideias incr\u00edveis!<\/p>\n<figure style=\"width: 1024px\" class=\"wp-caption aligncenter\"><img decoding=\"async\" src=\"https:\/\/www.aarquiteta.com.br\/blog\/wp-content\/uploads\/2025\/11\/sobrado-pequeno01.jpg\" alt=\"sobrado-pequeno\" width=\"1024\" height=\"1024\" title=\"\"><figcaption class=\"wp-caption-text\">sobrado-pequeno<\/figcaption><\/figure>\n<h3>Planejando seu Sobrado Pequeno<\/h3>\n<p>Quando imagino a constru\u00e7\u00e3o do meu <b>sobrado pequeno<\/b>, logo percebo que \u00e9 preciso <b>otimizar<\/b> cada metro quadrado. O conceito de ter <b>dois pavimentos<\/b> \u00e9 uma excelente solu\u00e7\u00e3o para aproveitar o espa\u00e7o.<\/p>\n<figure style=\"width: 1024px\" class=\"wp-caption aligncenter\"><img decoding=\"async\" src=\"https:\/\/www.aarquiteta.com.br\/blog\/wp-content\/uploads\/2025\/11\/sobrado-pequeno02.jpg\" alt=\"sobrado-pequeno\" width=\"1024\" height=\"1024\" title=\"\"><figcaption class=\"wp-caption-text\">sobrado-pequeno<\/figcaption><\/figure>\n<p>Al\u00e9m disso, ter um <b>planejamento adequado<\/b> garante que os ambientes sejam bem distribu\u00eddos e funcionais. Quer dicas? Vem comigo!<\/p>\n<figure style=\"width: 1024px\" class=\"wp-caption aligncenter\"><img decoding=\"async\" src=\"https:\/\/www.aarquiteta.com.br\/blog\/wp-content\/uploads\/2025\/11\/sobrado-pequeno03.jpg\" alt=\"sobrado-pequeno\" width=\"1024\" height=\"1024\" title=\"\"><figcaption class=\"wp-caption-text\">sobrado-pequeno<\/figcaption><\/figure>\n<h3>1. Uso de Vidro nas Fachadas<\/h3>\n<p>Um dos <b>elementos favor\u00e1veis<\/b> na constru\u00e7\u00e3o do sobrado \u00e9 o uso de vidro. Ele traz <b>modernidade<\/b> e permite uma boa ilumina\u00e7\u00e3o natural. Assim, os ambientes ficam mais arejados.<\/p>\n<h3>2. Cores Marcantes<\/h3>\n<p>Utilizar <b>cores vivas<\/b> nas paredes externas vai ajudar a destacar seu sobrado. A beleza de um <b>projeto colorido<\/b> \u00e9 ineg\u00e1vel e transmite felicidade!<\/p>\n<h3>3. Janelas Amplas<\/h3>\n<p>As <b>janelas amplas<\/b> s\u00e3o excelentes para maximizar a luz natural. Elas n\u00e3o s\u00f3 aumentam a sensa\u00e7\u00e3o de espa\u00e7o, mas tamb\u00e9m proporcionam uma integra\u00e7\u00e3o linda entre o interior e o exterior.<\/p>\n<h3>4. Elementos Suspensos<\/h3>\n<p>Quer dar um toque especial ao seu projeto? Invista em <b>elementos suspensos<\/b> como prateleiras e m\u00f3veis. Isso proporciona uma apar\u00eancia leve e elegante!<\/p>\n<h3>5. Jardins Verticais<\/h3>\n<p>Quem n\u00e3o ama um <b>jardim vibrante<\/b>? Cultivar plantas em espa\u00e7os verticais n\u00e3o apenas embeleza, mas tamb\u00e9m traz frescor ao ambiente.<\/p>\n<p><div class=\"youtube-embed\" data-video_id=\"HnblXwkI05M\"><iframe title=\"Mini Sobrado 3x6 - Pequeno e Moderno \u2764\ufe0f\" width=\"696\" height=\"392\" src=\"https:\/\/www.youtube.com\/embed\/HnblXwkI05M?feature=oembed&#038;enablejsapi=1\" frameborder=\"0\" allow=\"accelerometer; autoplay; clipboard-write; encrypted-media; gyroscope; picture-in-picture; web-share\" referrerpolicy=\"strict-origin-when-cross-origin\" allowfullscreen><\/iframe><\/div>\n<\/p>\n<h3>6. Escadas como Destaque<\/h3>\n<p>Em um sobrado pequeno, as <b>escadas<\/b> podem se tornar um ponto focal. Apostar em escadas diferenciadas pode transformar a \u00e1rea comum em um espa\u00e7o sofisticado!<\/p>\n<h3>7. Materiais Naturais<\/h3>\n<p>N\u00e3o subestime o poder da <b>madeira<\/b>. Ela traz aconchego e um charme \u00fanico ao teu sobrado!<\/p>\n<table>\n<tr>\n<th>Ideia<\/th>\n<th>Descri\u00e7\u00e3o<\/th>\n<\/tr>\n<tr>\n<td>Uso de Vidro<\/td>\n<td>Modernidade e ilumina\u00e7\u00e3o natural.<\/td>\n<\/tr>\n<tr>\n<td>Cores Marcantes<\/td>\n<td>Destaca a constru\u00e7\u00e3o e transmite alegria.<\/td>\n<\/tr>\n<tr>\n<td>Janelas Amplas<\/td>\n<td>Maximiza a luz e integra ambientes.<\/td>\n<\/tr>\n<tr>\n<td>Elementos Suspensos<\/td>\n<td>Apresenta leveza e sofistica\u00e7\u00e3o.<\/td>\n<\/tr>\n<tr>\n<td>Jardins Verticais<\/td>\n<td>Embelezam e refrescam o espa\u00e7o.<\/td>\n<\/tr>\n<tr>\n<td>Escadas como Destaque<\/td>\n<td>Ponto focal com estilo.<\/td>\n<\/tr>\n<tr>\n<td>Materiais Naturais<\/td>\n<td>Aconchego e charme com madeira.<\/td>\n<\/tr>\n<\/table>\n<p>Agora que voc\u00ea tem essas <b>ideias incr\u00edveis<\/b> para seu sobrado pequeno, n\u00e3o perca tempo! Comece a planejar seu espa\u00e7o dos sonhos. Conte o que achou e compartilhe suas ideias nos coment\u00e1rios!<\/p>\n","protected":false},"excerpt":{"rendered":"<p>7 Incr\u00edveis Ideias para Sobrado Pequeno<\/p>\n","protected":false},"author":102,"featured_media":155027,"comment_status":"open","ping_status":"","sticky":false,"template":"","format":"standard","meta":{"footnotes":""},"categories":[249,1484],"tags":[],"class_list":["post-155030","post","type-post","status-publish","format-standard","has-post-thumbnail","category-engenharia-e-construcao-civil","category-decoracao"],"_wp_attached_file":null,"_wp_attachment_metadata":null,"_wp_attachment_context":null,"_wp_attachment_is_custom_header":null,"geo_longitude":null,"geo_public":null,"geo_latitude":null,"_publicize_done_external":null,"_wpas_done_3897181":null,"publicize_twitter_user":null,"_wpas_done_3897175":null,"_wpas_skip_3897181":null,"_wpas_skip_3897175":null,"_wpas_skip_3924723":null,"_wpas_mess":null,"_wpas_done_3924723":null,"wps_subtitle":"","_links":{"self":[{"href":"https:\/\/www.aarquiteta.com.br\/blog\/wp-json\/wp\/v2\/posts\/155030","targetHints":{"allow":["GET"]}}],"collection":[{"href":"https:\/\/www.aarquiteta.com.br\/blog\/wp-json\/wp\/v2\/posts"}],"about":[{"href":"https:\/\/www.aarquiteta.com.br\/blog\/wp-json\/wp\/v2\/types\/post"}],"author":[{"embeddable":true,"href":"https:\/\/www.aarquiteta.com.br\/blog\/wp-json\/wp\/v2\/users\/102"}],"replies":[{"embeddable":true,"href":"https:\/\/www.aarquiteta.com.br\/blog\/wp-json\/wp\/v2\/comments?post=155030"}],"version-history":[{"count":0,"href":"https:\/\/www.aarquiteta.com.br\/blog\/wp-json\/wp\/v2\/posts\/155030\/revisions"}],"wp:featuredmedia":[{"embeddable":true,"href":"https:\/\/www.aarquiteta.com.br\/blog\/wp-json\/wp\/v2\/media\/155027"}],"wp:attachment":[{"href":"https:\/\/www.aarquiteta.com.br\/blog\/wp-json\/wp\/v2\/media?parent=155030"}],"wp:term":[{"taxonomy":"category","embeddable":true,"href":"https:\/\/www.aarquiteta.com.br\/blog\/wp-json\/wp\/v2\/categories?post=155030"},{"taxonomy":"post_tag","embeddable":true,"href":"https:\/\/www.aarquiteta.com.br\/blog\/wp-json\/wp\/v2\/tags?post=155030"}],"curies":[{"name":"wp","href":"https:\/\/api.w.org\/{rel}","templated":true}]}}