{"id":154992,"date":"2025-11-06T07:31:38","date_gmt":"2025-11-06T10:31:38","guid":{"rendered":"https:\/\/www.aarquiteta.com.br\/blog\/moveis-rusticos-2\/"},"modified":"2025-11-06T07:31:38","modified_gmt":"2025-11-06T10:31:38","slug":"moveis-rusticos-2","status":"publish","type":"post","link":"https:\/\/www.aarquiteta.com.br\/blog\/moveis-rusticos-2\/","title":{"rendered":"10 Inspira\u00e7\u00f5es de M\u00f3veis R\u00fasticos que V\u00e3o Transformar Seu Espa\u00e7o"},"content":{"rendered":"<p><b>Quer saber como os m\u00f3veis r\u00fasticos podem transformar seu espa\u00e7o?<\/b> Neste artigo, vou compartilhar 10 inspira\u00e7\u00f5es incr\u00edveis que v\u00e3o dar um toque especial \u00e0 sua casa. Acompanhe e descubra como trazer essa ess\u00eancia natural para o seu lar!<\/p>\n<figure style=\"width: 1024px\" class=\"wp-caption aligncenter\"><img decoding=\"async\" src=\"https:\/\/www.aarquiteta.com.br\/blog\/wp-content\/uploads\/2025\/11\/moveis-rusticos01.jpg\" alt=\"moveis-rusticos\" width=\"1024\" height=\"1024\" title=\"\"><figcaption class=\"wp-caption-text\">moveis-rusticos<\/figcaption><\/figure>\n<h3>O que s\u00e3o m\u00f3veis r\u00fasticos?<\/h3>\n<p>Os <b>m\u00f3veis r\u00fasticos<\/b> s\u00e3o feitos de materiais naturais, como madeira e pedra, e possuem um design que remete ao campo. Eles trazem um <b>charme especial<\/b> e proporcionam um ambiente acolhedor.<\/p>\n<figure style=\"width: 1024px\" class=\"wp-caption aligncenter\"><img decoding=\"async\" src=\"https:\/\/www.aarquiteta.com.br\/blog\/wp-content\/uploads\/2025\/11\/moveis-rusticos02.jpg\" alt=\"moveis-rusticos\" width=\"1024\" height=\"1024\" title=\"\"><figcaption class=\"wp-caption-text\">moveis-rusticos<\/figcaption><\/figure>\n<h3>Por que escolher m\u00f3veis r\u00fasticos?<\/h3>\n<p>Essas pe\u00e7as s\u00e3o ideais para quem busca um lar com personalidade. Elas emanam a sensa\u00e7\u00e3o de <b>calor humano<\/b> e autenticidade, al\u00e9m de serem dur\u00e1veis e de f\u00e1cil manuten\u00e7\u00e3o.<\/p>\n<figure style=\"width: 1024px\" class=\"wp-caption aligncenter\"><img decoding=\"async\" src=\"https:\/\/www.aarquiteta.com.br\/blog\/wp-content\/uploads\/2025\/11\/moveis-rusticos03.jpg\" alt=\"moveis-rusticos\" width=\"1024\" height=\"1024\" title=\"\"><figcaption class=\"wp-caption-text\">moveis-rusticos<\/figcaption><\/figure>\n<h3>10 Inspira\u00e7\u00f5es de M\u00f3veis R\u00fasticos<\/h3>\n<ul>\n<li><b>1. Cozinha R\u00fastica Moderna:<\/b> Mescle arm\u00e1rios de madeira com elementos contempor\u00e2neos.<\/li>\n<li><b>2. Prateleiras Naturais:<\/b> Utilize prateleiras de madeira para um toque <b>vintage<\/b>.<\/li>\n<li><b>3. Mesas de Ferro e Madeira:<\/b> A combina\u00e7\u00e3o dessas texturas cria um espa\u00e7o <b>harm\u00f4nico<\/b>.<\/li>\n<li><b>4. M\u00f3veis Antigos:<\/b> Uma cadeira de av\u00f3 pode se tornar o centro das aten\u00e7\u00f5es!<\/li>\n<li><b>5. Poltronas Aconchegantes:<\/b> Perfeitas para momentos de descanso e contempla\u00e7\u00e3o.<\/li>\n<li><b>6. Cama de Madeira:<\/b> Um diferencial que traz aconchego ao quarto.<\/li>\n<li><b>7. Mesa de Centro R\u00fastica:<\/b> Um modelo robusto que chama a aten\u00e7\u00e3o na sala.<\/li>\n<li><b>8. Materiais Naturais:<\/b> Incorpore plantas e texturas naturais para <b>harmonizar<\/b>.<\/li>\n<li><b>9. Quarto Infantil:<\/b> M\u00f3veis r\u00fasticos criam um espa\u00e7o l\u00fadico e acolhedor.<\/li>\n<li><b>10. Ambientes Externos:<\/b> M\u00f3veis r\u00fasticos tamb\u00e9m se encaixam perfeitamente na \u00e1rea externa.<\/li>\n<\/ul>\n<h3>Resumo das Inspira\u00e7\u00f5es<\/h3>\n<table>\n<tr>\n<th>Inspira\u00e7\u00e3o<\/th>\n<th>Descri\u00e7\u00e3o<\/th>\n<\/tr>\n<tr>\n<td>Cozinha R\u00fastica Moderna<\/td>\n<td>Mesclagem de arm\u00e1rios de madeira com elementos modernos.<\/td>\n<\/tr>\n<tr>\n<td>Prateleiras Naturais<\/td>\n<td>Prateleiras feitas de madeira para um toque vintage.<\/td>\n<\/tr>\n<tr>\n<td>Mesas de Ferro e Madeira<\/td>\n<td>Combina\u00e7\u00e3o que cria um ambiente harm\u00f4nico.<\/td>\n<\/tr>\n<tr>\n<td>M\u00f3veis Antigos<\/td>\n<td>Cadeiras e pe\u00e7as que contam hist\u00f3rias.<\/td>\n<\/tr>\n<tr>\n<td>Poltronas Aconchegantes<\/td>\n<td>Espa\u00e7os confort\u00e1veis para relaxar.<\/td>\n<\/tr>\n<\/table>\n<h3>Dicas de Manuten\u00e7\u00e3o<\/h3>\n<p>Para preservar a beleza dos <b>m\u00f3veis r\u00fasticos<\/b>, \u00e9 fundamental:<\/p>\n<ol>\n<li>Evitar exposi\u00e7\u00e3o direta ao sol.<\/li>\n<li>Limpar regularmente com produtos suaves.<\/li>\n<li>Proteger com verniz espec\u00edfico para madeira.<\/li>\n<\/ol>\n<p><b>Se voc\u00ea est\u00e1 pronto para transformar seu espa\u00e7o<\/b>, considere adicionar um ou mais desses m\u00f3veis r\u00fasticos. Eles n\u00e3o apenas embelezam, mas tamb\u00e9m trazem uma sensa\u00e7\u00e3o \u00fanica de lar. <b>O que acha de experimentar um m\u00f3vel r\u00fastico em sua casa?<\/b> Comente abaixo sua inspira\u00e7\u00e3o favorita ou compartilhe conosco como voc\u00ea est\u00e1 decorando o seu espa\u00e7o!<\/p>\n<p>https:\/\/www.youtube.com\/watch?v=<\/p>\n","protected":false},"excerpt":{"rendered":"<p>10 Inspira\u00e7\u00f5es de M\u00f3veis R\u00fasticos que V\u00e3o Transformar Seu Espa\u00e7o<\/p>\n","protected":false},"author":102,"featured_media":154989,"comment_status":"open","ping_status":"","sticky":false,"template":"","format":"standard","meta":{"footnotes":""},"categories":[1484],"tags":[],"class_list":["post-154992","post","type-post","status-publish","format-standard","has-post-thumbnail","category-decoracao"],"_wp_attached_file":null,"_wp_attachment_metadata":null,"_wp_attachment_context":null,"_wp_attachment_is_custom_header":null,"geo_longitude":null,"geo_public":null,"geo_latitude":null,"_publicize_done_external":null,"_wpas_done_3897181":null,"publicize_twitter_user":null,"_wpas_done_3897175":null,"_wpas_skip_3897181":null,"_wpas_skip_3897175":null,"_wpas_skip_3924723":null,"_wpas_mess":null,"_wpas_done_3924723":null,"wps_subtitle":"","_links":{"self":[{"href":"https:\/\/www.aarquiteta.com.br\/blog\/wp-json\/wp\/v2\/posts\/154992","targetHints":{"allow":["GET"]}}],"collection":[{"href":"https:\/\/www.aarquiteta.com.br\/blog\/wp-json\/wp\/v2\/posts"}],"about":[{"href":"https:\/\/www.aarquiteta.com.br\/blog\/wp-json\/wp\/v2\/types\/post"}],"author":[{"embeddable":true,"href":"https:\/\/www.aarquiteta.com.br\/blog\/wp-json\/wp\/v2\/users\/102"}],"replies":[{"embeddable":true,"href":"https:\/\/www.aarquiteta.com.br\/blog\/wp-json\/wp\/v2\/comments?post=154992"}],"version-history":[{"count":0,"href":"https:\/\/www.aarquiteta.com.br\/blog\/wp-json\/wp\/v2\/posts\/154992\/revisions"}],"wp:featuredmedia":[{"embeddable":true,"href":"https:\/\/www.aarquiteta.com.br\/blog\/wp-json\/wp\/v2\/media\/154989"}],"wp:attachment":[{"href":"https:\/\/www.aarquiteta.com.br\/blog\/wp-json\/wp\/v2\/media?parent=154992"}],"wp:term":[{"taxonomy":"category","embeddable":true,"href":"https:\/\/www.aarquiteta.com.br\/blog\/wp-json\/wp\/v2\/categories?post=154992"},{"taxonomy":"post_tag","embeddable":true,"href":"https:\/\/www.aarquiteta.com.br\/blog\/wp-json\/wp\/v2\/tags?post=154992"}],"curies":[{"name":"wp","href":"https:\/\/api.w.org\/{rel}","templated":true}]}}