{"id":154983,"date":"2025-11-05T21:54:34","date_gmt":"2025-11-06T00:54:34","guid":{"rendered":"https:\/\/www.aarquiteta.com.br\/blog\/piso-fulget-3\/"},"modified":"2025-11-05T21:54:34","modified_gmt":"2025-11-06T00:54:34","slug":"piso-fulget-3","status":"publish","type":"post","link":"https:\/\/www.aarquiteta.com.br\/blog\/piso-fulget-3\/","title":{"rendered":"10 Inspira\u00e7\u00f5es para Piso Fulget que Transformam Seus Ambientes"},"content":{"rendered":"<p>Voc\u00ea j\u00e1 pensou em como um piso pode <b>transformar totalmente o ambiente<\/b>? O piso fulget \u00e9 uma escolha incr\u00edvel que traz eleg\u00e2ncia e praticidade a qualquer espa\u00e7o. Vamos conhecer 10 inspira\u00e7\u00f5es que certamente v\u00e3o te surpreender!<\/p>\n<figure style=\"width: 1024px\" class=\"wp-caption aligncenter\"><img decoding=\"async\" src=\"https:\/\/www.aarquiteta.com.br\/blog\/wp-content\/uploads\/2025\/11\/piso-fulget01.jpg\" alt=\"piso-fulget\" width=\"1024\" height=\"1024\" title=\"\"><figcaption class=\"wp-caption-text\">piso-fulget<\/figcaption><\/figure>\n<h3>O que \u00e9 o piso fulget?<\/h3>\n<p>O piso fulget, ou granito lavado, \u00e9 um revestimento <b>antiderrapante<\/b> e ideal para \u00e1reas externas. Composto por <b>cimento<\/b>, cal e pedras naturais, ele proporciona um aspecto r\u00fastico e sofisticado. Voc\u00ea pode us\u00e1-lo em varandas, jardins e at\u00e9 mesmo nas entradas da sua casa!<\/p>\n<figure style=\"width: 1024px\" class=\"wp-caption aligncenter\"><img decoding=\"async\" src=\"https:\/\/www.aarquiteta.com.br\/blog\/wp-content\/uploads\/2025\/11\/piso-fulget02.jpg\" alt=\"piso-fulget\" width=\"1024\" height=\"1024\" title=\"\"><figcaption class=\"wp-caption-text\">piso-fulget<\/figcaption><\/figure>\n<h3>1. Varandas e espa\u00e7os externos<\/h3>\n<p>Imagine uma varanda linda com piso fulget! O <b>aspecto natural<\/b> combina perfeitamente com plantas e m\u00f3veis de madeira, criando um espa\u00e7o aconchegante.<\/p>\n<figure style=\"width: 1024px\" class=\"wp-caption aligncenter\"><img decoding=\"async\" src=\"https:\/\/www.aarquiteta.com.br\/blog\/wp-content\/uploads\/2025\/11\/piso-fulget03.jpg\" alt=\"piso-fulget\" width=\"1024\" height=\"1024\" title=\"\"><figcaption class=\"wp-caption-text\">piso-fulget<\/figcaption><\/figure>\n<h3>2. \u00c1reas de piscina<\/h3>\n<p>O piso fulget \u00e9 <b>perfeito para ao redor da piscina<\/b>, pois \u00e9 antiderrapante. Assim, voc\u00ea e sua fam\u00edlia ficam seguros, sem perder o charme do ambiente.<\/p>\n<h3>3. Escadas sofisticadas<\/h3>\n<p>Utilizar piso fulget nas escadas \u00e9 uma <b>op\u00e7\u00e3o elegante<\/b> que garante seguran\u00e7a. O visual moderno enriquece o projeto da sua casa.<\/p>\n<h3>4. Entradas marcantes<\/h3>\n<p>A entrada da casa pode ser <b>transformada<\/b> com este piso. Uma combina\u00e7\u00e3o de pedras e cimento d\u00e1 um toque sofisticado desde o primeiro passo.<\/p>\n<h3>5. \u00c1reas gourmet<\/h3>\n<p>Se voc\u00ea curte receber amigos, o piso fulget \u00e9 ideal para \u00e1reas gourmet, onde o <b>estilo e a praticidade<\/b> andam juntos.<\/p>\n<h3>6. Jardins m\u00e1gicos<\/h3>\n<p>Combine o piso fulget com gramados e plantas. O resultado \u00e9 um jardim que parece <b>ter sa\u00eddo de um conto de fadas<\/b>.<\/p>\n<p><div class=\"youtube-embed\" data-video_id=\"Wg7G1yrIEio\"><iframe title=\"Revestimento Fulget\" width=\"696\" height=\"392\" src=\"https:\/\/www.youtube.com\/embed\/Wg7G1yrIEio?feature=oembed&#038;enablejsapi=1\" frameborder=\"0\" allow=\"accelerometer; autoplay; clipboard-write; encrypted-media; gyroscope; picture-in-picture; web-share\" referrerpolicy=\"strict-origin-when-cross-origin\" allowfullscreen><\/iframe><\/div>\n<\/p>\n<h3>7. Decora\u00e7\u00e3o interna<\/h3>\n<p>O fulget tamb\u00e9m pode ser usado internamente, trazendo a <b>natureza para dentro<\/b> de casa. Uma excelente op\u00e7\u00e3o para lavabos ou hall de entrada!<\/p>\n<h3>8. Solu\u00e7\u00f5es criativas<\/h3>\n<p>\u00c9 poss\u00edvel criar desenhos e formas diferentes usando o piso fulget, deixando os ambientes <b>personalizados<\/b> e \u00fanicos.<\/p>\n<h3>9. Pisos drenantes<\/h3>\n<p>Com sua capacidade de drenagem, o fulget \u00e9 excelente para <b>minimizar po\u00e7as de \u00e1gua<\/b> ap\u00f3s chuvas, mantendo os espa\u00e7os sempre organizados.<\/p>\n<h3>10. Amplitude e integra\u00e7\u00e3o<\/h3>\n<p>Utilizando o mesmo piso em diferentes ambientes, voc\u00ea cria uma sensa\u00e7\u00e3o de <b>integra\u00e7\u00e3o<\/b> e amplia\u00e7\u00e3o, facilitando a circula\u00e7\u00e3o e leveza.<\/p>\n<table>\n<tr>\n<th>Uso<\/th>\n<th>Benef\u00edcios<\/th>\n<th>Estilo<\/th>\n<\/tr>\n<tr>\n<td>Varandas<\/td>\n<td>Eleg\u00e2ncia<\/td>\n<td>Natural<\/td>\n<\/tr>\n<tr>\n<td>Piscinas<\/td>\n<td>Seguran\u00e7a<\/td>\n<td>Moderno<\/td>\n<\/tr>\n<tr>\n<td>Escadas<\/td>\n<td>Antiderrapante<\/td>\n<td>Estiloso<\/td>\n<\/tr>\n<tr>\n<td>Jardins<\/td>\n<td>Integrado<\/td>\n<td>Charmoso<\/td>\n<\/tr>\n<\/table>\n<p>Agora que voc\u00ea conhece 10 inspira\u00e7\u00f5es para usar o piso fulget, que tal <b>come\u00e7ar a transforma\u00e7\u00e3o do seu espa\u00e7o<\/b>? \u00c9 uma escolha que, certamente, vai trazer um novo ar \u00e0 sua casa! Comente abaixo suas ideias e compartilhe esse artigo com quem tamb\u00e9m ama decora\u00e7\u00e3o!<\/p>\n","protected":false},"excerpt":{"rendered":"<p>10 Inspira\u00e7\u00f5es para Piso Fulget que Transformam Seus Ambientes<\/p>\n","protected":false},"author":102,"featured_media":154980,"comment_status":"open","ping_status":"","sticky":false,"template":"","format":"standard","meta":{"footnotes":""},"categories":[249,1484],"tags":[],"class_list":["post-154983","post","type-post","status-publish","format-standard","has-post-thumbnail","category-engenharia-e-construcao-civil","category-decoracao"],"_wp_attached_file":null,"_wp_attachment_metadata":null,"_wp_attachment_context":null,"_wp_attachment_is_custom_header":null,"geo_longitude":null,"geo_public":null,"geo_latitude":null,"_publicize_done_external":null,"_wpas_done_3897181":null,"publicize_twitter_user":null,"_wpas_done_3897175":null,"_wpas_skip_3897181":null,"_wpas_skip_3897175":null,"_wpas_skip_3924723":null,"_wpas_mess":null,"_wpas_done_3924723":null,"wps_subtitle":"","_links":{"self":[{"href":"https:\/\/www.aarquiteta.com.br\/blog\/wp-json\/wp\/v2\/posts\/154983","targetHints":{"allow":["GET"]}}],"collection":[{"href":"https:\/\/www.aarquiteta.com.br\/blog\/wp-json\/wp\/v2\/posts"}],"about":[{"href":"https:\/\/www.aarquiteta.com.br\/blog\/wp-json\/wp\/v2\/types\/post"}],"author":[{"embeddable":true,"href":"https:\/\/www.aarquiteta.com.br\/blog\/wp-json\/wp\/v2\/users\/102"}],"replies":[{"embeddable":true,"href":"https:\/\/www.aarquiteta.com.br\/blog\/wp-json\/wp\/v2\/comments?post=154983"}],"version-history":[{"count":0,"href":"https:\/\/www.aarquiteta.com.br\/blog\/wp-json\/wp\/v2\/posts\/154983\/revisions"}],"wp:featuredmedia":[{"embeddable":true,"href":"https:\/\/www.aarquiteta.com.br\/blog\/wp-json\/wp\/v2\/media\/154980"}],"wp:attachment":[{"href":"https:\/\/www.aarquiteta.com.br\/blog\/wp-json\/wp\/v2\/media?parent=154983"}],"wp:term":[{"taxonomy":"category","embeddable":true,"href":"https:\/\/www.aarquiteta.com.br\/blog\/wp-json\/wp\/v2\/categories?post=154983"},{"taxonomy":"post_tag","embeddable":true,"href":"https:\/\/www.aarquiteta.com.br\/blog\/wp-json\/wp\/v2\/tags?post=154983"}],"curies":[{"name":"wp","href":"https:\/\/api.w.org\/{rel}","templated":true}]}}