{"id":154978,"date":"2025-11-05T21:02:00","date_gmt":"2025-11-06T00:02:00","guid":{"rendered":"https:\/\/www.aarquiteta.com.br\/blog\/as-5-melhores-dicas-para-proteger-portas-e-janelas-da-umidade\/"},"modified":"2025-11-05T21:02:00","modified_gmt":"2025-11-06T00:02:00","slug":"as-5-melhores-dicas-para-proteger-portas-e-janelas-da-umidade","status":"publish","type":"post","link":"https:\/\/www.aarquiteta.com.br\/blog\/as-5-melhores-dicas-para-proteger-portas-e-janelas-da-umidade\/","title":{"rendered":"As 5 Melhores Dicas para Proteger Portas e Janelas da Umidade"},"content":{"rendered":"<p>Proteger portas e janelas da umidade \u00e9 fundamental para a durabilidade da sua casa. Neste artigo, vou compartilhar as 5 melhores dicas para evitar problemas.<\/p>\n<img decoding=\"async\" src=\"https:\/\/www.aarquiteta.com.br\/blog\/wp-content\/uploads\/2025\/11\/01-4.jpg\" alt=\"\" width=\"1024\" height=\"1024\" title=\"\">\n<h3>1. Escolha Materiais Resistentes \u00e0 Umidade<\/h3>\n<p>A escolha do material \u00e9 essencial. <b>Madeira<\/b> \u00e9 bonita, mas demanda manuten\u00e7\u00e3o constante. J\u00e1 o <b>vinil<\/b> \u00e9 mais resistente, embora tamb\u00e9m tenha suas limita\u00e7\u00f5es. Por outro lado, o <b>fibra<\/b> \u00e9 o campe\u00e3o em resist\u00eancia \u00e0 umidade!<\/p>\n<img decoding=\"async\" src=\"https:\/\/www.aarquiteta.com.br\/blog\/wp-content\/uploads\/2025\/11\/02-4.jpg\" alt=\"\" width=\"1024\" height=\"1024\" title=\"\">\n<h3>2. Utilize Revestimentos Protetores<\/h3>\n<p>Aplicar revestimentos \u00e9 indispens\u00e1vel. Pinturas e selantes <b>resistentes ao tempo<\/b> formam uma barreira crucial, evitando que a umidade penetre nas superf\u00edcies.<\/p>\n<img decoding=\"async\" src=\"https:\/\/www.aarquiteta.com.br\/blog\/wp-content\/uploads\/2025\/11\/03-4.jpg\" alt=\"\" width=\"1024\" height=\"1024\" title=\"\">\n<h3>3. Impermeabilize com Flashing<\/h3>\n<p>Uma instala\u00e7\u00e3o correta \u00e9 vital. Utilizar <b>flashing<\/b> reduz a infiltra\u00e7\u00e3o e ajuda a direcionar a \u00e1gua para longe. Isso \u00e9 especialmente importante em \u00e9pocas de chuva intensa!<\/p>\n<h3>4. Mantenha a Ventila\u00e7\u00e3o do Ambiente<\/h3>\n<p>Uma boa circula\u00e7\u00e3o de ar \u00e9 seu aliado contra a umidade interna. Se poss\u00edvel, invista em <b>sistemas de ventila\u00e7\u00e3o<\/b> que controlam a umidade e evitam o ac\u00famulo de condensa\u00e7\u00e3o.<\/p>\n<h3>5. Fa\u00e7a Manuten\u00e7\u00e3o Regular<\/h3>\n<p>Realizar inspe\u00e7\u00f5es frequentes \u00e9 um passo que n\u00e3o pode ser esquecido. Procure por <b>sinais de danos<\/b>, como pintura descascando e mofo. Quanto mais cedo voc\u00ea agir, melhores ser\u00e3o os resultados.<\/p>\n<table>\n<tr>\n<th>Dica<\/th>\n<th>Descri\u00e7\u00e3o<\/th>\n<\/tr>\n<tr>\n<td>Escolha Materiais<\/td>\n<td>Opte por <b>fibra<\/b> para maior resist\u00eancia.<\/td>\n<\/tr>\n<tr>\n<td>Revestimentos Protetores<\/td>\n<td>Utilize pinturas e selantes <b>resistentes ao tempo<\/b>.<\/td>\n<\/tr>\n<tr>\n<td>Impermeabiliza\u00e7\u00e3o<\/td>\n<td>Use <b>flashing<\/b> para evitar infiltra\u00e7\u00f5es.<\/td>\n<\/tr>\n<tr>\n<td>Ventila\u00e7\u00e3o<\/td>\n<td>Implemente <b>sistemas de ventila\u00e7\u00e3o<\/b> para controlar a umidade.<\/td>\n<\/tr>\n<tr>\n<td>Manuten\u00e7\u00e3o Regular<\/td>\n<td>Inspecione frequentemente para <b>identificar problemas<\/b>.<\/td>\n<\/tr>\n<\/table>\n<p>Com estas dicas, voc\u00ea pode proteger suas portas e janelas da umidade de forma eficaz. N\u00e3o deixe a umidade comprometer a seguran\u00e7a da sua casa!<\/p>\n<p>Gostou do conte\u00fado? Deixe seu coment\u00e1rio e compartilhe suas experi\u00eancias! Aproveite e confira outros artigos sobre <b>manuten\u00e7\u00e3o residencial<\/b> aqui no blog!<\/p>\n<p><div class=\"youtube-embed\" data-video_id=\"8dNxZ_R2rbE\"><iframe title=\"Prote\u00e7\u00e3o\" width=\"696\" height=\"522\" src=\"https:\/\/www.youtube.com\/embed\/8dNxZ_R2rbE?feature=oembed&#038;enablejsapi=1\" frameborder=\"0\" allow=\"accelerometer; autoplay; clipboard-write; encrypted-media; gyroscope; picture-in-picture; web-share\" referrerpolicy=\"strict-origin-when-cross-origin\" allowfullscreen><\/iframe><\/div><\/p>\n","protected":false},"excerpt":{"rendered":"<p>As 5 Melhores Dicas para Proteger Portas e Janelas da Umidade<\/p>\n","protected":false},"author":102,"featured_media":154975,"comment_status":"open","ping_status":"","sticky":false,"template":"","format":"standard","meta":{"footnotes":""},"categories":[1484],"tags":[],"class_list":["post-154978","post","type-post","status-publish","format-standard","has-post-thumbnail","category-decoracao"],"_wp_attached_file":null,"_wp_attachment_metadata":null,"_wp_attachment_context":null,"_wp_attachment_is_custom_header":null,"geo_longitude":null,"geo_public":null,"geo_latitude":null,"_publicize_done_external":null,"_wpas_done_3897181":null,"publicize_twitter_user":null,"_wpas_done_3897175":null,"_wpas_skip_3897181":null,"_wpas_skip_3897175":null,"_wpas_skip_3924723":null,"_wpas_mess":null,"_wpas_done_3924723":null,"wps_subtitle":"","_links":{"self":[{"href":"https:\/\/www.aarquiteta.com.br\/blog\/wp-json\/wp\/v2\/posts\/154978","targetHints":{"allow":["GET"]}}],"collection":[{"href":"https:\/\/www.aarquiteta.com.br\/blog\/wp-json\/wp\/v2\/posts"}],"about":[{"href":"https:\/\/www.aarquiteta.com.br\/blog\/wp-json\/wp\/v2\/types\/post"}],"author":[{"embeddable":true,"href":"https:\/\/www.aarquiteta.com.br\/blog\/wp-json\/wp\/v2\/users\/102"}],"replies":[{"embeddable":true,"href":"https:\/\/www.aarquiteta.com.br\/blog\/wp-json\/wp\/v2\/comments?post=154978"}],"version-history":[{"count":0,"href":"https:\/\/www.aarquiteta.com.br\/blog\/wp-json\/wp\/v2\/posts\/154978\/revisions"}],"wp:featuredmedia":[{"embeddable":true,"href":"https:\/\/www.aarquiteta.com.br\/blog\/wp-json\/wp\/v2\/media\/154975"}],"wp:attachment":[{"href":"https:\/\/www.aarquiteta.com.br\/blog\/wp-json\/wp\/v2\/media?parent=154978"}],"wp:term":[{"taxonomy":"category","embeddable":true,"href":"https:\/\/www.aarquiteta.com.br\/blog\/wp-json\/wp\/v2\/categories?post=154978"},{"taxonomy":"post_tag","embeddable":true,"href":"https:\/\/www.aarquiteta.com.br\/blog\/wp-json\/wp\/v2\/tags?post=154978"}],"curies":[{"name":"wp","href":"https:\/\/api.w.org\/{rel}","templated":true}]}}