{"id":154968,"date":"2025-11-05T18:11:28","date_gmt":"2025-11-05T21:11:28","guid":{"rendered":"https:\/\/www.aarquiteta.com.br\/blog\/pedra-para-calcada-3\/"},"modified":"2025-11-05T18:11:28","modified_gmt":"2025-11-05T21:11:28","slug":"pedra-para-calcada-3","status":"publish","type":"post","link":"https:\/\/www.aarquiteta.com.br\/blog\/pedra-para-calcada-3\/","title":{"rendered":"As 10 Melhores Pedras para Cal\u00e7ada"},"content":{"rendered":"<p>Descubra quais s\u00e3o as <b>10 melhores pedras para cal\u00e7ada<\/b> que valorizam o seu espa\u00e7o e ainda trazem beleza ao ambiente. Neste artigo, vamos explorar op\u00e7\u00f5es acess\u00edveis e funcionais, cheias de estilo.<\/p>\n<figure style=\"width: 1024px\" class=\"wp-caption aligncenter\"><img decoding=\"async\" src=\"https:\/\/www.aarquiteta.com.br\/blog\/wp-content\/uploads\/2025\/11\/pedra-para-calcada01.jpg\" alt=\"pedra-para-calcada\" width=\"1024\" height=\"1024\" title=\"\"><figcaption class=\"wp-caption-text\">pedra-para-calcada<\/figcaption><\/figure>\n<h2>Op\u00e7\u00f5es populares de pedras para cal\u00e7ada<\/h2>\n<p>Seja para valorizar o im\u00f3vel ou simplesmente em busca de um caminho lindo, a escolha da pedra certa faz toda a diferen\u00e7a. <b>Pedras como basalto, mina e portuguesa<\/b> s\u00e3o exemplos cl\u00e1ssicos que t\u00eam conquistado o gosto dos brasileiros. Vamos \u00e0s op\u00e7\u00f5es:<\/p>\n<figure style=\"width: 1024px\" class=\"wp-caption aligncenter\"><img decoding=\"async\" src=\"https:\/\/www.aarquiteta.com.br\/blog\/wp-content\/uploads\/2025\/11\/pedra-para-calcada02.jpg\" alt=\"pedra-para-calcada\" width=\"1024\" height=\"1024\" title=\"\"><figcaption class=\"wp-caption-text\">pedra-para-calcada<\/figcaption><\/figure>\n<h3>1. Basalto<\/h3>\n<p>Famosa por sua <b>versatilidade<\/b>, a pedra basalto \u00e9 encontrada em diversos formatos. Seja irregular ou serrada, suas cores incluem cinza, ferrugem e at\u00e9 preto. Ela \u00e9 f\u00e1cil de encontrar e seu pre\u00e7o gira em torno de R$85 o metro quadrado.<\/p>\n<figure style=\"width: 1024px\" class=\"wp-caption aligncenter\"><img decoding=\"async\" src=\"https:\/\/www.aarquiteta.com.br\/blog\/wp-content\/uploads\/2025\/11\/pedra-para-calcada03.jpg\" alt=\"pedra-para-calcada\" width=\"1024\" height=\"1024\" title=\"\"><figcaption class=\"wp-caption-text\">pedra-para-calcada<\/figcaption><\/figure>\n<h3>2. Pedra Mineira<\/h3>\n<p>Com uma cor bege encantadora, a <b>pedra mineira<\/b> \u00e9 muito usada por ser antiderrapante. Isso faz dela uma escolha perfeita para \u00e1reas molhadas, como ao redor de piscinas. Seu valor inicia em R$20 o metro quadrado.<\/p>\n<h3>3. Pedra Portuguesa<\/h3>\n<p>Origin\u00e1ria de Portugal, essa pedra ficou famosa pelas <b>cal\u00e7adas mosaicas<\/b> do Brasil. Embora exija uma instala\u00e7\u00e3o mais demorada, o resultado \u00e9 incr\u00edvel. O pre\u00e7o m\u00e9dio \u00e9 de R$40 por m\u00b2.<\/p>\n<h3>4. Miracema<\/h3>\n<p>Para quem busca uma op\u00e7\u00e3o barata, a <b>miracema<\/b> \u00e9 uma escolha certeira. Com pre\u00e7os a partir de R$20, esta pedra \u00e9 f\u00e1cil de limpar e oferece um bom acabamento.<\/p>\n<h3>5. Concreto<\/h3>\n<p>As pedras de <b>concreto<\/b>, especialmente as de piso intertravado, est\u00e3o em alta. Resistentes e f\u00e1ceis de instalar, seu pre\u00e7o m\u00e9dio \u00e9 de R$30 o metro quadrado.<\/p>\n<h3>6. Pedra Gr\u00e9s<\/h3>\n<p>Vers\u00e1til e bastante usada em decora\u00e7\u00f5es, a <b>pedra gr\u00e9s<\/b> se destaca por suas texturas \u00fanicas e varia\u00e7\u00f5es de cor. \u00c9 uma excelente op\u00e7\u00e3o para quem quer um toque r\u00fastico.<\/p>\n<p><div class=\"youtube-embed\" data-video_id=\"_bEuHaGbKC0\"><iframe title=\"Pedras da Cal\u00e7ada\" width=\"696\" height=\"522\" src=\"https:\/\/www.youtube.com\/embed\/_bEuHaGbKC0?feature=oembed&#038;enablejsapi=1\" frameborder=\"0\" allow=\"accelerometer; autoplay; clipboard-write; encrypted-media; gyroscope; picture-in-picture; web-share\" referrerpolicy=\"strict-origin-when-cross-origin\" allowfullscreen><\/iframe><\/div>\n<\/p>\n<h3>7. Pedra Ferro<\/h3>\n<p>Com um tom escuro e ares sofisticados, a <b>pedra ferro<\/b> \u00e9 ideal para quem busca um acabamento mais imponente, principalmente em \u00e1reas externas.<\/p>\n<h3>8. Granito<\/h3>\n<p>Categoricamente dur\u00e1vel, o <b>granito<\/b> \u00e9 uma op\u00e7\u00e3o popular devido \u00e0 sua resist\u00eancia a riscos e manchas, sendo muito usado em cal\u00e7adas e garagens.<\/p>\n<h3>9. Quartzito<\/h3>\n<p>Com uma apar\u00eancia fascinante, o <b>quartzito<\/b> \u00e9 resistente e dispon\u00edvel em v\u00e1rias cores, conferindo estilo e sofistica\u00e7\u00e3o \u00e0s cal\u00e7adas.<\/p>\n<h3>10. Concregrama<\/h3>\n<p>Ideal para quem busca um estilo diferente, <b>concregrama<\/b> permite a inser\u00e7\u00e3o de grama entre as pedras, unindo beleza e funcionalidade.<\/p>\n<table>\n<tr>\n<th>Pedra<\/th>\n<th>Pre\u00e7o(m\u00b2)<\/th>\n<th>Destaques<\/th>\n<\/tr>\n<tr>\n<td>Basalto<\/td>\n<td>R$85<\/td>\n<td>Vers\u00e1til e f\u00e1cil de encontrar<\/td>\n<\/tr>\n<tr>\n<td>Pedra Mineira<\/td>\n<td>R$20<\/td>\n<td>Antiderrapante, ideal para \u00e1reas molhadas<\/td>\n<\/tr>\n<tr>\n<td>Pedra Portuguesa<\/td>\n<td>R$40<\/td>\n<td>Instala\u00e7\u00e3o demorada, resultado incr\u00edvel<\/td>\n<\/tr>\n<tr>\n<td>Miracema<\/td>\n<td>R$20<\/td>\n<td>Op\u00e7\u00e3o barata e f\u00e1cil de limpar<\/td>\n<\/tr>\n<tr>\n<td>Concreto<\/td>\n<td>R$30<\/td>\n<td>Resistente e f\u00e1cil de instalar<\/td>\n<\/tr>\n<tr>\n<td>Granito<\/td>\n<td>Vari\u00e1vel<\/td>\n<td>Dur\u00e1vel e sofisticado<\/td>\n<\/tr>\n<\/table>\n<p>Agora que voc\u00ea j\u00e1 sabe as <b>10 melhores pedras para cal\u00e7ada<\/b>, vale a pena pensar no estilo e na funcionalidade que voc\u00ea deseja para o seu espa\u00e7o. Se ficou alguma d\u00favida ou se j\u00e1 escolheu a sua favorita, deixe um coment\u00e1rio! N\u00e3o esque\u00e7a de continuar navegando pelo blog para mais dicas!<\/p>\n","protected":false},"excerpt":{"rendered":"<p>As 10 Melhores Pedras para Cal\u00e7ada<\/p>\n","protected":false},"author":102,"featured_media":154965,"comment_status":"open","ping_status":"","sticky":false,"template":"","format":"standard","meta":{"footnotes":""},"categories":[249,1484],"tags":[],"class_list":["post-154968","post","type-post","status-publish","format-standard","has-post-thumbnail","category-engenharia-e-construcao-civil","category-decoracao"],"_wp_attached_file":null,"_wp_attachment_metadata":null,"_wp_attachment_context":null,"_wp_attachment_is_custom_header":null,"geo_longitude":null,"geo_public":null,"geo_latitude":null,"_publicize_done_external":null,"_wpas_done_3897181":null,"publicize_twitter_user":null,"_wpas_done_3897175":null,"_wpas_skip_3897181":null,"_wpas_skip_3897175":null,"_wpas_skip_3924723":null,"_wpas_mess":null,"_wpas_done_3924723":null,"wps_subtitle":"","_links":{"self":[{"href":"https:\/\/www.aarquiteta.com.br\/blog\/wp-json\/wp\/v2\/posts\/154968","targetHints":{"allow":["GET"]}}],"collection":[{"href":"https:\/\/www.aarquiteta.com.br\/blog\/wp-json\/wp\/v2\/posts"}],"about":[{"href":"https:\/\/www.aarquiteta.com.br\/blog\/wp-json\/wp\/v2\/types\/post"}],"author":[{"embeddable":true,"href":"https:\/\/www.aarquiteta.com.br\/blog\/wp-json\/wp\/v2\/users\/102"}],"replies":[{"embeddable":true,"href":"https:\/\/www.aarquiteta.com.br\/blog\/wp-json\/wp\/v2\/comments?post=154968"}],"version-history":[{"count":0,"href":"https:\/\/www.aarquiteta.com.br\/blog\/wp-json\/wp\/v2\/posts\/154968\/revisions"}],"wp:featuredmedia":[{"embeddable":true,"href":"https:\/\/www.aarquiteta.com.br\/blog\/wp-json\/wp\/v2\/media\/154965"}],"wp:attachment":[{"href":"https:\/\/www.aarquiteta.com.br\/blog\/wp-json\/wp\/v2\/media?parent=154968"}],"wp:term":[{"taxonomy":"category","embeddable":true,"href":"https:\/\/www.aarquiteta.com.br\/blog\/wp-json\/wp\/v2\/categories?post=154968"},{"taxonomy":"post_tag","embeddable":true,"href":"https:\/\/www.aarquiteta.com.br\/blog\/wp-json\/wp\/v2\/tags?post=154968"}],"curies":[{"name":"wp","href":"https:\/\/api.w.org\/{rel}","templated":true}]}}