{"id":154897,"date":"2025-11-05T07:53:51","date_gmt":"2025-11-05T10:53:51","guid":{"rendered":"https:\/\/www.aarquiteta.com.br\/blog\/minimalismo-na-decoracao-o-que-e-e-como-fazer-2\/"},"modified":"2025-11-05T07:53:51","modified_gmt":"2025-11-05T10:53:51","slug":"minimalismo-na-decoracao-o-que-e-e-como-fazer-2","status":"publish","type":"post","link":"https:\/\/www.aarquiteta.com.br\/blog\/minimalismo-na-decoracao-o-que-e-e-como-fazer-2\/","title":{"rendered":"5 Dicas para Adotar o Minimalismo na Decora\u00e7\u00e3o"},"content":{"rendered":"<p><b>Transformar a decora\u00e7\u00e3o da sua casa de forma simples e elegante \u00e9 poss\u00edvel atrav\u00e9s do minimalismo.<\/b> Neste artigo, vou compartilhar 5 dicas pr\u00e1ticas para adotar essa tend\u00eancia. A ideia \u00e9 retirar o excesso e manter apenas o essencial, criando ambientes mais leves e funcionais.<\/p>\n<figure style=\"width: 1024px\" class=\"wp-caption aligncenter\"><img decoding=\"async\" src=\"https:\/\/www.aarquiteta.com.br\/blog\/wp-content\/uploads\/2025\/11\/minimalismo-na-decoracao-o-que-e-e-como-fazer01.jpg\" alt=\"minimalismo-na-decoracao-o-que-e-e-como-fazer\" width=\"1024\" height=\"1024\" title=\"\"><figcaption class=\"wp-caption-text\">minimalismo-na-decoracao-o-que-e-e-como-fazer<\/figcaption><\/figure>\n<p>O minimalismo \u00e9 muito mais que uma tend\u00eancia, \u00e9 uma filosofia de vida que enfatiza a simplicidade e a funcionalidade. <b>Voc\u00ea j\u00e1 parou para pensar no quanto se sente sobrecarregado com muitas coisas ao seu redor?<\/b> Vamos aprender como deixar sua casa mais equilibrada e convidativa.<\/p>\n<figure style=\"width: 1024px\" class=\"wp-caption aligncenter\"><img decoding=\"async\" src=\"https:\/\/www.aarquiteta.com.br\/blog\/wp-content\/uploads\/2025\/11\/minimalismo-na-decoracao-o-que-e-e-como-fazer02.jpg\" alt=\"minimalismo-na-decoracao-o-que-e-e-como-fazer\" width=\"1024\" height=\"1024\" title=\"\"><figcaption class=\"wp-caption-text\">minimalismo-na-decoracao-o-que-e-e-como-fazer<\/figcaption><\/figure>\n<h3>1. Avalie o que \u00e9 realmente necess\u00e1rio<\/h3>\n<p>Antes de tudo, fa\u00e7a uma <b>avalia\u00e7\u00e3o do que tem dentro de casa<\/b>. Pergunte-se: &#8220;Esse item realmente traz alegria ou utilidade?&#8221; Se a resposta for n\u00e3o, considere se desfazer dele.<\/p>\n<figure style=\"width: 1024px\" class=\"wp-caption aligncenter\"><img decoding=\"async\" src=\"https:\/\/www.aarquiteta.com.br\/blog\/wp-content\/uploads\/2025\/11\/minimalismo-na-decoracao-o-que-e-e-como-fazer03.jpg\" alt=\"minimalismo-na-decoracao-o-que-e-e-como-fazer\" width=\"1024\" height=\"1024\" title=\"\"><figcaption class=\"wp-caption-text\">minimalismo-na-decoracao-o-que-e-e-como-fazer<\/figcaption><\/figure>\n<h3>2. Opte por m\u00f3veis multifuncionais<\/h3>\n<p>Outra dica \u00e9 escolher <b>m\u00f3veis que sirvam para mais de uma fun\u00e7\u00e3o<\/b>. Por exemplo, um sof\u00e1-camas pode servir para receber visitas, al\u00e9m de ser um lugar para relaxar.<\/p>\n<h3>3. Use uma paleta de cores neutras<\/h3>\n<p>As cores t\u00eam um grande impacto na sensa\u00e7\u00e3o do ambiente. <b>Optar por uma paleta de cores neutras<\/b> cria uma atmosfera tranquila e torna mais f\u00e1cil a combina\u00e7\u00e3o entre os m\u00f3veis.<\/p>\n<h3>4. Limite a decora\u00e7\u00e3o<\/h3>\n<p>Limitar a quantidade de itens decorativos \u00e9 fundamental. <b>Escolha algumas pe\u00e7as significativas<\/b> que realmente expressem sua personalidade e evitem a polui\u00e7\u00e3o visual.<\/p>\n<h3>5. Crie espa\u00e7os vazios<\/h3>\n<p>Um ambiente com <b>espa\u00e7os vazios<\/b> ajuda a trazer uma sensa\u00e7\u00e3o de leveza. Isso tamb\u00e9m torna mais f\u00e1cil manter o ambiente limpo e organizado. Afinal, menos \u00e9 mais!<\/p>\n<table>\n<tr>\n<th>Dicas para Adotar o Minimalismo<\/th>\n<th>Descri\u00e7\u00e3o<\/th>\n<\/tr>\n<tr>\n<td>Avalie o necess\u00e1rio<\/td>\n<td>Desfa\u00e7a-se de itens que n\u00e3o trazem alegria ou utilidade.<\/td>\n<\/tr>\n<tr>\n<td>M\u00f3veis multifuncionais<\/td>\n<td>Escolha pe\u00e7as que tenham mais de uma fun\u00e7\u00e3o.<\/td>\n<\/tr>\n<tr>\n<td>Paleta de cores neutras<\/td>\n<td>Opte por cores que criem uma atmosfera tranquila.<\/td>\n<\/tr>\n<tr>\n<td>Limite a decora\u00e7\u00e3o<\/td>\n<td>Use apenas algumas pe\u00e7as decorativas significativas.<\/td>\n<\/tr>\n<tr>\n<td>Espa\u00e7os vazios<\/td>\n<td>Mantenha \u00e1reas sem muitos objetos para leveza.<\/td>\n<\/tr>\n<\/table>\n<p>Adotar o <b>minimalismo na decora\u00e7\u00e3o<\/b> \u00e9 um processo que traz muitos benef\u00edcios. Al\u00e9m de gerar um ambiente mais calmo e organizado, ajuda a real\u00e7ar o que realmente importa. Vamos colocar essas dicas em pr\u00e1tica?<\/p>\n<p>https:\/\/www.youtube.com\/watch?v=<\/p>\n<p><b>Se voc\u00ea gostou das minhas dicas, n\u00e3o hesite em comentar e compartilhar suas experi\u00eancias!<\/b> Estou aqui para ajudar voc\u00ea a transformar o seu espa\u00e7o em um verdadeiro ref\u00fagio.<\/p>\n","protected":false},"excerpt":{"rendered":"<p>5 Dicas para Adotar o Minimalismo na Decora\u00e7\u00e3o<\/p>\n","protected":false},"author":102,"featured_media":154894,"comment_status":"open","ping_status":"","sticky":false,"template":"","format":"standard","meta":{"footnotes":""},"categories":[1484],"tags":[],"class_list":["post-154897","post","type-post","status-publish","format-standard","has-post-thumbnail","category-decoracao"],"_wp_attached_file":null,"_wp_attachment_metadata":null,"_wp_attachment_context":null,"_wp_attachment_is_custom_header":null,"geo_longitude":null,"geo_public":null,"geo_latitude":null,"_publicize_done_external":null,"_wpas_done_3897181":null,"publicize_twitter_user":null,"_wpas_done_3897175":null,"_wpas_skip_3897181":null,"_wpas_skip_3897175":null,"_wpas_skip_3924723":null,"_wpas_mess":null,"_wpas_done_3924723":null,"wps_subtitle":"","_links":{"self":[{"href":"https:\/\/www.aarquiteta.com.br\/blog\/wp-json\/wp\/v2\/posts\/154897","targetHints":{"allow":["GET"]}}],"collection":[{"href":"https:\/\/www.aarquiteta.com.br\/blog\/wp-json\/wp\/v2\/posts"}],"about":[{"href":"https:\/\/www.aarquiteta.com.br\/blog\/wp-json\/wp\/v2\/types\/post"}],"author":[{"embeddable":true,"href":"https:\/\/www.aarquiteta.com.br\/blog\/wp-json\/wp\/v2\/users\/102"}],"replies":[{"embeddable":true,"href":"https:\/\/www.aarquiteta.com.br\/blog\/wp-json\/wp\/v2\/comments?post=154897"}],"version-history":[{"count":0,"href":"https:\/\/www.aarquiteta.com.br\/blog\/wp-json\/wp\/v2\/posts\/154897\/revisions"}],"wp:featuredmedia":[{"embeddable":true,"href":"https:\/\/www.aarquiteta.com.br\/blog\/wp-json\/wp\/v2\/media\/154894"}],"wp:attachment":[{"href":"https:\/\/www.aarquiteta.com.br\/blog\/wp-json\/wp\/v2\/media?parent=154897"}],"wp:term":[{"taxonomy":"category","embeddable":true,"href":"https:\/\/www.aarquiteta.com.br\/blog\/wp-json\/wp\/v2\/categories?post=154897"},{"taxonomy":"post_tag","embeddable":true,"href":"https:\/\/www.aarquiteta.com.br\/blog\/wp-json\/wp\/v2\/tags?post=154897"}],"curies":[{"name":"wp","href":"https:\/\/api.w.org\/{rel}","templated":true}]}}