{"id":154847,"date":"2025-11-02T21:01:53","date_gmt":"2025-11-03T00:01:53","guid":{"rendered":"https:\/\/www.aarquiteta.com.br\/blog\/5-inspiracoes-incriveis-para-criar-uma-parede-de-destaque-azul-marinho\/"},"modified":"2025-11-02T21:01:53","modified_gmt":"2025-11-03T00:01:53","slug":"5-inspiracoes-incriveis-para-criar-uma-parede-de-destaque-azul-marinho","status":"publish","type":"post","link":"https:\/\/www.aarquiteta.com.br\/blog\/5-inspiracoes-incriveis-para-criar-uma-parede-de-destaque-azul-marinho\/","title":{"rendered":"5 Inspira\u00e7\u00f5es Incr\u00edveis para Criar uma Parede de Destaque Azul Marinho"},"content":{"rendered":"<p>Voc\u00ea j\u00e1 imaginou como uma parede azul marinho pode <b>transformar sua casa em um espa\u00e7o elegante e acolhedor<\/b>? Com essa cor profunda e sofisticada, \u00e9 poss\u00edvel criar ambientes \u00fanicos e cheios de personalidade. Aqui, vou compartilhar <b>cinco inspira\u00e7\u00f5es incr\u00edveis<\/b> para voc\u00ea usar o azul marinho como destaque na decora\u00e7\u00e3o.<\/p>\n<img decoding=\"async\" src=\"https:\/\/www.aarquiteta.com.br\/blog\/wp-content\/uploads\/2025\/11\/01-1.jpg\" alt=\"\" width=\"1024\" height=\"1024\" title=\"\">\n<h3>1. Sofistica\u00e7\u00e3o na Sala de Estar<\/h3>\n<p>Uma parede azul marinho na sala <b>traz um toque de eleg\u00e2ncia<\/b> instant\u00e2neo. Combine com m\u00f3veis neutros, como sof\u00e1s em tons claros, para equilibrar a intensidade da cor. Elementos met\u00e1licos, como <b>lumin\u00e1rias douradas<\/b>, podem adicionar um charme extra.<\/p>\n<img decoding=\"async\" src=\"https:\/\/www.aarquiteta.com.br\/blog\/wp-content\/uploads\/2025\/11\/02-1.jpg\" alt=\"\" width=\"1024\" height=\"1024\" title=\"\">\n<h3>2. Conforto no Quarto<\/h3>\n<p>Transforme seu quarto em um ref\u00fagio usando azul marinho atr\u00e1s da cabeceira da cama. Essa cor <b>cria um ambiente tranquilo<\/b>, perfeito para relaxar. Combine com roupas de cama em tons claros, como branco ou cinza, para um contraste suave e aconchegante.<\/p>\n<img decoding=\"async\" src=\"https:\/\/www.aarquiteta.com.br\/blog\/wp-content\/uploads\/2025\/11\/03-1.jpg\" alt=\"\" width=\"1024\" height=\"1024\" title=\"\">\n<h3>3. Toques Naturais na Sala de Jantar<\/h3>\n<p>Na sala de jantar, o azul marinho combinado com <b>m\u00f3veis de madeira natural<\/b> gera uma atmosfera acolhedora. Utilize toalhas de mesa em tons claros para iluminar o espa\u00e7o, mantendo a harmonia e o conforto.<\/p>\n<h3>4. Escrit\u00f3rio Produtivo<\/h3>\n<p>Um escrit\u00f3rio com parede azul marinho \u00e9 sin\u00f4nimo de <b>foco e produtividade<\/b>. Combine com m\u00f3veis brancos ou pretos para um visual moderno. Adicione uma lumin\u00e1ria de design arrojado para um toque de estilo.<\/p>\n<h3>5. Banheiro Luxuoso<\/h3>\n<p>Um banheiro com azulejos brancos e uma parede azul marinho <b>cria um efeito spa em casa<\/b>. Para um toque de classe, escolha metais dourados nas torneiras e acess\u00f3rios. Assim, o espa\u00e7o se torna um ref\u00fagio de relaxamento.<\/p>\n<table>\n<tr>\n<th>Ambiente<\/th>\n<th>Cores Complementares<\/th>\n<th>Elementos Decorativos<\/th>\n<\/tr>\n<tr>\n<td>Sala de Estar<\/td>\n<td>Neutros<\/td>\n<td>Lumin\u00e1rias met\u00e1licas<\/td>\n<\/tr>\n<tr>\n<td>Quarto<\/td>\n<td>Branco, Cinza<\/td>\n<td>Camas aconchegantes<\/td>\n<\/tr>\n<tr>\n<td>Sala de Jantar<\/td>\n<td>Madeira Natural<\/td>\n<td>Toalhas claras<\/td>\n<\/tr>\n<tr>\n<td>Escrit\u00f3rio<\/td>\n<td>Branco, Preto<\/td>\n<td>Lumin\u00e1ria moderna<\/td>\n<\/tr>\n<tr>\n<td>Banheiro<\/td>\n<td>Branco<\/td>\n<td>Metais dourados<\/td>\n<\/tr>\n<\/table>\n<p>Essas <b>ideias v\u00e3o ajudar a transformar qualquer ambiente<\/b> da sua casa. Ao escolher o azul marinho, voc\u00ea traz uma sofistica\u00e7\u00e3o que nunca sai de moda. Gostou das dicas? Compartilhe suas ideias e continue navegando por mais inspira\u00e7\u00f5es de decora\u00e7\u00e3o!<\/p>\n<p><div class=\"youtube-embed\" data-video_id=\"L1SV6MuWI3U\"><iframe title=\"5 MANEIRAS DE FAZER UMA PAREDE DESTAQUE LEVE\" width=\"696\" height=\"392\" src=\"https:\/\/www.youtube.com\/embed\/L1SV6MuWI3U?feature=oembed&#038;enablejsapi=1\" frameborder=\"0\" allow=\"accelerometer; autoplay; clipboard-write; encrypted-media; gyroscope; picture-in-picture; web-share\" referrerpolicy=\"strict-origin-when-cross-origin\" allowfullscreen><\/iframe><\/div><\/p>\n","protected":false},"excerpt":{"rendered":"<p>5 Inspira\u00e7\u00f5es Incr\u00edveis para Criar uma Parede de Destaque Azul Marinho<\/p>\n","protected":false},"author":102,"featured_media":154844,"comment_status":"open","ping_status":"","sticky":false,"template":"","format":"standard","meta":{"footnotes":""},"categories":[1484],"tags":[],"class_list":["post-154847","post","type-post","status-publish","format-standard","has-post-thumbnail","category-decoracao"],"_wp_attached_file":null,"_wp_attachment_metadata":null,"_wp_attachment_context":null,"_wp_attachment_is_custom_header":null,"geo_longitude":null,"geo_public":null,"geo_latitude":null,"_publicize_done_external":null,"_wpas_done_3897181":null,"publicize_twitter_user":null,"_wpas_done_3897175":null,"_wpas_skip_3897181":null,"_wpas_skip_3897175":null,"_wpas_skip_3924723":null,"_wpas_mess":null,"_wpas_done_3924723":null,"wps_subtitle":"","_links":{"self":[{"href":"https:\/\/www.aarquiteta.com.br\/blog\/wp-json\/wp\/v2\/posts\/154847","targetHints":{"allow":["GET"]}}],"collection":[{"href":"https:\/\/www.aarquiteta.com.br\/blog\/wp-json\/wp\/v2\/posts"}],"about":[{"href":"https:\/\/www.aarquiteta.com.br\/blog\/wp-json\/wp\/v2\/types\/post"}],"author":[{"embeddable":true,"href":"https:\/\/www.aarquiteta.com.br\/blog\/wp-json\/wp\/v2\/users\/102"}],"replies":[{"embeddable":true,"href":"https:\/\/www.aarquiteta.com.br\/blog\/wp-json\/wp\/v2\/comments?post=154847"}],"version-history":[{"count":0,"href":"https:\/\/www.aarquiteta.com.br\/blog\/wp-json\/wp\/v2\/posts\/154847\/revisions"}],"wp:featuredmedia":[{"embeddable":true,"href":"https:\/\/www.aarquiteta.com.br\/blog\/wp-json\/wp\/v2\/media\/154844"}],"wp:attachment":[{"href":"https:\/\/www.aarquiteta.com.br\/blog\/wp-json\/wp\/v2\/media?parent=154847"}],"wp:term":[{"taxonomy":"category","embeddable":true,"href":"https:\/\/www.aarquiteta.com.br\/blog\/wp-json\/wp\/v2\/categories?post=154847"},{"taxonomy":"post_tag","embeddable":true,"href":"https:\/\/www.aarquiteta.com.br\/blog\/wp-json\/wp\/v2\/tags?post=154847"}],"curies":[{"name":"wp","href":"https:\/\/api.w.org\/{rel}","templated":true}]}}