{"id":154828,"date":"2025-11-01T17:32:52","date_gmt":"2025-11-01T20:32:52","guid":{"rendered":"https:\/\/www.aarquiteta.com.br\/blog\/banheiro-amadeirado-4\/"},"modified":"2025-11-01T17:32:52","modified_gmt":"2025-11-01T20:32:52","slug":"banheiro-amadeirado-4","status":"publish","type":"post","link":"https:\/\/www.aarquiteta.com.br\/blog\/banheiro-amadeirado-4\/","title":{"rendered":"5 Inspira\u00e7\u00f5es para Banheiros Amadeirados que V\u00e3o Transformar Seu Espa\u00e7o"},"content":{"rendered":"<p>Transformar seu banheiro com um toque amadeirado \u00e9 mais f\u00e1cil do que voc\u00ea imagina! Neste artigo, vou compartilhar 5 inspira\u00e7\u00f5es incr\u00edveis para trazer naturalidade e eleg\u00e2ncia ao seu espa\u00e7o.<\/p>\n<figure style=\"width: 1024px\" class=\"wp-caption aligncenter\"><img decoding=\"async\" src=\"https:\/\/www.aarquiteta.com.br\/blog\/wp-content\/uploads\/2025\/11\/banheiro-amadeirado01.jpg\" alt=\"banheiro-amadeirado\" width=\"1024\" height=\"1024\" title=\"\"><figcaption class=\"wp-caption-text\">banheiro-amadeirado<\/figcaption><\/figure>\n<h3>Por que optar por um banheiro amadeirado?<\/h3>\n<p>Um banheiro amadeirado oferece um visual <b>charmoso e aconchegante<\/b>. Os revestimentos que imitam madeira s\u00e3o pr\u00e1ticos e n\u00e3o requerem manuten\u00e7\u00e3o especial, tornando-os ideais para ambientes \u00famidos.<\/p>\n<figure style=\"width: 1024px\" class=\"wp-caption aligncenter\"><img decoding=\"async\" src=\"https:\/\/www.aarquiteta.com.br\/blog\/wp-content\/uploads\/2025\/11\/banheiro-amadeirado02.jpg\" alt=\"banheiro-amadeirado\" width=\"1024\" height=\"1024\" title=\"\"><figcaption class=\"wp-caption-text\">banheiro-amadeirado<\/figcaption><\/figure>\n<h3>1. Revestimento amadeirado nas paredes<\/h3>\n<p>Usar <b>revestimento amadeirado nas paredes<\/b> \u00e9 uma excelente maneira de trazer a natureza para dentro de casa. Escolha texturas que imitam a madeira de forma realista para criar um ambiente relaxante.<\/p>\n<figure style=\"width: 1024px\" class=\"wp-caption aligncenter\"><img decoding=\"async\" src=\"https:\/\/www.aarquiteta.com.br\/blog\/wp-content\/uploads\/2025\/11\/banheiro-amadeirado03.jpg\" alt=\"banheiro-amadeirado\" width=\"1024\" height=\"1024\" title=\"\"><figcaption class=\"wp-caption-text\">banheiro-amadeirado<\/figcaption><\/figure>\n<h3>2. Pisos que imitam madeira<\/h3>\n<p>Pisos que imitam madeira oferecem <b>conforto e estilo<\/b>. Eles s\u00e3o antiss\u00e9pticos e resistentes \u00e0 umidade, perfeitos para o banheiro. Aposte em tons claros ou escuros conforme seu gosto.<\/p>\n<h3>3. Toques r\u00fasticos<\/h3>\n<p>Adicionar elementos r\u00fasticos, como <b>t\u00e1buas de madeira expostas<\/b> ou m\u00f3veis em madeira de demoli\u00e7\u00e3o, pode tornar o espa\u00e7o ainda mais acolhedor. Isso traz um ar de casa de campo para o seu banheiro.<\/p>\n<h3>4. Mistura com outras texturas<\/h3>\n<p>Combinar madeira com <b>outros materiais<\/b> \u00e9 uma \u00f3tima ideia! O cimento queimado ou o m\u00e1rmore podem criar um contraste moderno e sofisticado. Use esses elementos para deixar o ambiente mais interessante.<\/p>\n<h3>5. Ilumina\u00e7\u00e3o suave<\/h3>\n<p>A ilumina\u00e7\u00e3o desempenha um papel crucial. Opte por <b>luz amarelada<\/b> ou pendentes de madeira para criar um clima intimista e confort\u00e1vel. Isso pode fazer toda a diferen\u00e7a na hora do banho.<\/p>\n<table>\n<tr>\n<th>Inspira\u00e7\u00e3o<\/th>\n<th>Descri\u00e7\u00e3o<\/th>\n<\/tr>\n<tr>\n<td>Revestimento nas paredes<\/td>\n<td>Textura que imita madeira para um ambiente relaxante.<\/td>\n<\/tr>\n<tr>\n<td>Pisos amadeirados<\/td>\n<td>Pisos resistentes com estilo que complementam o espa\u00e7o.<\/td>\n<\/tr>\n<tr>\n<td>Elementos r\u00fasticos<\/td>\n<td>Toques de madeira natural para um ar aconchegante.<\/td>\n<\/tr>\n<tr>\n<td>Mistura de texturas<\/td>\n<td>Combina\u00e7\u00e3o de madeira com materiais como cimento ou m\u00e1rmore.<\/td>\n<\/tr>\n<tr>\n<td>Ilumina\u00e7\u00e3o suave<\/td>\n<td>Utiliza\u00e7\u00e3o de luz amarelada para um clima intimista.<\/td>\n<\/tr>\n<\/table>\n<p>Essas 5 inspira\u00e7\u00f5es prometem <b>transformar o seu banheiro<\/b> em um espa\u00e7o \u00fanico e agrad\u00e1vel. Que tal come\u00e7ar a planejar a sua reforma?<\/p>\n<p><div class=\"youtube-embed\" data-video_id=\"12VFf3GDUUk\"><iframe title=\"Banheiro em tons de preto cinza e madeirado pela arquiteta Pricila Dalzochio\" width=\"696\" height=\"392\" src=\"https:\/\/www.youtube.com\/embed\/12VFf3GDUUk?feature=oembed&#038;enablejsapi=1\" frameborder=\"0\" allow=\"accelerometer; autoplay; clipboard-write; encrypted-media; gyroscope; picture-in-picture; web-share\" referrerpolicy=\"strict-origin-when-cross-origin\" allowfullscreen><\/iframe><\/div>\n<\/p>\n<p>Para mais ideias e sugest\u00f5es sobre decora\u00e7\u00e3o de banheiros, <b>continue navegando em nosso blog<\/b>! N\u00e3o hesite em deixar seu coment\u00e1rio e compartilhar suas experi\u00eancias.<\/p>\n","protected":false},"excerpt":{"rendered":"<p>5 Inspira\u00e7\u00f5es para Banheiros Amadeirados que V\u00e3o Transformar Seu Espa\u00e7o<\/p>\n","protected":false},"author":102,"featured_media":154825,"comment_status":"open","ping_status":"","sticky":false,"template":"","format":"standard","meta":{"footnotes":""},"categories":[249,1484],"tags":[],"class_list":["post-154828","post","type-post","status-publish","format-standard","has-post-thumbnail","category-engenharia-e-construcao-civil","category-decoracao"],"_wp_attached_file":null,"_wp_attachment_metadata":null,"_wp_attachment_context":null,"_wp_attachment_is_custom_header":null,"geo_longitude":null,"geo_public":null,"geo_latitude":null,"_publicize_done_external":null,"_wpas_done_3897181":null,"publicize_twitter_user":null,"_wpas_done_3897175":null,"_wpas_skip_3897181":null,"_wpas_skip_3897175":null,"_wpas_skip_3924723":null,"_wpas_mess":null,"_wpas_done_3924723":null,"wps_subtitle":"","_links":{"self":[{"href":"https:\/\/www.aarquiteta.com.br\/blog\/wp-json\/wp\/v2\/posts\/154828","targetHints":{"allow":["GET"]}}],"collection":[{"href":"https:\/\/www.aarquiteta.com.br\/blog\/wp-json\/wp\/v2\/posts"}],"about":[{"href":"https:\/\/www.aarquiteta.com.br\/blog\/wp-json\/wp\/v2\/types\/post"}],"author":[{"embeddable":true,"href":"https:\/\/www.aarquiteta.com.br\/blog\/wp-json\/wp\/v2\/users\/102"}],"replies":[{"embeddable":true,"href":"https:\/\/www.aarquiteta.com.br\/blog\/wp-json\/wp\/v2\/comments?post=154828"}],"version-history":[{"count":0,"href":"https:\/\/www.aarquiteta.com.br\/blog\/wp-json\/wp\/v2\/posts\/154828\/revisions"}],"wp:featuredmedia":[{"embeddable":true,"href":"https:\/\/www.aarquiteta.com.br\/blog\/wp-json\/wp\/v2\/media\/154825"}],"wp:attachment":[{"href":"https:\/\/www.aarquiteta.com.br\/blog\/wp-json\/wp\/v2\/media?parent=154828"}],"wp:term":[{"taxonomy":"category","embeddable":true,"href":"https:\/\/www.aarquiteta.com.br\/blog\/wp-json\/wp\/v2\/categories?post=154828"},{"taxonomy":"post_tag","embeddable":true,"href":"https:\/\/www.aarquiteta.com.br\/blog\/wp-json\/wp\/v2\/tags?post=154828"}],"curies":[{"name":"wp","href":"https:\/\/api.w.org\/{rel}","templated":true}]}}