{"id":154786,"date":"2025-10-29T17:31:59","date_gmt":"2025-10-29T20:31:59","guid":{"rendered":"https:\/\/www.aarquiteta.com.br\/blog\/mdp-ou-mdf-2\/"},"modified":"2025-10-29T17:31:59","modified_gmt":"2025-10-29T20:31:59","slug":"mdp-ou-mdf-2","status":"publish","type":"post","link":"https:\/\/www.aarquiteta.com.br\/blog\/mdp-ou-mdf-2\/","title":{"rendered":"As 5 Melhores Dicas"},"content":{"rendered":"<p>Voc\u00ea sabia que a escolha de materiais para m\u00f3veis faz toda a diferen\u00e7a na sua decora\u00e7\u00e3o? Vamos explorar isso juntos!<\/p>\n<figure style=\"width: 1024px\" class=\"wp-caption aligncenter\"><img decoding=\"async\" src=\"https:\/\/www.aarquiteta.com.br\/blog\/wp-content\/uploads\/2025\/10\/mdp-ou-mdf01.jpg\" alt=\"mdp-ou-mdf\" width=\"1024\" height=\"1024\" title=\"\"><figcaption class=\"wp-caption-text\">mdp-ou-mdf<\/figcaption><\/figure>\n<h3>Entendendo o MDF e o MDP<\/h3>\n<p>Primeiro, \u00e9 importante saber que tanto o <b>MDF<\/b> quanto o <b>MDP<\/b> s\u00e3o feitos de madeira reflorestada. Por\u00e9m, suas composi\u00e7\u00f5es s\u00e3o diferentes. O MDF \u00e9 feito de <b>fibras de madeira mais finas misturadas a resina<\/b>, resultando em um material mais homog\u00eaneo. Ideal para m\u00f3veis com <b>cantos curvos e pintura<\/b>.<\/p>\n<figure style=\"width: 1024px\" class=\"wp-caption aligncenter\"><img decoding=\"async\" src=\"https:\/\/www.aarquiteta.com.br\/blog\/wp-content\/uploads\/2025\/10\/mdp-ou-mdf02.jpg\" alt=\"mdp-ou-mdf\" width=\"1024\" height=\"1024\" title=\"\"><figcaption class=\"wp-caption-text\">mdp-ou-mdf<\/figcaption><\/figure>\n<p>J\u00e1 o MDP, utiliza <b>part\u00edculas de madeira prensadas<\/b> em tr\u00eas camadas, tornando-o mais resistente. \u00c9 mais adequado para <b>m\u00f3veis de linhas retas<\/b> e n\u00e3o deve ser pintado. A resist\u00eancia mec\u00e2nica do MDP faz dele uma excelente op\u00e7\u00e3o para prateleiras e estantes.<\/p>\n<figure style=\"width: 1024px\" class=\"wp-caption aligncenter\"><img decoding=\"async\" src=\"https:\/\/www.aarquiteta.com.br\/blog\/wp-content\/uploads\/2025\/10\/mdp-ou-mdf03.jpg\" alt=\"mdp-ou-mdf\" width=\"1024\" height=\"1024\" title=\"\"><figcaption class=\"wp-caption-text\">mdp-ou-mdf<\/figcaption><\/figure>\n<h3>MDF versus MDP: O que considerar?<\/h3>\n<p>Na hora de escolher entre <b>MDF e MDP<\/b>, avalie o espa\u00e7o e a funcionalidade. O MDF \u00e9 ideal para ambientes que precisam de <b>design mais elaborado<\/b>. J\u00e1 o MDP \u00e9 mais robusto, perfeito para <b>m\u00f3veis que suportam peso<\/b>.<\/p>\n<h3>Principais Aplica\u00e7\u00f5es de Cada Material<\/h3>\n<ul>\n<li><b>MDF:<\/b> Mais indicado para cozinhas planejadas e m\u00f3veis com <b>acabamentos detalhados<\/b>.<\/li>\n<li><b>MDP:<\/b> Excelente para estantes, prateleiras e qualquer m\u00f3vel que exija <b>durabilidade e resist\u00eancia<\/b>.<\/li>\n<\/ul>\n<h3>Tabela Comparativa<\/h3>\n<table>\n<tr>\n<th>Caracter\u00edsticas<\/th>\n<th>MDF<\/th>\n<th>MDP<\/th>\n<\/tr>\n<tr>\n<td>Composi\u00e7\u00e3o<\/td>\n<td>Fibras de madeira finas<\/td>\n<td>Part\u00edculas de madeira prensadas<\/td>\n<\/tr>\n<tr>\n<td>Aplica\u00e7\u00f5es<\/td>\n<td>M\u00f3veis com design elaborado<\/td>\n<td>M\u00f3veis de linhas retas<\/td>\n<\/tr>\n<tr>\n<td>Resist\u00eancia<\/td>\n<td>Menor que o MDP<\/td>\n<td>Alta resist\u00eancia<\/td>\n<\/tr>\n<\/table>\n<h3>Dicas para Usar MDP e MDF<\/h3>\n<p>1. <b>Para o MDF:<\/b> Use em ambientes que necessitam de requinte.<\/p>\n<p>2. <b>Para o MDP:<\/b> Use em estantes e suportes robustos.<\/p>\n<p>3. Evite umidade em ambos, mas especialmente no MDF para maior <b>durabilidade<\/b>.<\/p>\n<p>4. Use acabamentos que realcem as caracter\u00edsticas de cada material.<\/p>\n<p><div class=\"youtube-embed\" data-video_id=\"4Fqt2Nk2lhY\"><iframe title=\"Markov Decision Process (MDP) - 5 Minutes with Cyrill\" width=\"696\" height=\"392\" src=\"https:\/\/www.youtube.com\/embed\/4Fqt2Nk2lhY?feature=oembed&#038;enablejsapi=1\" frameborder=\"0\" allow=\"accelerometer; autoplay; clipboard-write; encrypted-media; gyroscope; picture-in-picture; web-share\" referrerpolicy=\"strict-origin-when-cross-origin\" allowfullscreen><\/iframe><\/div>\n<\/p>\n<p>5. Sempre avalie o <b>custo-benef\u00edcio<\/b> e a finalidade ao escolher o material.<\/p>\n<h3>Considera\u00e7\u00f5es Finais<\/h3>\n<p>Agora que voc\u00ea conhece as melhores dicas sobre <b>MDP e MDF<\/b>, que tal planejar seu pr\u00f3ximo projeto de m\u00f3veis? Aproveite o espa\u00e7o da sua casa com os materiais certos e n\u00e3o hesite em compartilhar suas d\u00favidas nos coment\u00e1rios abaixo. Vamos juntos transformar seu ambiente!<\/p>\n","protected":false},"excerpt":{"rendered":"<p>As 5 Melhores Dicas<\/p>\n","protected":false},"author":102,"featured_media":154783,"comment_status":"open","ping_status":"","sticky":false,"template":"","format":"standard","meta":{"footnotes":""},"categories":[249,1484],"tags":[],"class_list":["post-154786","post","type-post","status-publish","format-standard","has-post-thumbnail","category-engenharia-e-construcao-civil","category-decoracao"],"_wp_attached_file":null,"_wp_attachment_metadata":null,"_wp_attachment_context":null,"_wp_attachment_is_custom_header":null,"geo_longitude":null,"geo_public":null,"geo_latitude":null,"_publicize_done_external":null,"_wpas_done_3897181":null,"publicize_twitter_user":null,"_wpas_done_3897175":null,"_wpas_skip_3897181":null,"_wpas_skip_3897175":null,"_wpas_skip_3924723":null,"_wpas_mess":null,"_wpas_done_3924723":null,"wps_subtitle":"","_links":{"self":[{"href":"https:\/\/www.aarquiteta.com.br\/blog\/wp-json\/wp\/v2\/posts\/154786","targetHints":{"allow":["GET"]}}],"collection":[{"href":"https:\/\/www.aarquiteta.com.br\/blog\/wp-json\/wp\/v2\/posts"}],"about":[{"href":"https:\/\/www.aarquiteta.com.br\/blog\/wp-json\/wp\/v2\/types\/post"}],"author":[{"embeddable":true,"href":"https:\/\/www.aarquiteta.com.br\/blog\/wp-json\/wp\/v2\/users\/102"}],"replies":[{"embeddable":true,"href":"https:\/\/www.aarquiteta.com.br\/blog\/wp-json\/wp\/v2\/comments?post=154786"}],"version-history":[{"count":0,"href":"https:\/\/www.aarquiteta.com.br\/blog\/wp-json\/wp\/v2\/posts\/154786\/revisions"}],"wp:featuredmedia":[{"embeddable":true,"href":"https:\/\/www.aarquiteta.com.br\/blog\/wp-json\/wp\/v2\/media\/154783"}],"wp:attachment":[{"href":"https:\/\/www.aarquiteta.com.br\/blog\/wp-json\/wp\/v2\/media?parent=154786"}],"wp:term":[{"taxonomy":"category","embeddable":true,"href":"https:\/\/www.aarquiteta.com.br\/blog\/wp-json\/wp\/v2\/categories?post=154786"},{"taxonomy":"post_tag","embeddable":true,"href":"https:\/\/www.aarquiteta.com.br\/blog\/wp-json\/wp\/v2\/tags?post=154786"}],"curies":[{"name":"wp","href":"https:\/\/api.w.org\/{rel}","templated":true}]}}