{"id":154781,"date":"2025-10-29T07:31:25","date_gmt":"2025-10-29T10:31:25","guid":{"rendered":"https:\/\/www.aarquiteta.com.br\/blog\/6-dicas-para-montar-e-decorar-home-office-da-tinta-ao-mobiliario-2\/"},"modified":"2025-10-29T07:31:25","modified_gmt":"2025-10-29T10:31:25","slug":"6-dicas-para-montar-e-decorar-home-office-da-tinta-ao-mobiliario-2","status":"publish","type":"post","link":"https:\/\/www.aarquiteta.com.br\/blog\/6-dicas-para-montar-e-decorar-home-office-da-tinta-ao-mobiliario-2\/","title":{"rendered":"As 5 Melhores Dicas para Montar e Decorar seu Home Office"},"content":{"rendered":"<p>Quer montar e decorar seu home office? Aqui est\u00e3o as cinco melhores dicas para criar um espa\u00e7o que estimule sua produtividade!<\/p>\n<figure style=\"width: 1024px\" class=\"wp-caption aligncenter\"><img decoding=\"async\" src=\"https:\/\/www.aarquiteta.com.br\/blog\/wp-content\/uploads\/2025\/10\/6-dicas-para-montar-e-decorar-home-office-da-tinta-ao-mobiliario01.jpg\" alt=\"6-dicas-para-montar-e-decorar-home-office-da-tinta-ao-mobiliario\" width=\"1024\" height=\"1024\" title=\"\"><figcaption class=\"wp-caption-text\">6-dicas-para-montar-e-decorar-home-office-da-tinta-ao-mobiliario<\/figcaption><\/figure>\n<h3>Escolha o Local Perfeito para o Home Office<\/h3>\n<p>A primeira decis\u00e3o crucial \u00e9 <b>escolher o local certo<\/b>. Procure um espa\u00e7o que ofere\u00e7a privacidade e seja grande o suficiente para acomodar voc\u00ea e seus equipamentos. Pode ser em um quarto, sacada ou at\u00e9 mesmo embaixo de uma escada!<\/p>\n<figure style=\"width: 1024px\" class=\"wp-caption aligncenter\"><img decoding=\"async\" src=\"https:\/\/www.aarquiteta.com.br\/blog\/wp-content\/uploads\/2025\/10\/6-dicas-para-montar-e-decorar-home-office-da-tinta-ao-mobiliario02.jpg\" alt=\"6-dicas-para-montar-e-decorar-home-office-da-tinta-ao-mobiliario\" width=\"1024\" height=\"1024\" title=\"\"><figcaption class=\"wp-caption-text\">6-dicas-para-montar-e-decorar-home-office-da-tinta-ao-mobiliario<\/figcaption><\/figure>\n<h3>Cores que Inspiram Produtividade<\/h3>\n<p>As cores t\u00eam um impacto poderoso no nosso <b>estado emocional<\/b>. Use tons claros, como <b>branco, azul claro ou verde<\/b>, para promover concentra\u00e7\u00e3o. Se preferir, experimente uma parede colorida, mas mantenha as outras claras para n\u00e3o sobrecarregar.<\/p>\n<figure style=\"width: 1024px\" class=\"wp-caption aligncenter\"><img decoding=\"async\" src=\"https:\/\/www.aarquiteta.com.br\/blog\/wp-content\/uploads\/2025\/10\/6-dicas-para-montar-e-decorar-home-office-da-tinta-ao-mobiliario03.jpg\" alt=\"6-dicas-para-montar-e-decorar-home-office-da-tinta-ao-mobiliario\" width=\"1024\" height=\"1024\" title=\"\"><figcaption class=\"wp-caption-text\">6-dicas-para-montar-e-decorar-home-office-da-tinta-ao-mobiliario<\/figcaption><\/figure>\n<h3>M\u00f3veis Ergonomicamente Corretos<\/h3>\n<p>Invista em m\u00f3veis que proporcionem <b>conforto e ergonomia<\/b>. Uma mesa na altura ideal e uma cadeira que suporte sua postura s\u00e3o essenciais. Lembre-se dos detalhes: tenha tudo que usa pr\u00f3ximo a voc\u00ea para n\u00e3o perder tempo procurando.<\/p>\n<h3>Ilumina\u00e7\u00e3o Adequada \u00e9 Fundamental<\/h3>\n<p>Uma boa ilumina\u00e7\u00e3o \u00e9 basicamente o \u201ccora\u00e7\u00e3o\u201d do ambiente. Use <b>luz LED branca<\/b> e posicione sua mesa perto de janelas para captar luz natural. Isso ajuda a manter o \u00e2nimo e a aten\u00e7\u00e3o durante o dia.<\/p>\n<table>\n<tr>\n<th>Aspecto<\/th>\n<th>Dica<\/th>\n<\/tr>\n<tr>\n<td>Local<\/td>\n<td>Escolha um espa\u00e7o privado e amplo.<\/td>\n<\/tr>\n<tr>\n<td>Cores<\/td>\n<td>Use tons claros e uma parede colorida.<\/td>\n<\/tr>\n<tr>\n<td>M\u00f3veis<\/td>\n<td>Opte por itens ergon\u00f4micos e confort\u00e1veis.<\/td>\n<\/tr>\n<tr>\n<td>Ilumina\u00e7\u00e3o<\/td>\n<td>Utilize luz LED e posicione a mesa pr\u00f3xima a janelas.<\/td>\n<\/tr>\n<\/table>\n<h3>Decora\u00e7\u00e3o que Reflete sua Personalidade<\/h3>\n<p>A \u00faltima dica \u00e9 decorar com itens que representem sua <b>personalidade<\/b>. Quadros, plantas ou at\u00e9 mesmo objetos de viagens tornam o ambiente mais acolhedor. Sempre tenha cuidado para n\u00e3o exagerar, especialmente se o espa\u00e7o for pequeno.<\/p>\n<p>Mantenha a organiza\u00e7\u00e3o como uma prioridade. Um home office <b>limpo e organizado<\/b> melhora a est\u00e9tica e ajuda na produtividade. Lembre-se de eliminar itens desnecess\u00e1rios das superf\u00edcies para trabalhar com foco.<\/p>\n<p>Agora que voc\u00ea j\u00e1 conhece as <b>cinco melhores dicas<\/b> para montar e decorar seu home office, que tal come\u00e7ar a aplicar tudo isso? Um ambiente bem planejado definitivamente transforma sua rotina! Compartilhe suas experi\u00eancias ou deixe um coment\u00e1rio com suas d\u00favidas. Vamos juntos tornar seu espa\u00e7o de trabalho mais inspirador!<\/p>\n<p><div class=\"youtube-embed\" data-video_id=\"0eLIFfc_JWM\"><iframe title=\"Home Office # 589 - Das 28. Regime\" width=\"696\" height=\"392\" src=\"https:\/\/www.youtube.com\/embed\/0eLIFfc_JWM?feature=oembed&#038;enablejsapi=1\" frameborder=\"0\" allow=\"accelerometer; autoplay; clipboard-write; encrypted-media; gyroscope; picture-in-picture; web-share\" referrerpolicy=\"strict-origin-when-cross-origin\" allowfullscreen><\/iframe><\/div><\/p>\n","protected":false},"excerpt":{"rendered":"<p>As 5 Melhores Dicas para Montar e Decorar seu Home Office<\/p>\n","protected":false},"author":102,"featured_media":154778,"comment_status":"open","ping_status":"","sticky":false,"template":"","format":"standard","meta":{"footnotes":""},"categories":[1484],"tags":[],"class_list":["post-154781","post","type-post","status-publish","format-standard","has-post-thumbnail","category-decoracao"],"_wp_attached_file":null,"_wp_attachment_metadata":null,"_wp_attachment_context":null,"_wp_attachment_is_custom_header":null,"geo_longitude":null,"geo_public":null,"geo_latitude":null,"_publicize_done_external":null,"_wpas_done_3897181":null,"publicize_twitter_user":null,"_wpas_done_3897175":null,"_wpas_skip_3897181":null,"_wpas_skip_3897175":null,"_wpas_skip_3924723":null,"_wpas_mess":null,"_wpas_done_3924723":null,"wps_subtitle":"","_links":{"self":[{"href":"https:\/\/www.aarquiteta.com.br\/blog\/wp-json\/wp\/v2\/posts\/154781","targetHints":{"allow":["GET"]}}],"collection":[{"href":"https:\/\/www.aarquiteta.com.br\/blog\/wp-json\/wp\/v2\/posts"}],"about":[{"href":"https:\/\/www.aarquiteta.com.br\/blog\/wp-json\/wp\/v2\/types\/post"}],"author":[{"embeddable":true,"href":"https:\/\/www.aarquiteta.com.br\/blog\/wp-json\/wp\/v2\/users\/102"}],"replies":[{"embeddable":true,"href":"https:\/\/www.aarquiteta.com.br\/blog\/wp-json\/wp\/v2\/comments?post=154781"}],"version-history":[{"count":0,"href":"https:\/\/www.aarquiteta.com.br\/blog\/wp-json\/wp\/v2\/posts\/154781\/revisions"}],"wp:featuredmedia":[{"embeddable":true,"href":"https:\/\/www.aarquiteta.com.br\/blog\/wp-json\/wp\/v2\/media\/154778"}],"wp:attachment":[{"href":"https:\/\/www.aarquiteta.com.br\/blog\/wp-json\/wp\/v2\/media?parent=154781"}],"wp:term":[{"taxonomy":"category","embeddable":true,"href":"https:\/\/www.aarquiteta.com.br\/blog\/wp-json\/wp\/v2\/categories?post=154781"},{"taxonomy":"post_tag","embeddable":true,"href":"https:\/\/www.aarquiteta.com.br\/blog\/wp-json\/wp\/v2\/tags?post=154781"}],"curies":[{"name":"wp","href":"https:\/\/api.w.org\/{rel}","templated":true}]}}