{"id":154759,"date":"2025-10-27T17:31:48","date_gmt":"2025-10-27T20:31:48","guid":{"rendered":"https:\/\/www.aarquiteta.com.br\/blog\/area-de-servico-2\/"},"modified":"2025-10-27T17:31:48","modified_gmt":"2025-10-27T20:31:48","slug":"area-de-servico-2","status":"publish","type":"post","link":"https:\/\/www.aarquiteta.com.br\/blog\/area-de-servico-2\/","title":{"rendered":"10 Inspira\u00e7\u00f5es Fant\u00e1sticas para Transformar sua \u00c1rea de Servi\u00e7o"},"content":{"rendered":"<p>Transformar sua \u00e1rea de servi\u00e7o n\u00e3o precisa ser um bicho de sete cabe\u00e7as! Com algumas inspira\u00e7\u00f5es e dicas pr\u00e1ticas, voc\u00ea consegue criar um espa\u00e7o bonito e funcional.<\/p>\n<figure style=\"width: 1024px\" class=\"wp-caption aligncenter\"><img decoding=\"async\" src=\"https:\/\/www.aarquiteta.com.br\/blog\/wp-content\/uploads\/2025\/10\/area-de-servico01.jpg\" alt=\"area-de-servico\" width=\"1024\" height=\"1024\" title=\"\"><figcaption class=\"wp-caption-text\">area-de-servico<\/figcaption><\/figure>\n<p>Uma \u00e1rea de servi\u00e7o bem planejada pode mudar muito a rotina da sua casa. Neste artigo, vou compartilhar <b>10 inspira\u00e7\u00f5es fant\u00e1sticas<\/b> que v\u00e3o te ajudar a repaginar esse ambiente t\u00e3o importante e, muitas vezes, deixado de lado. Vamos \u00e0s ideias?<\/p>\n<figure style=\"width: 1024px\" class=\"wp-caption aligncenter\"><img decoding=\"async\" src=\"https:\/\/www.aarquiteta.com.br\/blog\/wp-content\/uploads\/2025\/10\/area-de-servico02.jpg\" alt=\"area-de-servico\" width=\"1024\" height=\"1024\" title=\"\"><figcaption class=\"wp-caption-text\">area-de-servico<\/figcaption><\/figure>\n<h3>1. Priorize a praticidade na sua \u00e1rea de servi\u00e7o<\/h3>\n<p>Comece pensando na funcionalidade. <b>A praticidade<\/b> deve ser o seu foco principal. Assim, escolha m\u00f3veis e equipamentos que facilitem a rotina.<\/p>\n<figure style=\"width: 1024px\" class=\"wp-caption aligncenter\"><img decoding=\"async\" src=\"https:\/\/www.aarquiteta.com.br\/blog\/wp-content\/uploads\/2025\/10\/area-de-servico03.jpg\" alt=\"area-de-servico\" width=\"1024\" height=\"1024\" title=\"\"><figcaption class=\"wp-caption-text\">area-de-servico<\/figcaption><\/figure>\n<h3>2. Invista em organiza\u00e7\u00e3o<\/h3>\n<p>Utilizar <b>cestos e organizadores<\/b> \u00e9 uma excelente forma de ter tudo \u00e0 m\u00e3o e ainda manter o ambiente visualmente agrad\u00e1vel.<\/p>\n<h3>3. Adicione prateleiras e nichos<\/h3>\n<p>Prateleiras s\u00e3o \u00f3timas aliadas. Elas ajudam a liberar espa\u00e7o no ch\u00e3o e a organizar produtos de forma vertical. <b>Otimize seu espa\u00e7o!<\/b><\/p>\n<h3>4. Escolha revestimentos charmosos<\/h3>\n<p>Os revestimentos t\u00eam o poder de alterar a sensa\u00e7\u00e3o do ambiente. <b>Aposte em op\u00e7\u00f5es que tragam personalidade,<\/b> como cer\u00e2micas coloridas ou tijolinhos.<\/p>\n<h3>5. Decora\u00e7\u00e3o harmoniosa<\/h3>\n<p>Para uma apar\u00eancia equilibrada, escolha cores que se complementem. Um belo jogo entre <b>neutros e ousados<\/b> pode trazer um visual sofisticado.<\/p>\n<h3>6. Utilize m\u00f3veis sob medida<\/h3>\n<p>Se o espa\u00e7o for pequeno, considere m\u00f3veis sob medida. Eles ajudam a <b>economizar espa\u00e7o<\/b> de forma inteligente e funcional.<\/p>\n<p><div class=\"youtube-embed\" data-video_id=\"h18Os7ZI8Vo\"><iframe title=\"\u00c1REA DE SERVI\u00c7O OU LAVANDERIA PERFEITA COMO FAZER\" width=\"696\" height=\"392\" src=\"https:\/\/www.youtube.com\/embed\/h18Os7ZI8Vo?feature=oembed&#038;enablejsapi=1\" frameborder=\"0\" allow=\"accelerometer; autoplay; clipboard-write; encrypted-media; gyroscope; picture-in-picture; web-share\" referrerpolicy=\"strict-origin-when-cross-origin\" allowfullscreen><\/iframe><\/div>\n<\/p>\n<h3>7. Integre a \u00e1rea de servi\u00e7o com a cozinha<\/h3>\n<p>Em casas menores, unir a \u00e1rea de servi\u00e7o com a cozinha pode ser uma solu\u00e7\u00e3o pr\u00e1tica. Al\u00e9m de funcional, <b>traz um ar de modernidade<\/b>.<\/p>\n<h3>8. A import\u00e2ncia da ilumina\u00e7\u00e3o<\/h3>\n<p>Uma boa ilumina\u00e7\u00e3o \u00e9 chave! Aposte em luzes que favore\u00e7am o espa\u00e7o, <b>criando um ambiente agrad\u00e1vel<\/b> e funcional.<\/p>\n<h3>9. Invista em plantas<\/h3>\n<p>Uma planta aqui e outra ali trazem vida. <b>Elas tornam o ambiente mais fresco<\/b> e agrad\u00e1vel, quebrando a rigidez da utilidade.<\/p>\n<h3>10. Use a criatividade na decora\u00e7\u00e3o<\/h3>\n<p>Aproveite a \u00e1rea de servi\u00e7o para imprimir sua personalidade. <b>Decora\u00e7\u00f5es criativas<\/b> tornam o ambiente \u00fanico e cheio de charme.<\/p>\n<table>\n<tr>\n<th>Dica<\/th>\n<th>Pa\u00eds<\/th>\n<th>Benef\u00edcio<\/th>\n<\/tr>\n<tr>\n<td>Priorize a praticidade<\/td>\n<td>Brasil<\/td>\n<td>Facilita a rotina<\/td>\n<\/tr>\n<tr>\n<td>Invista em organiza\u00e7\u00e3o<\/td>\n<td>Brasil<\/td>\n<td>Mant\u00e9m o local visualmente agrad\u00e1vel<\/td>\n<\/tr>\n<tr>\n<td>Adicione prateleiras<\/td>\n<td>Brasil<\/td>\n<td>Libera espa\u00e7o no ch\u00e3o<\/td>\n<\/tr>\n<tr>\n<td>Use revestimentos charmosos<\/td>\n<td>Brasil<\/td>\n<td>Transforma a sensa\u00e7\u00e3o do ambiente<\/td>\n<\/tr>\n<\/table>\n<p>Com essas <b>inspira\u00e7\u00f5es fant\u00e1sticas<\/b>, tenho certeza de que voc\u00ea conseguir\u00e1 transformar sua \u00e1rea de servi\u00e7o em um espa\u00e7o pr\u00e1tico e acolhedor. Que tal come\u00e7ar hoje mesmo? N\u00e3o esque\u00e7a de voltar para compartilhar suas conquistas ou buscar mais ideias no blog!<\/p>\n","protected":false},"excerpt":{"rendered":"<p>10 Inspira\u00e7\u00f5es Fant\u00e1sticas para Transformar sua \u00c1rea de Servi\u00e7o<\/p>\n","protected":false},"author":102,"featured_media":154756,"comment_status":"open","ping_status":"","sticky":false,"template":"","format":"standard","meta":{"footnotes":""},"categories":[249,1484],"tags":[],"class_list":["post-154759","post","type-post","status-publish","format-standard","has-post-thumbnail","category-engenharia-e-construcao-civil","category-decoracao"],"_wp_attached_file":null,"_wp_attachment_metadata":null,"_wp_attachment_context":null,"_wp_attachment_is_custom_header":null,"geo_longitude":null,"geo_public":null,"geo_latitude":null,"_publicize_done_external":null,"_wpas_done_3897181":null,"publicize_twitter_user":null,"_wpas_done_3897175":null,"_wpas_skip_3897181":null,"_wpas_skip_3897175":null,"_wpas_skip_3924723":null,"_wpas_mess":null,"_wpas_done_3924723":null,"wps_subtitle":"","_links":{"self":[{"href":"https:\/\/www.aarquiteta.com.br\/blog\/wp-json\/wp\/v2\/posts\/154759","targetHints":{"allow":["GET"]}}],"collection":[{"href":"https:\/\/www.aarquiteta.com.br\/blog\/wp-json\/wp\/v2\/posts"}],"about":[{"href":"https:\/\/www.aarquiteta.com.br\/blog\/wp-json\/wp\/v2\/types\/post"}],"author":[{"embeddable":true,"href":"https:\/\/www.aarquiteta.com.br\/blog\/wp-json\/wp\/v2\/users\/102"}],"replies":[{"embeddable":true,"href":"https:\/\/www.aarquiteta.com.br\/blog\/wp-json\/wp\/v2\/comments?post=154759"}],"version-history":[{"count":0,"href":"https:\/\/www.aarquiteta.com.br\/blog\/wp-json\/wp\/v2\/posts\/154759\/revisions"}],"wp:featuredmedia":[{"embeddable":true,"href":"https:\/\/www.aarquiteta.com.br\/blog\/wp-json\/wp\/v2\/media\/154756"}],"wp:attachment":[{"href":"https:\/\/www.aarquiteta.com.br\/blog\/wp-json\/wp\/v2\/media?parent=154759"}],"wp:term":[{"taxonomy":"category","embeddable":true,"href":"https:\/\/www.aarquiteta.com.br\/blog\/wp-json\/wp\/v2\/categories?post=154759"},{"taxonomy":"post_tag","embeddable":true,"href":"https:\/\/www.aarquiteta.com.br\/blog\/wp-json\/wp\/v2\/tags?post=154759"}],"curies":[{"name":"wp","href":"https:\/\/api.w.org\/{rel}","templated":true}]}}