{"id":154721,"date":"2025-10-24T21:01:27","date_gmt":"2025-10-25T00:01:27","guid":{"rendered":"https:\/\/www.aarquiteta.com.br\/blog\/as-7-inovacoes-para-criar-uma-galeria-impressionante-na-sua-parede\/"},"modified":"2025-10-24T21:01:27","modified_gmt":"2025-10-25T00:01:27","slug":"as-7-inovacoes-para-criar-uma-galeria-impressionante-na-sua-parede","status":"publish","type":"post","link":"https:\/\/www.aarquiteta.com.br\/blog\/as-7-inovacoes-para-criar-uma-galeria-impressionante-na-sua-parede\/","title":{"rendered":"As 7 Inova\u00e7\u00f5es para Criar uma Galeria Impressionante na Sua Parede"},"content":{"rendered":"<p>Voc\u00ea j\u00e1 se sentiu inspirado por uma galeria de arte, mas n\u00e3o sabe como fazer algo parecido na sua casa?<\/p>\n<img decoding=\"async\" src=\"https:\/\/www.aarquiteta.com.br\/blog\/wp-content\/uploads\/2025\/10\/01-23.jpg\" alt=\"\" width=\"1024\" height=\"1024\" title=\"\">\n<p>Hoje, vou te mostrar <b>7 inova\u00e7\u00f5es<\/b> para criar uma galeria impressionante na sua parede, de maneira acess\u00edvel e personalizada.<\/p>\n<img decoding=\"async\" src=\"https:\/\/www.aarquiteta.com.br\/blog\/wp-content\/uploads\/2025\/10\/02-23.jpg\" alt=\"\" width=\"1024\" height=\"1024\" title=\"\">\n<p>Prepare-se para transformar sua sala em uma verdadeira exposi\u00e7\u00e3o art\u00edstica, sem estourar o or\u00e7amento. Com um planejamento inteligente e algumas dicas f\u00e1ceis, voc\u00ea poder\u00e1 expressar seu estilo e criatividade.<\/p>\n<img decoding=\"async\" src=\"https:\/\/www.aarquiteta.com.br\/blog\/wp-content\/uploads\/2025\/10\/03-23.jpg\" alt=\"\" width=\"1024\" height=\"1024\" title=\"\">\n<h3>1. Planejando a Disposi\u00e7\u00e3o da Parede<\/h3>\n<p>Comece medindo <b>o espa\u00e7o dispon\u00edvel<\/b>. Usar fita adesiva para contornar a \u00e1rea ajuda a visualizar a disposi\u00e7\u00e3o. Identifique m\u00f3veis e fontes de luz para criar uma composi\u00e7\u00e3o harmoniosa.<\/p>\n<h3>2. Escolhendo um Tema Coeso<\/h3>\n<p>\u00c9 fundamental selecionar um <b>tema<\/b> que se encaixe na sua decora\u00e7\u00e3o. Considere uma paleta de cores ou um estilo (vintage, moderno, etc.) que una as obras.<\/p>\n<h3>3. Fontes de Arte Acess\u00edveis<\/h3>\n<ul>\n<li>Pesquise galerias locais com exposi\u00e7\u00f5es gratuitas.<\/li>\n<li>Acesse sites com imagens livres de direitos autorais.<\/li>\n<li>Utilize redes sociais para descobrir novos artistas.<\/li>\n<\/ul>\n<h3>4. Obras de Arte Personalizadas<\/h3>\n<p>Uma \u00f3tima ideia \u00e9 <b>criar suas pr\u00f3prias pe\u00e7as<\/b>. Frases inspiradoras e mapas vintage podem ser emoldurados facilmente.<\/p>\n<h3>5. Usando Mixtiles<\/h3>\n<p>Os <b>Mixtiles<\/b> s\u00e3o uma solu\u00e7\u00e3o pr\u00e1tica. Eles s\u00e3o leves, f\u00e1ceis de aplicar e remov\u00edveis, permitindo que voc\u00ea altere a disposi\u00e7\u00e3o quando desejar.<\/p>\n<h3>6. Ferramentas de Pendurar Acess\u00edveis<\/h3>\n<p>Existem ferramentas baratas que facilitam a instala\u00e7\u00e3o. Use ganchos adesivos ou fita dupla face para evitar furos.<\/p>\n<p><div class=\"youtube-embed\" data-video_id=\"yw1BI7OtN_U\"><iframe title=\"Martes de Galer\u00eda\" width=\"696\" height=\"522\" src=\"https:\/\/www.youtube.com\/embed\/yw1BI7OtN_U?feature=oembed&#038;enablejsapi=1\" frameborder=\"0\" allow=\"accelerometer; autoplay; clipboard-write; encrypted-media; gyroscope; picture-in-picture; web-share\" referrerpolicy=\"strict-origin-when-cross-origin\" allowfullscreen><\/iframe><\/div>\n<\/p>\n<h3>7. Atualizando a Galeria com o Tempo<\/h3>\n<p>N\u00e3o tenha medo de <b>evoluir a sua cole\u00e7\u00e3o<\/b>. Troque quadros e adicione novas pe\u00e7as conforme seu gosto muda. \u00c9 uma forma de manter sua decora\u00e7\u00e3o sempre fresca!<\/p>\n<table>\n<tr>\n<th>Inova\u00e7\u00f5es<\/th>\n<th>Benef\u00edcios<\/th>\n<\/tr>\n<tr>\n<td>Medir com fita adesiva<\/td>\n<td>Visualiza melhor a disposi\u00e7\u00e3o<\/td>\n<\/tr>\n<tr>\n<td>Temas coesos<\/td>\n<td>Estilo harmonioso<\/td>\n<\/tr>\n<tr>\n<td>Fontes acess\u00edveis<\/td>\n<td>Economiza dinheiro<\/td>\n<\/tr>\n<tr>\n<td>Obras personalizadas<\/td>\n<td>Expressa suas emo\u00e7\u00f5es<\/td>\n<\/tr>\n<\/table>\n<p>Agora que voc\u00ea tem essas dicas \u00e0 m\u00e3o, \u00e9 hora de m\u00e3o \u00e0 obra! N\u00e3o hesite em compartilhar suas experi\u00eancias ou interagir nos coment\u00e1rios. Vamos juntos criar ambientes mais bonitos e \u00fanicos!<\/p>\n","protected":false},"excerpt":{"rendered":"<p>As 7 Inova\u00e7\u00f5es para Criar uma Galeria Impressionante na Sua Parede<\/p>\n","protected":false},"author":102,"featured_media":154718,"comment_status":"open","ping_status":"","sticky":false,"template":"","format":"standard","meta":{"footnotes":""},"categories":[1484],"tags":[],"class_list":["post-154721","post","type-post","status-publish","format-standard","has-post-thumbnail","category-decoracao"],"_wp_attached_file":null,"_wp_attachment_metadata":null,"_wp_attachment_context":null,"_wp_attachment_is_custom_header":null,"geo_longitude":null,"geo_public":null,"geo_latitude":null,"_publicize_done_external":null,"_wpas_done_3897181":null,"publicize_twitter_user":null,"_wpas_done_3897175":null,"_wpas_skip_3897181":null,"_wpas_skip_3897175":null,"_wpas_skip_3924723":null,"_wpas_mess":null,"_wpas_done_3924723":null,"wps_subtitle":"","_links":{"self":[{"href":"https:\/\/www.aarquiteta.com.br\/blog\/wp-json\/wp\/v2\/posts\/154721","targetHints":{"allow":["GET"]}}],"collection":[{"href":"https:\/\/www.aarquiteta.com.br\/blog\/wp-json\/wp\/v2\/posts"}],"about":[{"href":"https:\/\/www.aarquiteta.com.br\/blog\/wp-json\/wp\/v2\/types\/post"}],"author":[{"embeddable":true,"href":"https:\/\/www.aarquiteta.com.br\/blog\/wp-json\/wp\/v2\/users\/102"}],"replies":[{"embeddable":true,"href":"https:\/\/www.aarquiteta.com.br\/blog\/wp-json\/wp\/v2\/comments?post=154721"}],"version-history":[{"count":0,"href":"https:\/\/www.aarquiteta.com.br\/blog\/wp-json\/wp\/v2\/posts\/154721\/revisions"}],"wp:featuredmedia":[{"embeddable":true,"href":"https:\/\/www.aarquiteta.com.br\/blog\/wp-json\/wp\/v2\/media\/154718"}],"wp:attachment":[{"href":"https:\/\/www.aarquiteta.com.br\/blog\/wp-json\/wp\/v2\/media?parent=154721"}],"wp:term":[{"taxonomy":"category","embeddable":true,"href":"https:\/\/www.aarquiteta.com.br\/blog\/wp-json\/wp\/v2\/categories?post=154721"},{"taxonomy":"post_tag","embeddable":true,"href":"https:\/\/www.aarquiteta.com.br\/blog\/wp-json\/wp\/v2\/tags?post=154721"}],"curies":[{"name":"wp","href":"https:\/\/api.w.org\/{rel}","templated":true}]}}