{"id":154716,"date":"2025-10-24T17:32:15","date_gmt":"2025-10-24T20:32:15","guid":{"rendered":"https:\/\/www.aarquiteta.com.br\/blog\/porta-camarao-de-vidro-2\/"},"modified":"2025-10-24T17:32:15","modified_gmt":"2025-10-24T20:32:15","slug":"porta-camarao-de-vidro-2","status":"publish","type":"post","link":"https:\/\/www.aarquiteta.com.br\/blog\/porta-camarao-de-vidro-2\/","title":{"rendered":"7 Inova\u00e7\u00f5es em Portas de Camar\u00e3o de Vidro que Transformam seu Espa\u00e7o"},"content":{"rendered":"<p><b>Voc\u00ea j\u00e1 imaginou como um toque especial pode revolucionar os ambientes da sua casa?<\/b> As portas de camar\u00e3o de vidro s\u00e3o a solu\u00e7\u00e3o perfeita para quem deseja inova\u00e7\u00e3o e estilo no lar. <b>Essas portas oferecem praticidade e beleza, permitindo uma integra\u00e7\u00e3o \u00fanica entre os diferentes ambientes.<\/b> Vamos descobrir 7 inova\u00e7\u00f5es que transformam seu espa\u00e7o!<\/p>\n<figure style=\"width: 1024px\" class=\"wp-caption aligncenter\"><img decoding=\"async\" src=\"https:\/\/www.aarquiteta.com.br\/blog\/wp-content\/uploads\/2025\/10\/porta-camarao-de-vidro01.jpg\" alt=\"porta-camarao-de-vidro\" width=\"1024\" height=\"1024\" title=\"\"><figcaption class=\"wp-caption-text\">porta-camarao-de-vidro<\/figcaption><\/figure>\n<h3>1. Design Personalizado<\/h3>\n<p>A possibilidade de criar <b>designs \u00fanicos<\/b> para as portas de camar\u00e3o de vidro \u00e9 uma das inova\u00e7\u00f5es mais interessantes. Voc\u00ea pode escolher as cores, acabamentos e at\u00e9 mesmo adicionar padr\u00f5es ao vidro, refletindo sua personalidade.<\/p>\n<figure style=\"width: 1024px\" class=\"wp-caption aligncenter\"><img decoding=\"async\" src=\"https:\/\/www.aarquiteta.com.br\/blog\/wp-content\/uploads\/2025\/10\/porta-camarao-de-vidro02.jpg\" alt=\"porta-camarao-de-vidro\" width=\"1024\" height=\"1024\" title=\"\"><figcaption class=\"wp-caption-text\">porta-camarao-de-vidro<\/figcaption><\/figure>\n<h3>2. Vidro Temos uma Op\u00e7\u00e3o<\/h3>\n<p>O uso de <b>diversos tipos de vidro<\/b> \u00e9 outro destaque. Vidro transparente, jateado ou canelado garantem versatilidade e funcionalidade, adequando-se ao estilo e \u00e0 privacidade desejada.<\/p>\n<figure style=\"width: 1024px\" class=\"wp-caption aligncenter\"><img decoding=\"async\" src=\"https:\/\/www.aarquiteta.com.br\/blog\/wp-content\/uploads\/2025\/10\/porta-camarao-de-vidro03.jpg\" alt=\"porta-camarao-de-vidro\" width=\"1024\" height=\"1024\" title=\"\"><figcaption class=\"wp-caption-text\">porta-camarao-de-vidro<\/figcaption><\/figure>\n<h3>3. Integra\u00e7\u00e3o com Automa\u00e7\u00e3o<\/h3>\n<p>As portas de camar\u00e3o podem ser integradas a sistemas de <b>automa\u00e7\u00e3o residencial<\/b>, permitindo que voc\u00ea as abra ou feche com um simples comando de voz ou aplicativo. Isso traz um toque futurista \u00e0 decora\u00e7\u00e3o da sua casa!<\/p>\n<h3>4. Materiais Sustent\u00e1veis<\/h3>\n<p>A busca por <b>sustentabilidade<\/b> est\u00e1 em alta. Muitas portas de camar\u00e3o de vidro s\u00e3o fabricadas com materiais sustent\u00e1veis, ajudando a reduzir a pegada ecol\u00f3gica da sua constru\u00e7\u00e3o.<\/p>\n<h3>5. Efeitos de Ilumina\u00e7\u00e3o<\/h3>\n<p>A ilumina\u00e7\u00e3o tamb\u00e9m pode ser um fator decisivo na escolha do vidro. Use <b>vidros com texturas ou camadas<\/b> para criar efeitos de luz incr\u00edveis, valorizando ainda mais o ambiente ao redor.<\/p>\n<h3>6. Acess\u00f3rios Modernos<\/h3>\n<p>Os mecanismos de <b>abertura e fechamento<\/b> tamb\u00e9m evolu\u00edram. Com sistemas mais silenciosos e sofisticados, voc\u00ea obter\u00e1 maior praticidade e conforto no dia a dia.<\/p>\n<h3>7. Flexibilidade de Espa\u00e7o<\/h3>\n<p>Uma porta de camar\u00e3o de vidro ajuda a <b>expandir visualmente<\/b> pequenos ambientes. Com seu sistema de abertura lateral, voc\u00ea maximiza a \u00e1rea \u00fatil, dando a sensa\u00e7\u00e3o de amplitude e arejamento ao espa\u00e7o.<\/p>\n<p><div class=\"youtube-embed\" data-video_id=\"c4r_daPUEqg\"><iframe title=\"PORTA DE VIDRO: 50 INSPIRA\u00c7\u00d5ES DE PORTAS DE VIDRO, SUAS VANTAGENS E DESVANTAGENS!\" width=\"696\" height=\"392\" src=\"https:\/\/www.youtube.com\/embed\/c4r_daPUEqg?feature=oembed&#038;enablejsapi=1\" frameborder=\"0\" allow=\"accelerometer; autoplay; clipboard-write; encrypted-media; gyroscope; picture-in-picture; web-share\" referrerpolicy=\"strict-origin-when-cross-origin\" allowfullscreen><\/iframe><\/div>\n<\/p>\n<table style=\"width:100%;border: 1px solid #ccc;margin-top: 20px\">\n<tr>\n<th style=\"border: 1px solid #ccc;padding: 10px\">Inova\u00e7\u00e3o<\/th>\n<th style=\"border: 1px solid #ccc;padding: 10px\">Descri\u00e7\u00e3o<\/th>\n<\/tr>\n<tr>\n<td style=\"border: 1px solid #ccc;padding: 10px\">Design Personalizado<\/td>\n<td style=\"border: 1px solid #ccc;padding: 10px\">Cria\u00e7\u00e3o de portas \u00fanicas com varia\u00e7\u00f5es em cores e padr\u00f5es.<\/td>\n<\/tr>\n<tr>\n<td style=\"border: 1px solid #ccc;padding: 10px\">Tipos de Vidro<\/td>\n<td style=\"border: 1px solid #ccc;padding: 10px\">Op\u00e7\u00f5es como vidro transparente, jateado e canelado.<\/td>\n<\/tr>\n<tr>\n<td style=\"border: 1px solid #ccc;padding: 10px\">Automa\u00e7\u00e3o Residencial<\/td>\n<td style=\"border: 1px solid #ccc;padding: 10px\">Controle por voz ou app para maior praticidade.<\/td>\n<\/tr>\n<tr>\n<td style=\"border: 1px solid #ccc;padding: 10px\">Materiais Sustent\u00e1veis<\/td>\n<td style=\"border: 1px solid #ccc;padding: 10px\">Fabrica\u00e7\u00e3o com foco na sustentabilidade.<\/td>\n<\/tr>\n<tr>\n<td style=\"border: 1px solid #ccc;padding: 10px\">Efeitos de Ilumina\u00e7\u00e3o<\/td>\n<td style=\"border: 1px solid #ccc;padding: 10px\">Vidros com texturas que criam efeitos de luz.<\/td>\n<\/tr>\n<tr>\n<td style=\"border: 1px solid #ccc;padding: 10px\">Acess\u00f3rios Modernos<\/td>\n<td style=\"border: 1px solid #ccc;padding: 10px\">Mecanismos silenciosos e sofisticados.<\/td>\n<\/tr>\n<tr>\n<td style=\"border: 1px solid #ccc;padding: 10px\">Flexibilidade de Espa\u00e7o<\/td>\n<td style=\"border: 1px solid #ccc;padding: 10px\">Sensa\u00e7\u00e3o de amplitude em ambientes pequenos.<\/td>\n<\/tr>\n<\/table>\n<p><b>Transforme seu espa\u00e7o<\/b> com essas inova\u00e7\u00f5es em portas de camar\u00e3o de vidro e surpreenda-se com o resultado! Estou ansioso para saber sobre sua experi\u00eancia. Que tal me contar nos coment\u00e1rios suas prefer\u00eancias ou ideias? Vamos trocar dicas!<\/p>\n","protected":false},"excerpt":{"rendered":"<p>7 Inova\u00e7\u00f5es em Portas de Camar\u00e3o de Vidro que Transformam seu Espa\u00e7o<\/p>\n","protected":false},"author":102,"featured_media":154713,"comment_status":"open","ping_status":"","sticky":false,"template":"","format":"standard","meta":{"footnotes":""},"categories":[249,1484],"tags":[],"class_list":["post-154716","post","type-post","status-publish","format-standard","has-post-thumbnail","category-engenharia-e-construcao-civil","category-decoracao"],"_wp_attached_file":null,"_wp_attachment_metadata":null,"_wp_attachment_context":null,"_wp_attachment_is_custom_header":null,"geo_longitude":null,"geo_public":null,"geo_latitude":null,"_publicize_done_external":null,"_wpas_done_3897181":null,"publicize_twitter_user":null,"_wpas_done_3897175":null,"_wpas_skip_3897181":null,"_wpas_skip_3897175":null,"_wpas_skip_3924723":null,"_wpas_mess":null,"_wpas_done_3924723":null,"wps_subtitle":"","_links":{"self":[{"href":"https:\/\/www.aarquiteta.com.br\/blog\/wp-json\/wp\/v2\/posts\/154716","targetHints":{"allow":["GET"]}}],"collection":[{"href":"https:\/\/www.aarquiteta.com.br\/blog\/wp-json\/wp\/v2\/posts"}],"about":[{"href":"https:\/\/www.aarquiteta.com.br\/blog\/wp-json\/wp\/v2\/types\/post"}],"author":[{"embeddable":true,"href":"https:\/\/www.aarquiteta.com.br\/blog\/wp-json\/wp\/v2\/users\/102"}],"replies":[{"embeddable":true,"href":"https:\/\/www.aarquiteta.com.br\/blog\/wp-json\/wp\/v2\/comments?post=154716"}],"version-history":[{"count":0,"href":"https:\/\/www.aarquiteta.com.br\/blog\/wp-json\/wp\/v2\/posts\/154716\/revisions"}],"wp:featuredmedia":[{"embeddable":true,"href":"https:\/\/www.aarquiteta.com.br\/blog\/wp-json\/wp\/v2\/media\/154713"}],"wp:attachment":[{"href":"https:\/\/www.aarquiteta.com.br\/blog\/wp-json\/wp\/v2\/media?parent=154716"}],"wp:term":[{"taxonomy":"category","embeddable":true,"href":"https:\/\/www.aarquiteta.com.br\/blog\/wp-json\/wp\/v2\/categories?post=154716"},{"taxonomy":"post_tag","embeddable":true,"href":"https:\/\/www.aarquiteta.com.br\/blog\/wp-json\/wp\/v2\/tags?post=154716"}],"curies":[{"name":"wp","href":"https:\/\/api.w.org\/{rel}","templated":true}]}}