{"id":154702,"date":"2025-10-23T17:31:24","date_gmt":"2025-10-23T20:31:24","guid":{"rendered":"https:\/\/www.aarquiteta.com.br\/blog\/janelas-de-madeira-2\/"},"modified":"2025-10-23T17:31:24","modified_gmt":"2025-10-23T20:31:24","slug":"janelas-de-madeira-2","status":"publish","type":"post","link":"https:\/\/www.aarquiteta.com.br\/blog\/janelas-de-madeira-2\/","title":{"rendered":"As 10 Melhores Inspira\u00e7\u00f5es para Janelas de Madeira"},"content":{"rendered":"<p>Voc\u00ea j\u00e1 pensou em como as <b>janelas de madeira<\/b> podem transformar um ambiente? Elas n\u00e3o apenas embelezam o espa\u00e7o, mas tamb\u00e9m oferecem durabilidade e funcionalidade.<\/p>\n<figure style=\"width: 1024px\" class=\"wp-caption aligncenter\"><img decoding=\"async\" src=\"https:\/\/www.aarquiteta.com.br\/blog\/wp-content\/uploads\/2025\/10\/janelas-de-madeira01.jpg\" alt=\"janelas-de-madeira\" width=\"1024\" height=\"1024\" title=\"\"><figcaption class=\"wp-caption-text\">janelas-de-madeira<\/figcaption><\/figure>\n<p>No post de hoje, reuni as <b>10 melhores inspira\u00e7\u00f5es para janelas de madeira<\/b>. Vamos explorar modelos que se encaixam em diferentes estilos de decora\u00e7\u00e3o, destacando suas vantagens e como podem real\u00e7ar a beleza da sua casa.<\/p>\n<figure style=\"width: 1024px\" class=\"wp-caption aligncenter\"><img decoding=\"async\" src=\"https:\/\/www.aarquiteta.com.br\/blog\/wp-content\/uploads\/2025\/10\/janelas-de-madeira02.jpg\" alt=\"janelas-de-madeira\" width=\"1024\" height=\"1024\" title=\"\"><figcaption class=\"wp-caption-text\">janelas-de-madeira<\/figcaption><\/figure>\n<p>Se voc\u00ea est\u00e1 em busca de ideias para inovar em sua decora\u00e7\u00e3o, as janelas de madeira s\u00e3o uma excelente op\u00e7\u00e3o. Confira!<\/p>\n<figure style=\"width: 1024px\" class=\"wp-caption aligncenter\"><img decoding=\"async\" src=\"https:\/\/www.aarquiteta.com.br\/blog\/wp-content\/uploads\/2025\/10\/janelas-de-madeira03.jpg\" alt=\"janelas-de-madeira\" width=\"1024\" height=\"1024\" title=\"\"><figcaption class=\"wp-caption-text\">janelas-de-madeira<\/figcaption><\/figure>\n<h3>1. Janelas de Madeira na Sala<\/h3>\n<p>As janelas de madeira <b>transformam a sala<\/b> em um ambiente acolhedor e sofisticado. Modelos como o de abrir, ou o estilo guilhotina, s\u00e3o escolhas que esbanjam charme.<\/p>\n<h3>2. Charme no Quarto<\/h3>\n<p>Para o quarto, uma janela de madeira pode deixar o espa\u00e7o ainda mais <b>aconchegante<\/b>. As venezianas s\u00e3o ideais para garantir privacidade e controlar a entrada de luz.<\/p>\n<h3>3. Cozinha Iluminada<\/h3>\n<p>No ambiente da cozinha, as janelas de madeira s\u00e3o funcionais e <b>pr\u00e1ticas<\/b>. O modelo maxim-ar \u00e9 perfeito para deixar o espa\u00e7o arejado e luminado.<\/p>\n<h3>4. Banheiro Aconchegante<\/h3>\n<p>Quem disse que janelas no banheiro n\u00e3o podem ser bonitas? As de madeira <b>adicionam eleg\u00e2ncia<\/b> e garantem uma boa ventila\u00e7\u00e3o, tornando o espa\u00e7o mais delicado.<\/p>\n<h3>5. Janela Camar\u00e3o para Ventila\u00e7\u00e3o<\/h3>\n<p>Esse modelo \u00e9 \u00f3timo para quem busca <b>priorizar a ventila\u00e7\u00e3o<\/b> em espa\u00e7os menores. O tipo camar\u00e3o permite que voc\u00ea abra a janela sem ocupa muito espa\u00e7o.<\/p>\n<p><div class=\"youtube-embed\" data-video_id=\"rqKFovb9zJk\"><iframe title=\"Todos deveriam ver essa incr\u00edvel transforma\u00e7\u00e3o. Restaura\u00e7\u00e3o em janela de madeira. #reforma #verniz\" width=\"696\" height=\"392\" src=\"https:\/\/www.youtube.com\/embed\/rqKFovb9zJk?feature=oembed&#038;enablejsapi=1\" frameborder=\"0\" allow=\"accelerometer; autoplay; clipboard-write; encrypted-media; gyroscope; picture-in-picture; web-share\" referrerpolicy=\"strict-origin-when-cross-origin\" allowfullscreen><\/iframe><\/div>\n<\/p>\n<h3>6. Estilo Vintage<\/h3>\n<p>As janelas com um toque vintage contam hist\u00f3rias e <b>trazem personalidade<\/b> ao ambiente. S\u00e3o perfeitas para casas de campo ou de estilo retr\u00f4.<\/p>\n<h3>7. Janelas em L para Modernidade<\/h3>\n<p>Experimentar com formatos diferentes, como as janelas em L, pode resultar em ambientes inovadores e <b>interessantes<\/b>.<\/p>\n<h3>8. Madeira com Vidro<\/h3>\n<p>A combina\u00e7\u00e3o de madeira e vidro \u00e9 <b>elegante<\/b> e se adapta a diversos estilos, desde o r\u00fastico at\u00e9 o moderno.<\/p>\n<h3>9. Molduras Diferenciadas<\/h3>\n<p>As molduras de janelas de madeira podem ser um verdadeiro <b>diferencial<\/b>. Uma boa moldura valoriza ainda mais o trabalho artesanal.<\/p>\n<h3>10. Varia\u00e7\u00f5es nos Tamanhos<\/h3>\n<p>Aproveitar diferentes tamanhos de janelas \u00e9 uma maneira de trazer <b>originalidade<\/b> ao seu espa\u00e7o. Pense fora da caixa e crie algo \u00fanico!<\/p>\n<table>\n<tr>\n<th>Ambiente<\/th>\n<th>Modelo de Janela<\/th>\n<th>Vantagens<\/th>\n<\/tr>\n<tr>\n<td>Sala<\/td>\n<td>Guilhotina<\/td>\n<td>Aconchegante e estilosa<\/td>\n<\/tr>\n<tr>\n<td>Quarto<\/td>\n<td>Veneziana<\/td>\n<td>Privacidade e controle de luz<\/td>\n<\/tr>\n<tr>\n<td>Cozinha<\/td>\n<td>Maxim-ar<\/td>\n<td>Ventila\u00e7\u00e3o e ilumina\u00e7\u00e3o<\/td>\n<\/tr>\n<tr>\n<td>Banheiro<\/td>\n<td>Pequeno modelo<\/td>\n<td>Eleg\u00e2ncia e resist\u00eancia<\/td>\n<\/tr>\n<\/table>\n<p>As <b>janelas de madeira<\/b> podem ser a pe\u00e7a chave para transformar qualquer ambiente da sua casa. Estou aqui para te ajudar a escolher a melhor op\u00e7\u00e3o!<\/p>\n<p>Gostou das inspira\u00e7\u00f5es? Deixe seu coment\u00e1rio e compartilhe suas ideias com a gente. Afinal, cada janela pode contar uma nova hist\u00f3ria!<\/p>\n","protected":false},"excerpt":{"rendered":"<p>As 10 Melhores Inspira\u00e7\u00f5es para Janelas de Madeira<\/p>\n","protected":false},"author":102,"featured_media":154699,"comment_status":"open","ping_status":"","sticky":false,"template":"","format":"standard","meta":{"footnotes":""},"categories":[249,1484],"tags":[],"class_list":["post-154702","post","type-post","status-publish","format-standard","has-post-thumbnail","category-engenharia-e-construcao-civil","category-decoracao"],"_wp_attached_file":null,"_wp_attachment_metadata":null,"_wp_attachment_context":null,"_wp_attachment_is_custom_header":null,"geo_longitude":null,"geo_public":null,"geo_latitude":null,"_publicize_done_external":null,"_wpas_done_3897181":null,"publicize_twitter_user":null,"_wpas_done_3897175":null,"_wpas_skip_3897181":null,"_wpas_skip_3897175":null,"_wpas_skip_3924723":null,"_wpas_mess":null,"_wpas_done_3924723":null,"wps_subtitle":"","_links":{"self":[{"href":"https:\/\/www.aarquiteta.com.br\/blog\/wp-json\/wp\/v2\/posts\/154702","targetHints":{"allow":["GET"]}}],"collection":[{"href":"https:\/\/www.aarquiteta.com.br\/blog\/wp-json\/wp\/v2\/posts"}],"about":[{"href":"https:\/\/www.aarquiteta.com.br\/blog\/wp-json\/wp\/v2\/types\/post"}],"author":[{"embeddable":true,"href":"https:\/\/www.aarquiteta.com.br\/blog\/wp-json\/wp\/v2\/users\/102"}],"replies":[{"embeddable":true,"href":"https:\/\/www.aarquiteta.com.br\/blog\/wp-json\/wp\/v2\/comments?post=154702"}],"version-history":[{"count":0,"href":"https:\/\/www.aarquiteta.com.br\/blog\/wp-json\/wp\/v2\/posts\/154702\/revisions"}],"wp:featuredmedia":[{"embeddable":true,"href":"https:\/\/www.aarquiteta.com.br\/blog\/wp-json\/wp\/v2\/media\/154699"}],"wp:attachment":[{"href":"https:\/\/www.aarquiteta.com.br\/blog\/wp-json\/wp\/v2\/media?parent=154702"}],"wp:term":[{"taxonomy":"category","embeddable":true,"href":"https:\/\/www.aarquiteta.com.br\/blog\/wp-json\/wp\/v2\/categories?post=154702"},{"taxonomy":"post_tag","embeddable":true,"href":"https:\/\/www.aarquiteta.com.br\/blog\/wp-json\/wp\/v2\/tags?post=154702"}],"curies":[{"name":"wp","href":"https:\/\/api.w.org\/{rel}","templated":true}]}}