{"id":154674,"date":"2025-10-21T17:31:29","date_gmt":"2025-10-21T20:31:29","guid":{"rendered":"https:\/\/www.aarquiteta.com.br\/blog\/parede-de-pedra-3\/"},"modified":"2025-10-21T17:31:29","modified_gmt":"2025-10-21T20:31:29","slug":"parede-de-pedra-3","status":"publish","type":"post","link":"https:\/\/www.aarquiteta.com.br\/blog\/parede-de-pedra-3\/","title":{"rendered":"5 Tend\u00eancias"},"content":{"rendered":"<p>Quer transformar sua decora\u00e7\u00e3o? Conhe\u00e7a as <b>5 tend\u00eancias de parede de pedra<\/b> que podem dar um toque especial para a sua casa!<\/p>\n<figure style=\"width: 1024px\" class=\"wp-caption aligncenter\"><img decoding=\"async\" src=\"https:\/\/www.aarquiteta.com.br\/blog\/wp-content\/uploads\/2025\/10\/parede-de-pedra01.jpg\" alt=\"parede-de-pedra\" width=\"1024\" height=\"1024\" title=\"\"><figcaption class=\"wp-caption-text\">parede-de-pedra<\/figcaption><\/figure>\n<h2>5 Tend\u00eancias em paredes de pedra que voc\u00ea precisa conhecer<\/h2>\n<p>A <b>parede de pedra<\/b> est\u00e1 se tornando cada vez mais popular na decora\u00e7\u00e3o. Ela traz um ar r\u00fastico e moderno ao mesmo tempo. Vamos conferir as principais tend\u00eancias que est\u00e3o fazendo sucesso agora?<\/p>\n<figure style=\"width: 1024px\" class=\"wp-caption aligncenter\"><img decoding=\"async\" src=\"https:\/\/www.aarquiteta.com.br\/blog\/wp-content\/uploads\/2025\/10\/parede-de-pedra02.jpg\" alt=\"parede-de-pedra\" width=\"1024\" height=\"1024\" title=\"\"><figcaption class=\"wp-caption-text\">parede-de-pedra<\/figcaption><\/figure>\n<h3>1. O estilo r\u00fastico \u00e9 imbat\u00edvel<\/h3>\n<p>Quem n\u00e3o ama o charme do <b>r\u00fastico<\/b>? As paredes de pedra natural, com texturas e cores variadas, trazem um aconchego inigual\u00e1vel aos ambientes. \u00c9 perfeito para salas e varandas.<\/p>\n<figure style=\"width: 1024px\" class=\"wp-caption aligncenter\"><img decoding=\"async\" src=\"https:\/\/www.aarquiteta.com.br\/blog\/wp-content\/uploads\/2025\/10\/parede-de-pedra03.jpg\" alt=\"parede-de-pedra\" width=\"1024\" height=\"1024\" title=\"\"><figcaption class=\"wp-caption-text\">parede-de-pedra<\/figcaption><\/figure>\n<h3>2. Eleg\u00e2ncia com pedras escuras<\/h3>\n<p>As pedras pretas e cinzas s\u00e3o \u00f3timas para quem busca um efeito <b>elegante e sofisticado<\/b>. Elas combinam bem com m\u00f3veis claros e criam um lindo contraste!<\/p>\n<h3>3. Pedras brancas para leveza<\/h3>\n<p>Se voc\u00ea deseja um toque mais <b>clean e iluminado<\/b>, as pedras brancas s\u00e3o a escolha certa. Elas garantem um ambiente mais arejado e ajudam na ilumina\u00e7\u00e3o natural.<\/p>\n<h3>4. Mosaicos: uma arte na parede<\/h3>\n<p>Os <b>mosaicos de pedras<\/b> est\u00e3o em alta! Revestir uma parede com diferentes formatos e cores gera um efeito visual incr\u00edvel e descontra\u00eddo, perfeito para ambientes jovens e criativos.<\/p>\n<h3>5. Integra\u00e7\u00e3o com o verde<\/h3>\n<p>Tornar o espa\u00e7o ainda mais convidativo \u00e9 f\u00e1cil com <b>paisagismos e plantas<\/b> ao redor da parede de pedra. Isso faz com que o ambiente fique harmonioso e conectado \u00e0 natureza.<\/p>\n<h2>Tabela Resumo das Tend\u00eancias<\/h2>\n<table>\n<tr>\n<th>Tend\u00eancia<\/th>\n<th>Descri\u00e7\u00e3o<\/th>\n<th>Ambientes Ideais<\/th>\n<\/tr>\n<tr>\n<td>Estilo R\u00fastico<\/td>\n<td>Paredes de pedra natural com texturas.<\/td>\n<td>Salas, varandas.<\/td>\n<\/tr>\n<tr>\n<td>Pedras Escuras<\/td>\n<td>Efeito elegante e sofisticado.<\/td>\n<td>Salas de estar, escrit\u00f3rios.<\/td>\n<\/tr>\n<tr>\n<td>Pedras Brancas<\/td>\n<td>Traz leveza e claridade.<\/td>\n<td>Cozinhas, banheiros.<\/td>\n<\/tr>\n<tr>\n<td>Mosaicos<\/td>\n<td>Diferentes formatos e cores para um visual divertido.<\/td>\n<td>Salas de jogos, espa\u00e7os jovens.<\/td>\n<\/tr>\n<tr>\n<td>Integra\u00e7\u00e3o com Verde<\/td>\n<td>Harmoniza\u00e7\u00e3o com plantas.<\/td>\n<td>Jardins, varandas.<\/td>\n<\/tr>\n<\/table>\n<p>Essas <b>tend\u00eancias em paredes de pedra<\/b> mostram como voc\u00ea pode inovar na sua decora\u00e7\u00e3o de forma acess\u00edvel e pr\u00e1tica. Que tal dar uma olhada nas refer\u00eancias que voc\u00ea mais gostou? Salve suas inspira\u00e7\u00f5es e compartilhe suas ideias aqui!<\/p>\n<p><div class=\"youtube-embed\" data-video_id=\"7VMhtscu1VM\"><iframe title=\"Revestimento efeito pedra leve para \u00e1rea molhada e fachada, placas 1,20 cm x 0,60 cm\" width=\"696\" height=\"392\" src=\"https:\/\/www.youtube.com\/embed\/7VMhtscu1VM?feature=oembed&#038;enablejsapi=1\" frameborder=\"0\" allow=\"accelerometer; autoplay; clipboard-write; encrypted-media; gyroscope; picture-in-picture; web-share\" referrerpolicy=\"strict-origin-when-cross-origin\" allowfullscreen><\/iframe><\/div>\n<\/p>\n<p>Vamos explorar juntos mais sobre decora\u00e7\u00e3o e deixar sua casa ainda mais linda!<\/p>\n","protected":false},"excerpt":{"rendered":"<p>5 Tend\u00eancias<\/p>\n","protected":false},"author":102,"featured_media":154671,"comment_status":"open","ping_status":"","sticky":false,"template":"","format":"standard","meta":{"footnotes":""},"categories":[249,1484],"tags":[],"class_list":["post-154674","post","type-post","status-publish","format-standard","has-post-thumbnail","category-engenharia-e-construcao-civil","category-decoracao"],"_wp_attached_file":null,"_wp_attachment_metadata":null,"_wp_attachment_context":null,"_wp_attachment_is_custom_header":null,"geo_longitude":null,"geo_public":null,"geo_latitude":null,"_publicize_done_external":null,"_wpas_done_3897181":null,"publicize_twitter_user":null,"_wpas_done_3897175":null,"_wpas_skip_3897181":null,"_wpas_skip_3897175":null,"_wpas_skip_3924723":null,"_wpas_mess":null,"_wpas_done_3924723":null,"wps_subtitle":"","_links":{"self":[{"href":"https:\/\/www.aarquiteta.com.br\/blog\/wp-json\/wp\/v2\/posts\/154674","targetHints":{"allow":["GET"]}}],"collection":[{"href":"https:\/\/www.aarquiteta.com.br\/blog\/wp-json\/wp\/v2\/posts"}],"about":[{"href":"https:\/\/www.aarquiteta.com.br\/blog\/wp-json\/wp\/v2\/types\/post"}],"author":[{"embeddable":true,"href":"https:\/\/www.aarquiteta.com.br\/blog\/wp-json\/wp\/v2\/users\/102"}],"replies":[{"embeddable":true,"href":"https:\/\/www.aarquiteta.com.br\/blog\/wp-json\/wp\/v2\/comments?post=154674"}],"version-history":[{"count":0,"href":"https:\/\/www.aarquiteta.com.br\/blog\/wp-json\/wp\/v2\/posts\/154674\/revisions"}],"wp:featuredmedia":[{"embeddable":true,"href":"https:\/\/www.aarquiteta.com.br\/blog\/wp-json\/wp\/v2\/media\/154671"}],"wp:attachment":[{"href":"https:\/\/www.aarquiteta.com.br\/blog\/wp-json\/wp\/v2\/media?parent=154674"}],"wp:term":[{"taxonomy":"category","embeddable":true,"href":"https:\/\/www.aarquiteta.com.br\/blog\/wp-json\/wp\/v2\/categories?post=154674"},{"taxonomy":"post_tag","embeddable":true,"href":"https:\/\/www.aarquiteta.com.br\/blog\/wp-json\/wp\/v2\/tags?post=154674"}],"curies":[{"name":"wp","href":"https:\/\/api.w.org\/{rel}","templated":true}]}}