{"id":154655,"date":"2025-10-20T07:31:31","date_gmt":"2025-10-20T10:31:31","guid":{"rendered":"https:\/\/www.aarquiteta.com.br\/blog\/sala-de-estar-integrada-com-cozinha-para-apartamentos-pequenos\/"},"modified":"2025-10-20T07:31:31","modified_gmt":"2025-10-20T10:31:31","slug":"sala-de-estar-integrada-com-cozinha-para-apartamentos-pequenos","status":"publish","type":"post","link":"https:\/\/www.aarquiteta.com.br\/blog\/sala-de-estar-integrada-com-cozinha-para-apartamentos-pequenos\/","title":{"rendered":"5 Tend\u00eancias para uma Sala de Estar Integrada com Cozinha em Apartamentos Pequenos"},"content":{"rendered":"<p>Voc\u00ea sabia que a integra\u00e7\u00e3o entre a sala de estar e a cozinha \u00e9 uma tend\u00eancia que transforma ambientes pequenos? Essa proposta, al\u00e9m de moderna, faz maravilhas para otimizar espa\u00e7o e promover a conviv\u00eancia.<\/p>\n<figure style=\"width: 1024px\" class=\"wp-caption aligncenter\"><img decoding=\"async\" src=\"https:\/\/www.aarquiteta.com.br\/blog\/wp-content\/uploads\/2025\/10\/sala-de-estar-integrada-com-cozinha-para-apartamentos-pequenos01.jpg\" alt=\"sala-de-estar-integrada-com-cozinha-para-apartamentos-pequenos\" width=\"1024\" height=\"1024\" title=\"\"><figcaption class=\"wp-caption-text\">sala-de-estar-integrada-com-cozinha-para-apartamentos-pequenos<\/figcaption><\/figure>\n<p>No artigo de hoje, vou compartilhar <b>5 tend\u00eancias que v\u00e3o fazer sua sala de estar integrada com cozinha brilhar<\/b>. Essas dicas s\u00e3o ideais para quem tem apartamentos pequenos e quer fazer diferente, com estilo e funcionalidade. Vamos l\u00e1?<\/p>\n<figure style=\"width: 1024px\" class=\"wp-caption aligncenter\"><img decoding=\"async\" src=\"https:\/\/www.aarquiteta.com.br\/blog\/wp-content\/uploads\/2025\/10\/sala-de-estar-integrada-com-cozinha-para-apartamentos-pequenos02.jpg\" alt=\"sala-de-estar-integrada-com-cozinha-para-apartamentos-pequenos\" width=\"1024\" height=\"1024\" title=\"\"><figcaption class=\"wp-caption-text\">sala-de-estar-integrada-com-cozinha-para-apartamentos-pequenos<\/figcaption><\/figure>\n<h3>1. Cozinha com Ilha: Praticidade e Estilo<\/h3>\n<p>Aposte em uma <b>cozinha com ilha<\/b>. Esse m\u00f3vel funciona como um centro de atividades, podendo abrigar eletrodom\u00e9sticos e ainda servir como mesa para refei\u00e7\u00f5es r\u00e1pidas. Isso traz uma <b>organiza\u00e7\u00e3o incr\u00edvel<\/b> e delimita os espa\u00e7os sem necessidade de paredes.<\/p>\n<figure style=\"width: 1024px\" class=\"wp-caption aligncenter\"><img decoding=\"async\" src=\"https:\/\/www.aarquiteta.com.br\/blog\/wp-content\/uploads\/2025\/10\/sala-de-estar-integrada-com-cozinha-para-apartamentos-pequenos03.jpg\" alt=\"sala-de-estar-integrada-com-cozinha-para-apartamentos-pequenos\" width=\"1024\" height=\"1024\" title=\"\"><figcaption class=\"wp-caption-text\">sala-de-estar-integrada-com-cozinha-para-apartamentos-pequenos<\/figcaption><\/figure>\n<h3>2. Cozinha Americana: Versatilidade<\/h3>\n<p>A <b>cozinha americana<\/b> \u00e9 o sonho de muitos. Com balc\u00f5es e arm\u00e1rios planejados, ela integra os ambientes com muito charme. N\u00e3o esque\u00e7a de colocar <b>banquetas<\/b> para os momentos em que os amigos venham visitar!<\/p>\n<h3>3. Meia Parede: Charmosa e Funcional<\/h3>\n<p>Se voc\u00ea busca uma solu\u00e7\u00e3o mais econ\u00f4mica, a <b>meia parede<\/b> \u00e9 perfeita. Ela garante um espa\u00e7o de conviv\u00eancia e permite o aproveitamento da luz natural. \u00c9 um lugar incr\u00edvel para <b>disfrutar de um drink<\/b> enquanto conversa com quem est\u00e1 cozinhando.<\/p>\n<h3>4. Portas Deslizantes: Flexibilidade<\/h3>\n<p>As <b>portas deslizantes<\/b> s\u00e3o uma \u00f3tima op\u00e7\u00e3o para separar os ambientes quando necess\u00e1rio. Portas de vidro garantem luz e visualiza\u00e7\u00e3o, enquanto as de PVC oferecem mais privacidade. O que escolher depende do seu estilo!<\/p>\n<h3>5. M\u00f3veis como Divisores: Determina Espa\u00e7os<\/h3>\n<p>N\u00e3o quer gastar com portas? Use <b>m\u00f3veis<\/b> para separar a sala e a cozinha. Um arm\u00e1rio de meia altura ou um joli tapete j\u00e1 s\u00e3o suficientes para dar uma <b>organiza\u00e7\u00e3o visual<\/b> aos ambientes sem perder a amplitude.<\/p>\n<table>\n<tr>\n<th>Tend\u00eancias<\/th>\n<th>Caracter\u00edsticas<\/th>\n<\/tr>\n<tr>\n<td>Cozinha com Ilha<\/td>\n<td>Praticidade, espa\u00e7o para refei\u00e7\u00f5es e organiza\u00e7\u00e3o.<\/td>\n<\/tr>\n<tr>\n<td>Cozinha Americana<\/td>\n<td>Integra\u00e7\u00e3o, charme e versatilidade.<\/td>\n<\/tr>\n<tr>\n<td>Meia Parede<\/td>\n<td>Charmosa, funcional e aproveita a luz.<\/td>\n<\/tr>\n<tr>\n<td>Portas Deslizantes<\/td>\n<td>Flexibilidade de separa\u00e7\u00e3o e aproveitamento de luz.<\/td>\n<\/tr>\n<tr>\n<td>M\u00f3veis como Divisores<\/td>\n<td>Organiza\u00e7\u00e3o visual sem perda de espa\u00e7o.<\/td>\n<\/tr>\n<\/table>\n<p>Agora que voc\u00ea conhece as <b>tend\u00eancias para integrar sua sala de estar e cozinha<\/b>, que tal compartilhar suas ideias ou tirar d\u00favidas? Adoraria saber como voc\u00ea est\u00e1 transformando seu espa\u00e7o!<\/p>\n<p><div class=\"youtube-embed\" data-video_id=\"KbzoOR_Jjcg\"><iframe title=\"INSPIRA\u00c7\u00c3O SALA DE ESTAR\/JANTAR INTEGRADA #decora\u00e7\u00e3o #trends #home #arquitetura #design #trends\" width=\"696\" height=\"392\" src=\"https:\/\/www.youtube.com\/embed\/KbzoOR_Jjcg?feature=oembed&#038;enablejsapi=1\" frameborder=\"0\" allow=\"accelerometer; autoplay; clipboard-write; encrypted-media; gyroscope; picture-in-picture; web-share\" referrerpolicy=\"strict-origin-when-cross-origin\" allowfullscreen><\/iframe><\/div>\n<\/p>\n<p>Fa\u00e7a do seu apartamento pequeno um lugar incr\u00edvel para viver. Continue navegando e confira mais dicas sobre decora\u00e7\u00e3o e integra\u00e7\u00e3o de espa\u00e7os.<\/p>\n","protected":false},"excerpt":{"rendered":"<p>5 Tend\u00eancias para uma Sala de Estar Integrada com Cozinha em Apartamentos Pequenos<\/p>\n","protected":false},"author":102,"featured_media":154652,"comment_status":"open","ping_status":"","sticky":false,"template":"","format":"standard","meta":{"footnotes":""},"categories":[1484],"tags":[],"class_list":["post-154655","post","type-post","status-publish","format-standard","has-post-thumbnail","category-decoracao"],"_wp_attached_file":null,"_wp_attachment_metadata":null,"_wp_attachment_context":null,"_wp_attachment_is_custom_header":null,"geo_longitude":null,"geo_public":null,"geo_latitude":null,"_publicize_done_external":null,"_wpas_done_3897181":null,"publicize_twitter_user":null,"_wpas_done_3897175":null,"_wpas_skip_3897181":null,"_wpas_skip_3897175":null,"_wpas_skip_3924723":null,"_wpas_mess":null,"_wpas_done_3924723":null,"wps_subtitle":"","_links":{"self":[{"href":"https:\/\/www.aarquiteta.com.br\/blog\/wp-json\/wp\/v2\/posts\/154655","targetHints":{"allow":["GET"]}}],"collection":[{"href":"https:\/\/www.aarquiteta.com.br\/blog\/wp-json\/wp\/v2\/posts"}],"about":[{"href":"https:\/\/www.aarquiteta.com.br\/blog\/wp-json\/wp\/v2\/types\/post"}],"author":[{"embeddable":true,"href":"https:\/\/www.aarquiteta.com.br\/blog\/wp-json\/wp\/v2\/users\/102"}],"replies":[{"embeddable":true,"href":"https:\/\/www.aarquiteta.com.br\/blog\/wp-json\/wp\/v2\/comments?post=154655"}],"version-history":[{"count":0,"href":"https:\/\/www.aarquiteta.com.br\/blog\/wp-json\/wp\/v2\/posts\/154655\/revisions"}],"wp:featuredmedia":[{"embeddable":true,"href":"https:\/\/www.aarquiteta.com.br\/blog\/wp-json\/wp\/v2\/media\/154652"}],"wp:attachment":[{"href":"https:\/\/www.aarquiteta.com.br\/blog\/wp-json\/wp\/v2\/media?parent=154655"}],"wp:term":[{"taxonomy":"category","embeddable":true,"href":"https:\/\/www.aarquiteta.com.br\/blog\/wp-json\/wp\/v2\/categories?post=154655"},{"taxonomy":"post_tag","embeddable":true,"href":"https:\/\/www.aarquiteta.com.br\/blog\/wp-json\/wp\/v2\/tags?post=154655"}],"curies":[{"name":"wp","href":"https:\/\/api.w.org\/{rel}","templated":true}]}}