{"id":154640,"date":"2025-10-19T07:31:27","date_gmt":"2025-10-19T10:31:27","guid":{"rendered":"https:\/\/www.aarquiteta.com.br\/blog\/embaixo-da-escada-8-ideias-incriveis-para-aproveitar-esse-espaco-2\/"},"modified":"2025-10-19T07:31:27","modified_gmt":"2025-10-19T10:31:27","slug":"embaixo-da-escada-8-ideias-incriveis-para-aproveitar-esse-espaco-2","status":"publish","type":"post","link":"https:\/\/www.aarquiteta.com.br\/blog\/embaixo-da-escada-8-ideias-incriveis-para-aproveitar-esse-espaco-2\/","title":{"rendered":"10 Ideias Criativas Para Aproveitar o Espa\u00e7o embaixo da Escada"},"content":{"rendered":"<p>Voc\u00ea j\u00e1 pensou em como aquele espa\u00e7o esquecido embaixo da escada pode ser <b>incrivelmente \u00fatil<\/b>? Muitas vezes, ele passa despercebido, mas, com um pouco de <b>criatividade<\/b>, podemos transform\u00e1-lo em algo incr\u00edvel!<\/p>\n<figure style=\"width: 1024px\" class=\"wp-caption aligncenter\"><img decoding=\"async\" src=\"https:\/\/www.aarquiteta.com.br\/blog\/wp-content\/uploads\/2025\/10\/embaixo-da-escada-8-ideias-incriveis-para-aproveitar-esse-espaco01.jpg\" alt=\"embaixo-da-escada-8-ideias-incriveis-para-aproveitar-esse-espaco\" width=\"1024\" height=\"1024\" title=\"\"><figcaption class=\"wp-caption-text\">embaixo-da-escada-8-ideias-incriveis-para-aproveitar-esse-espaco<\/figcaption><\/figure>\n<p>Neste artigo, vou compartilhar <b>10 ideias criativas<\/b> que v\u00e3o te inspirar a aproveitar esse cantinho da sua casa. S\u00e3o op\u00e7\u00f5es que podem combinar com o seu estilo e trazer mais <b>funcionalidade<\/b> e charme ao ambiente. Vamos l\u00e1?<\/p>\n<figure style=\"width: 1024px\" class=\"wp-caption aligncenter\"><img decoding=\"async\" src=\"https:\/\/www.aarquiteta.com.br\/blog\/wp-content\/uploads\/2025\/10\/embaixo-da-escada-8-ideias-incriveis-para-aproveitar-esse-espaco02.jpg\" alt=\"embaixo-da-escada-8-ideias-incriveis-para-aproveitar-esse-espaco\" width=\"1024\" height=\"1024\" title=\"\"><figcaption class=\"wp-caption-text\">embaixo-da-escada-8-ideias-incriveis-para-aproveitar-esse-espaco<\/figcaption><\/figure>\n<h3>1. Monte um Jardim Vertical<\/h3>\n<p>Que tal usar o espa\u00e7o para <b>cultivar um jardim vertical<\/b>? Com o uso de prateleiras e vasos, voc\u00ea pode ter um pequeno o\u00e1sis dentro de casa.<\/p>\n<figure style=\"width: 1024px\" class=\"wp-caption aligncenter\"><img decoding=\"async\" src=\"https:\/\/www.aarquiteta.com.br\/blog\/wp-content\/uploads\/2025\/10\/embaixo-da-escada-8-ideias-incriveis-para-aproveitar-esse-espaco03.jpg\" alt=\"embaixo-da-escada-8-ideias-incriveis-para-aproveitar-esse-espaco\" width=\"1024\" height=\"1024\" title=\"\"><figcaption class=\"wp-caption-text\">embaixo-da-escada-8-ideias-incriveis-para-aproveitar-esse-espaco<\/figcaption><\/figure>\n<h3>2. Crie uma Adega de Vinhos<\/h3>\n<p>Amante de vinhos? Transforme o espa\u00e7o em uma <b>adega<\/b> para organizar suas garrafas e at\u00e9 adicionar um frigobar para as que precisam de refrigera\u00e7\u00e3o.<\/p>\n<h3>3. Tenha uma Biblioteca<\/h3>\n<p>Um espa\u00e7o perfeito para quem ama ler! Instale <b>prateleiras para livros<\/b> e coloque uma poltrona aconchegante. Seu canto de leitura estar\u00e1 completo.<\/p>\n<h3>4. Organize um Home Office<\/h3>\n<p>Se voc\u00ea trabalha em casa, o espa\u00e7o embaixo da escada pode ser um <b>home office<\/b> bem organizado com uma escrivaninha e tudo que precisa.<\/p>\n<h3>5. Monte uma Chapelaria<\/h3>\n<p>Utilize esse local para <b>deixar sapatos e bolsas<\/b> na entrada. Assim, seu lar ficar\u00e1 mais organizado ao receber visitas.<\/p>\n<h3>6. \u00c1rea de Higieniza\u00e7\u00e3o<\/h3>\n<p>Crie um espa\u00e7o para <b>higieniza\u00e7\u00e3o<\/b> com pia e \u00e1lcool em gel, especialmente importante hoje em dia. Um toque pr\u00e1tico e essencial!<\/p>\n<p><div class=\"youtube-embed\" data-video_id=\"d0lSkadZ72A\"><iframe title=\"3I\/ATLAS dispara jato ao contr\u00e1rio no espa\u00e7o\" width=\"696\" height=\"392\" src=\"https:\/\/www.youtube.com\/embed\/d0lSkadZ72A?feature=oembed&#038;enablejsapi=1\" frameborder=\"0\" allow=\"accelerometer; autoplay; clipboard-write; encrypted-media; gyroscope; picture-in-picture; web-share\" referrerpolicy=\"strict-origin-when-cross-origin\" allowfullscreen><\/iframe><\/div>\n<\/p>\n<h3>7. Arm\u00e1rios Sob Medida<\/h3>\n<p>Fa\u00e7a arm\u00e1rios sob medida para guardar itens que n\u00e3o s\u00e3o usados diariamente. Assim, voc\u00ea otimiza o espa\u00e7o mantendo a casa <b>organizada<\/b>.<\/p>\n<h3>8. Exiba Objetos Decorativos<\/h3>\n<p>Use esse espa\u00e7o para <b>decorar<\/b>! Coloque uma mesinha com quadros, vasos de flores e fotos, dando vida ao ambiente.<\/p>\n<h3>9. Um Espa\u00e7o de Brinquedos<\/h3>\n<p>Se voc\u00ea tem crian\u00e7as, crie um <b>espa\u00e7o para brinquedos<\/b> organizado, com cestas ou prateleiras que deixem tudo \u00e0 m\u00e3o.<\/p>\n<h3>10. At\u00e9 um Pequeno Bar<\/h3>\n<p>Que tal montar um <b>barzinho<\/b>? Perfeito para receber amigos e celebrar momentos especiais em casa!<\/p>\n<table>\n<tr>\n<th>Ideia<\/th>\n<th>Descri\u00e7\u00e3o<\/th>\n<\/tr>\n<tr>\n<td>Jardim Vertical<\/td>\n<td>Cultive plantas em prateleiras.<\/td>\n<\/tr>\n<tr>\n<td>Adega de Vinhos<\/td>\n<td>Organize suas garrafas de vinho.<\/td>\n<\/tr>\n<tr>\n<td>Biblioteca<\/td>\n<td>Crie um canto especial para leitura.<\/td>\n<\/tr>\n<tr>\n<td>Home Office<\/td>\n<td>Organize um espa\u00e7o de trabalho.<\/td>\n<\/tr>\n<tr>\n<td>Chapelaria<\/td>\n<td>Mantenha sapatos e bolsas organizados.<\/td>\n<\/tr>\n<tr>\n<td>\u00c1rea de Higieniza\u00e7\u00e3o<\/td>\n<td>Inclua uma pia e \u00e1lcool em gel.<\/td>\n<\/tr>\n<tr>\n<td>Arm\u00e1rios Sob Medida<\/td>\n<td>Otimize para guardar itens variados.<\/td>\n<\/tr>\n<tr>\n<td>Objetos Decorativos<\/td>\n<td>Decore com quadros e vasos.<\/td>\n<\/tr>\n<tr>\n<td>Espa\u00e7o de Brinquedos<\/td>\n<td>Organize os brinquedos das crian\u00e7as.<\/td>\n<\/tr>\n<tr>\n<td>Barzinho<\/td>\n<td>Monte um espa\u00e7o para bebidas.<\/td>\n<\/tr>\n<\/table>\n<p>Aproveitar o espa\u00e7o embaixo da escada pode ser uma <b>forma incr\u00edvel<\/b> de personalizar sua casa e deix\u00e1-la mais funcional. Tenho certeza que voc\u00ea encontrou ideias que v\u00e3o fazer a diferen\u00e7a! N\u00e3o esque\u00e7a de comentar qual ideia voc\u00ea gostou mais e compartilhe com amigos que tamb\u00e9m v\u00e3o adorar essas dicas!<\/p>\n","protected":false},"excerpt":{"rendered":"<p>10 Ideias Criativas Para Aproveitar o Espa\u00e7o embaixo da Escada<\/p>\n","protected":false},"author":102,"featured_media":154637,"comment_status":"open","ping_status":"","sticky":false,"template":"","format":"standard","meta":{"footnotes":""},"categories":[1484],"tags":[],"class_list":["post-154640","post","type-post","status-publish","format-standard","has-post-thumbnail","category-decoracao"],"_wp_attached_file":null,"_wp_attachment_metadata":null,"_wp_attachment_context":null,"_wp_attachment_is_custom_header":null,"geo_longitude":null,"geo_public":null,"geo_latitude":null,"_publicize_done_external":null,"_wpas_done_3897181":null,"publicize_twitter_user":null,"_wpas_done_3897175":null,"_wpas_skip_3897181":null,"_wpas_skip_3897175":null,"_wpas_skip_3924723":null,"_wpas_mess":null,"_wpas_done_3924723":null,"wps_subtitle":"","_links":{"self":[{"href":"https:\/\/www.aarquiteta.com.br\/blog\/wp-json\/wp\/v2\/posts\/154640","targetHints":{"allow":["GET"]}}],"collection":[{"href":"https:\/\/www.aarquiteta.com.br\/blog\/wp-json\/wp\/v2\/posts"}],"about":[{"href":"https:\/\/www.aarquiteta.com.br\/blog\/wp-json\/wp\/v2\/types\/post"}],"author":[{"embeddable":true,"href":"https:\/\/www.aarquiteta.com.br\/blog\/wp-json\/wp\/v2\/users\/102"}],"replies":[{"embeddable":true,"href":"https:\/\/www.aarquiteta.com.br\/blog\/wp-json\/wp\/v2\/comments?post=154640"}],"version-history":[{"count":0,"href":"https:\/\/www.aarquiteta.com.br\/blog\/wp-json\/wp\/v2\/posts\/154640\/revisions"}],"wp:featuredmedia":[{"embeddable":true,"href":"https:\/\/www.aarquiteta.com.br\/blog\/wp-json\/wp\/v2\/media\/154637"}],"wp:attachment":[{"href":"https:\/\/www.aarquiteta.com.br\/blog\/wp-json\/wp\/v2\/media?parent=154640"}],"wp:term":[{"taxonomy":"category","embeddable":true,"href":"https:\/\/www.aarquiteta.com.br\/blog\/wp-json\/wp\/v2\/categories?post=154640"},{"taxonomy":"post_tag","embeddable":true,"href":"https:\/\/www.aarquiteta.com.br\/blog\/wp-json\/wp\/v2\/tags?post=154640"}],"curies":[{"name":"wp","href":"https:\/\/api.w.org\/{rel}","templated":true}]}}