{"id":154635,"date":"2025-10-18T21:01:30","date_gmt":"2025-10-19T00:01:30","guid":{"rendered":"https:\/\/www.aarquiteta.com.br\/blog\/10-maneiras-de-personalizar-seu-espaco-externo\/"},"modified":"2025-10-18T21:01:30","modified_gmt":"2025-10-19T00:01:30","slug":"10-maneiras-de-personalizar-seu-espaco-externo","status":"publish","type":"post","link":"https:\/\/www.aarquiteta.com.br\/blog\/10-maneiras-de-personalizar-seu-espaco-externo\/","title":{"rendered":"10 Maneiras de Personalizar Seu Espa\u00e7o Externo"},"content":{"rendered":"<p>Voc\u00ea sabia que personalizar seu espa\u00e7o externo pode transform\u00e1-lo em um verdadeiro ref\u00fagio? Vamos explorar <b>10 maneiras<\/b> criativas para deixar esse ambiente mais acolhedor e com a sua cara!<\/p>\n<img decoding=\"async\" src=\"https:\/\/www.aarquiteta.com.br\/blog\/wp-content\/uploads\/2025\/10\/01-17.jpg\" alt=\"\" width=\"1024\" height=\"1024\" title=\"\">\n<h3>1. Escolha M\u00f3veis Personalizados<\/h3>\n<p>Optar por <b>m\u00f3veis sob medida<\/b> \u00e9 uma excelente maneira de tornar seu espa\u00e7o \u00fanico. Escolha materiais como madeira r\u00fastica ou metal resistente para garantir durabilidade.<\/p>\n<img decoding=\"async\" src=\"https:\/\/www.aarquiteta.com.br\/blog\/wp-content\/uploads\/2025\/10\/02-17.jpg\" alt=\"\" width=\"1024\" height=\"1024\" title=\"\">\n<h3>2. Adicione Plantas e Vegeta\u00e7\u00e3o<\/h3>\n<p><b>Plantas<\/b> trazem vida ao ambiente. Misture vasos, canteiros e treli\u00e7as com diferentes tipos de folhagens para um efeito visual lindo!<\/p>\n<img decoding=\"async\" src=\"https:\/\/www.aarquiteta.com.br\/blog\/wp-content\/uploads\/2025\/10\/03-17.jpg\" alt=\"\" width=\"1024\" height=\"1024\" title=\"\">\n<h3>3. Ilumina\u00e7\u00e3o Eficiente<\/h3>\n<p>Instale <b>ilumina\u00e7\u00e3o aconchegante<\/b>, como luzes de corda ou lanternas. Isso cria um clima perfeito para jantares e relaxamento ao ar livre.<\/p>\n<h3>4. Decora\u00e7\u00e3o de Paredes<\/h3>\n<p>Paredes nuas podem ser transformadas com <b>arte externa<\/b>. Opte por esculturas ou murais que reflitam sua personalidade.<\/p>\n<h3>5. Crie Zonas Funcionais<\/h3>\n<p>Divida seu espa\u00e7o em <b>zonas distintas<\/b>, como refei\u00e7\u00e3o, lazer e jardim, usando m\u00f3veis que ajudem a definir cada \u00e1rea.<\/p>\n<h3>6. Atraia a Natureza<\/h3>\n<p>Incorpora elementos naturais, como pedras ou uma pequena fonte, para um toque tranquilizador. O som da \u00e1gua \u00e9 extremamente relaxante!<\/p>\n<h3>7. Use Decorativos Personalizados<\/h3>\n<p>Capriche em <b>almofadas e toalhas<\/b> com padr\u00f5es que voc\u00ea ama. Isso traz cor e conforto ao seu espa\u00e7o.<\/p>\n<p><div class=\"youtube-embed\" data-video_id=\"i6fdq7BZWfU\"><iframe title=\"VARANDA GOURMET\/ \u00c1REA GOURMET \/ ESPA\u00c7O GOURMET\" width=\"696\" height=\"392\" src=\"https:\/\/www.youtube.com\/embed\/i6fdq7BZWfU?feature=oembed&#038;enablejsapi=1\" frameborder=\"0\" allow=\"accelerometer; autoplay; clipboard-write; encrypted-media; gyroscope; picture-in-picture; web-share\" referrerpolicy=\"strict-origin-when-cross-origin\" allowfullscreen><\/iframe><\/div>\n<\/p>\n<h3>8. M\u00e9todos de Reaproveitamento<\/h3>\n<p>Repaginar itens antigos, como garrafas ou caixotes, \u00e9 uma \u00f3tima <b>op\u00e7\u00e3o sustent\u00e1vel<\/b> para criar decora\u00e7\u00f5es e vasos \u00fanicos.<\/p>\n<h3>9. Tecnologia Smart<\/h3>\n<p>Invista em <b>tecnologia inteligente<\/b> para sua \u00e1rea externa, como luzes que podem ser controladas pelo celular ou sistemas de som bluetooth.<\/p>\n<h3>10. Fa\u00e7a DIYs<\/h3>\n<p>Que tal <b>ser criativo<\/b>? Fa\u00e7a projetos de bricolagem que deixem o ambiente mais divertido e exclusivo. Pode ser desde uma mesa feita com paletes at\u00e9 um mural de fotos!<\/p>\n<table>\n<tr>\n<th>M\u00e9todo<\/th>\n<th>Descri\u00e7\u00e3o<\/th>\n<\/tr>\n<tr>\n<td>M\u00f3veis Personalizados<\/td>\n<td>M\u00f3veis \u00fanicos que refletem estilo pessoal.<\/td>\n<\/tr>\n<tr>\n<td>Adi\u00e7\u00e3o de Plantas<\/td>\n<td>Incluir variedade de plantas para frescor.<\/td>\n<\/tr>\n<tr>\n<td>Ilumina\u00e7\u00e3o Eficiente<\/td>\n<td>Ilumina\u00e7\u00e3o aconchegante para ambientes externos.<\/td>\n<\/tr>\n<tr>\n<td>Zoneamento<\/td>\n<td>Divis\u00e3o do espa\u00e7o em \u00e1reas funcionais.<\/td>\n<\/tr>\n<\/table>\n<p>Pessoal, <b>personalizar seu espa\u00e7o externo<\/b> \u00e9 uma jornada super divertida! Comece com pequenas mudan\u00e7as, e aos poucos, voc\u00ea vai encontrar o que mais combina com voc\u00ea. Aproveite o espa\u00e7o para relaxar e receber amigos e familiares.<\/p>\n<p>Quer mais dicas de decora\u00e7\u00e3o? <b>Comente abaixo<\/b> e compartilhe suas experi\u00eancias! Estamos aqui para ajudar voc\u00ea a criar o seu cantinho dos sonhos!<\/p>\n","protected":false},"excerpt":{"rendered":"<p>10 Maneiras de Personalizar Seu Espa\u00e7o Externo<\/p>\n","protected":false},"author":102,"featured_media":154632,"comment_status":"open","ping_status":"","sticky":false,"template":"","format":"standard","meta":{"footnotes":""},"categories":[1484],"tags":[],"class_list":["post-154635","post","type-post","status-publish","format-standard","has-post-thumbnail","category-decoracao"],"_wp_attached_file":null,"_wp_attachment_metadata":null,"_wp_attachment_context":null,"_wp_attachment_is_custom_header":null,"geo_longitude":null,"geo_public":null,"geo_latitude":null,"_publicize_done_external":null,"_wpas_done_3897181":null,"publicize_twitter_user":null,"_wpas_done_3897175":null,"_wpas_skip_3897181":null,"_wpas_skip_3897175":null,"_wpas_skip_3924723":null,"_wpas_mess":null,"_wpas_done_3924723":null,"wps_subtitle":"","_links":{"self":[{"href":"https:\/\/www.aarquiteta.com.br\/blog\/wp-json\/wp\/v2\/posts\/154635","targetHints":{"allow":["GET"]}}],"collection":[{"href":"https:\/\/www.aarquiteta.com.br\/blog\/wp-json\/wp\/v2\/posts"}],"about":[{"href":"https:\/\/www.aarquiteta.com.br\/blog\/wp-json\/wp\/v2\/types\/post"}],"author":[{"embeddable":true,"href":"https:\/\/www.aarquiteta.com.br\/blog\/wp-json\/wp\/v2\/users\/102"}],"replies":[{"embeddable":true,"href":"https:\/\/www.aarquiteta.com.br\/blog\/wp-json\/wp\/v2\/comments?post=154635"}],"version-history":[{"count":0,"href":"https:\/\/www.aarquiteta.com.br\/blog\/wp-json\/wp\/v2\/posts\/154635\/revisions"}],"wp:featuredmedia":[{"embeddable":true,"href":"https:\/\/www.aarquiteta.com.br\/blog\/wp-json\/wp\/v2\/media\/154632"}],"wp:attachment":[{"href":"https:\/\/www.aarquiteta.com.br\/blog\/wp-json\/wp\/v2\/media?parent=154635"}],"wp:term":[{"taxonomy":"category","embeddable":true,"href":"https:\/\/www.aarquiteta.com.br\/blog\/wp-json\/wp\/v2\/categories?post=154635"},{"taxonomy":"post_tag","embeddable":true,"href":"https:\/\/www.aarquiteta.com.br\/blog\/wp-json\/wp\/v2\/tags?post=154635"}],"curies":[{"name":"wp","href":"https:\/\/api.w.org\/{rel}","templated":true}]}}