{"id":154630,"date":"2025-10-18T17:31:14","date_gmt":"2025-10-18T20:31:14","guid":{"rendered":"https:\/\/www.aarquiteta.com.br\/blog\/piso-preto-e-branco-3\/"},"modified":"2025-10-18T17:31:14","modified_gmt":"2025-10-18T20:31:14","slug":"piso-preto-e-branco-3","status":"publish","type":"post","link":"https:\/\/www.aarquiteta.com.br\/blog\/piso-preto-e-branco-3\/","title":{"rendered":"10 Inspira\u00e7\u00f5es para Decorar com Piso Preto e Branco"},"content":{"rendered":"<p>Voc\u00ea j\u00e1 pensou em como um <b>piso preto e branco<\/b> pode transformar seu ambiente? Essa combina\u00e7\u00e3o cl\u00e1ssica traz versatilidade e estilo \u00fanicos para a decora\u00e7\u00e3o. Vamos explorar <b>10 inspira\u00e7\u00f5es incr\u00edveis<\/b> para voc\u00ea incorporar essas cores na sua casa!<\/p>\n<figure style=\"width: 1024px\" class=\"wp-caption aligncenter\"><img decoding=\"async\" src=\"https:\/\/www.aarquiteta.com.br\/blog\/wp-content\/uploads\/2025\/10\/piso-preto-e-branco01.jpg\" alt=\"piso-preto-e-branco\" width=\"1024\" height=\"1024\" title=\"\"><figcaption class=\"wp-caption-text\">piso-preto-e-branco<\/figcaption><\/figure>\n<h3>1. Atra\u00e7\u00e3o instant\u00e2nea na entrada<\/h3>\n<p>Um piso preto e branco na entrada \u00e9 perfeito para causar uma <b>boa impress\u00e3o<\/b>. A combina\u00e7\u00e3o j\u00e1 d\u00e1 as boas-vindas com sofistica\u00e7\u00e3o e charme.<\/p>\n<figure style=\"width: 1024px\" class=\"wp-caption aligncenter\"><img decoding=\"async\" src=\"https:\/\/www.aarquiteta.com.br\/blog\/wp-content\/uploads\/2025\/10\/piso-preto-e-branco02.jpg\" alt=\"piso-preto-e-branco\" width=\"1024\" height=\"1024\" title=\"\"><figcaption class=\"wp-caption-text\">piso-preto-e-branco<\/figcaption><\/figure>\n<h3>2. Cozinha moderna e pr\u00e1tica<\/h3>\n<p>Na cozinha, essa combina\u00e7\u00e3o n\u00e3o s\u00f3 \u00e9 estilosa, mas <b>pr\u00e1tica<\/b> tamb\u00e9m. O piso preto e branco destaca utens\u00edlios e pode facilitar a limpeza.<\/p>\n<figure style=\"width: 1024px\" class=\"wp-caption aligncenter\"><img decoding=\"async\" src=\"https:\/\/www.aarquiteta.com.br\/blog\/wp-content\/uploads\/2025\/10\/piso-preto-e-branco03.jpg\" alt=\"piso-preto-e-branco\" width=\"1024\" height=\"1024\" title=\"\"><figcaption class=\"wp-caption-text\">piso-preto-e-branco<\/figcaption><\/figure>\n<h3>3. Banheiros com estilo<\/h3>\n<p>Voc\u00ea pode criar um banheiro incr\u00edvel com piso preto e branco. Essa escolha proporciona um ambiente <b>elegante<\/b> e atemporal, perfeito para qualquer estilo de decora\u00e7\u00e3o.<\/p>\n<h3>4. Ambientes com personalidade<\/h3>\n<p>Ao optar por um piso assim, voc\u00ea est\u00e1 garantindo que seu espa\u00e7o tenha uma identidade pr\u00f3pria. Ter um piso preto e branco \u00e9 sin\u00f4nimo de <b>ousadia<\/b>!<\/p>\n<h3>5. Sala de estar vibrante<\/h3>\n<p>Na sala, essa combina\u00e7\u00e3o traz um ar de <b>modernidade<\/b>. Al\u00e9m disso, permite brincar com os m\u00f3veis e decora\u00e7\u00f5es em cores mais vibrantes.<\/p>\n<h3>6. Efeito xadrez<\/h3>\n<p>Fazer uma pagina\u00e7\u00e3o em estilo xadrez \u00e9 uma forma divertida de usar o piso. Esse padr\u00e3o \u00e9 <b>cl\u00e1ssico<\/b> e ainda surpreende quem visita sua casa.<\/p>\n<h3>7. Corredores charmosos<\/h3>\n<p>Corrim\u00f5es e corredores podem se tornar \u00e1reas encantadoras com um piso preto e branco. Eles ajudam a <b>especializar<\/b> e at\u00e9 ampliar a sensa\u00e7\u00e3o de espa\u00e7o.<\/p>\n<p><div class=\"youtube-embed\" data-video_id=\"g0vDVJA4Smw\"><iframe title=\"Piso Preto: 34 Modelos para se Inspirar\" width=\"696\" height=\"392\" src=\"https:\/\/www.youtube.com\/embed\/g0vDVJA4Smw?feature=oembed&#038;enablejsapi=1\" frameborder=\"0\" allow=\"accelerometer; autoplay; clipboard-write; encrypted-media; gyroscope; picture-in-picture; web-share\" referrerpolicy=\"strict-origin-when-cross-origin\" allowfullscreen><\/iframe><\/div>\n<\/p>\n<h3>8. Pisos personalizados<\/h3>\n<p>Que tal criar um padr\u00e3o \u00fanico? Usar elementos gr\u00e1ficos pode transformar um piso comum em algo <b>excepcional<\/b>! Sua imagina\u00e7\u00e3o \u00e9 o limite!<\/p>\n<h3>9. Mesclando com outras cores<\/h3>\n<p>Voc\u00ea n\u00e3o precisa se restringir a apenas preto e branco. Misturar sutilmente outras cores pode resultar em um ambiente <b>interessante<\/b> e cheio de vida.<\/p>\n<h3>10. Eliminar tapetes<\/h3>\n<p>Ali\u00e1s, ao trabalhar com essa linha de pisos, voc\u00ea pode dispensar tapetes, tornando tudo mais <b>pr\u00e1tico<\/b> e de f\u00e1cil manuten\u00e7\u00e3o.<\/p>\n<table>\n<thead>\n<tr>\n<th>Inspira\u00e7\u00e3o<\/th>\n<th>Caracter\u00edsticas<\/th>\n<\/tr>\n<\/thead>\n<tbody>\n<tr>\n<td>Entrada<\/td>\n<td>Charmosa e impactante<\/td>\n<\/tr>\n<tr>\n<td>Cozinha<\/td>\n<td>Moderna e pr\u00e1tica<\/td>\n<\/tr>\n<tr>\n<td>Banheiro<\/td>\n<td>Elegante e atemporal<\/td>\n<\/tr>\n<tr>\n<td>Sala de estar<\/td>\n<td>Vibrante e cheia de estilo<\/td>\n<\/tr>\n<tr>\n<td>Corredores<\/td>\n<td>Charmosos e pr\u00e1ticos<\/td>\n<\/tr>\n<\/tbody>\n<\/table>\n<p>Com essas <b>inspira\u00e7\u00f5es<\/b>, ficou claro que o piso preto e branco traz muito mais do que estilo. Ele \u00e9 uma verdadeira <b>tend\u00eancia<\/b> que transforma qualquer espa\u00e7o. E voc\u00ea, vai arriscar nessa combina\u00e7\u00e3o? N\u00e3o esque\u00e7a de compartilhar suas ideias e experi\u00eancias nos coment\u00e1rios!<\/p>\n","protected":false},"excerpt":{"rendered":"<p>10 Inspira\u00e7\u00f5es para Decorar com Piso Preto e Branco<\/p>\n","protected":false},"author":102,"featured_media":154627,"comment_status":"open","ping_status":"","sticky":false,"template":"","format":"standard","meta":{"footnotes":""},"categories":[249,1484],"tags":[],"class_list":["post-154630","post","type-post","status-publish","format-standard","has-post-thumbnail","category-engenharia-e-construcao-civil","category-decoracao"],"_wp_attached_file":null,"_wp_attachment_metadata":null,"_wp_attachment_context":null,"_wp_attachment_is_custom_header":null,"geo_longitude":null,"geo_public":null,"geo_latitude":null,"_publicize_done_external":null,"_wpas_done_3897181":null,"publicize_twitter_user":null,"_wpas_done_3897175":null,"_wpas_skip_3897181":null,"_wpas_skip_3897175":null,"_wpas_skip_3924723":null,"_wpas_mess":null,"_wpas_done_3924723":null,"wps_subtitle":"","_links":{"self":[{"href":"https:\/\/www.aarquiteta.com.br\/blog\/wp-json\/wp\/v2\/posts\/154630","targetHints":{"allow":["GET"]}}],"collection":[{"href":"https:\/\/www.aarquiteta.com.br\/blog\/wp-json\/wp\/v2\/posts"}],"about":[{"href":"https:\/\/www.aarquiteta.com.br\/blog\/wp-json\/wp\/v2\/types\/post"}],"author":[{"embeddable":true,"href":"https:\/\/www.aarquiteta.com.br\/blog\/wp-json\/wp\/v2\/users\/102"}],"replies":[{"embeddable":true,"href":"https:\/\/www.aarquiteta.com.br\/blog\/wp-json\/wp\/v2\/comments?post=154630"}],"version-history":[{"count":0,"href":"https:\/\/www.aarquiteta.com.br\/blog\/wp-json\/wp\/v2\/posts\/154630\/revisions"}],"wp:featuredmedia":[{"embeddable":true,"href":"https:\/\/www.aarquiteta.com.br\/blog\/wp-json\/wp\/v2\/media\/154627"}],"wp:attachment":[{"href":"https:\/\/www.aarquiteta.com.br\/blog\/wp-json\/wp\/v2\/media?parent=154630"}],"wp:term":[{"taxonomy":"category","embeddable":true,"href":"https:\/\/www.aarquiteta.com.br\/blog\/wp-json\/wp\/v2\/categories?post=154630"},{"taxonomy":"post_tag","embeddable":true,"href":"https:\/\/www.aarquiteta.com.br\/blog\/wp-json\/wp\/v2\/tags?post=154630"}],"curies":[{"name":"wp","href":"https:\/\/api.w.org\/{rel}","templated":true}]}}