{"id":154625,"date":"2025-10-18T07:31:17","date_gmt":"2025-10-18T10:31:17","guid":{"rendered":"https:\/\/www.aarquiteta.com.br\/blog\/moveis-para-jardim-4\/"},"modified":"2025-10-18T07:31:17","modified_gmt":"2025-10-18T10:31:17","slug":"moveis-para-jardim-4","status":"publish","type":"post","link":"https:\/\/www.aarquiteta.com.br\/blog\/moveis-para-jardim-4\/","title":{"rendered":"As 10 Melhores Op\u00e7\u00f5es de M\u00f3veis para Jardim que Transformam seu Espa\u00e7o"},"content":{"rendered":"<p>Voc\u00ea sabia que a escolha dos <b>m\u00f3veis para jardim<\/b> pode transformar completamente o seu espa\u00e7o ao ar livre? Se voc\u00ea deseja criar um ambiente agrad\u00e1vel e estiloso, este artigo \u00e9 para voc\u00ea!<\/p>\n<figure style=\"width: 1024px\" class=\"wp-caption aligncenter\"><img decoding=\"async\" src=\"https:\/\/www.aarquiteta.com.br\/blog\/wp-content\/uploads\/2025\/10\/moveis-para-jardim01.jpg\" alt=\"moveis-para-jardim\" width=\"1024\" height=\"1024\" title=\"\"><figcaption class=\"wp-caption-text\">moveis-para-jardim<\/figcaption><\/figure>\n<p>Hoje, vou apresentar as <b>10 melhores op\u00e7\u00f5es de m\u00f3veis<\/b> que n\u00e3o s\u00f3 embelezam, mas tamb\u00e9m garantem durabilidade e conforto para o seu jardim. Vamos juntos descobrir como deixar esse espa\u00e7o mais atraente e convidativo.<\/p>\n<figure style=\"width: 1024px\" class=\"wp-caption aligncenter\"><img decoding=\"async\" src=\"https:\/\/www.aarquiteta.com.br\/blog\/wp-content\/uploads\/2025\/10\/moveis-para-jardim02.jpg\" alt=\"moveis-para-jardim\" width=\"1024\" height=\"1024\" title=\"\"><figcaption class=\"wp-caption-text\">moveis-para-jardim<\/figcaption><\/figure>\n<h3>1. Mesa de Ferro: O Toque Vintage<\/h3>\n<p>A mesa de ferro \u00e9 uma escolha cl\u00e1ssica! Seu design vintage traz eleg\u00e2ncia, al\u00e9m de ser resistente \u00e0s intemp\u00e9ries.<\/p>\n<figure style=\"width: 1024px\" class=\"wp-caption aligncenter\"><img decoding=\"async\" src=\"https:\/\/www.aarquiteta.com.br\/blog\/wp-content\/uploads\/2025\/10\/moveis-para-jardim03.jpg\" alt=\"moveis-para-jardim\" width=\"1024\" height=\"1024\" title=\"\"><figcaption class=\"wp-caption-text\">moveis-para-jardim<\/figcaption><\/figure>\n<h3>2. M\u00f3veis de Fibra Sint\u00e9tica: Resist\u00eancia e Estilo<\/h3>\n<p>Os m\u00f3veis de fibra sint\u00e9tica s\u00e3o perfeitos para \u00e1reas externas. Eles resistem \u00e0 \u00e1gua e s\u00e3o muito f\u00e1ceis de cuidar.<\/p>\n<h3>3. Poltronas com Estofado Imperme\u00e1vel<\/h3>\n<p>Uma poltroninha com estofado imperme\u00e1vel \u00e9 uma op\u00e7\u00e3o <b>pr\u00e1tica<\/b> e muito aconchegante. Ideal para relaxar no jardim!<\/p>\n<h3>4. Puffs Redondos: Versatilidade e Alegria<\/h3>\n<p>Os puffs redondos s\u00e3o \u00f3timos para dar um toque <b>divertido<\/b> ao ambiente. Eles s\u00e3o leves e podem ser movidos facilmente.<\/p>\n<h3>5. Cadeiras Elegantes<\/h3>\n<p>\u00c0s vezes, uma cadeira bem posicionada pode ser o destaque do jardim. N\u00e3o subestime a for\u00e7a de uma boa <b>cadeira!<\/b><\/p>\n<h3>6. Vime: O Cl\u00e1ssico das \u00c1reas Cobertas<\/h3>\n<p>O vime combina perfeito em \u00e1reas cobertas. Al\u00e9m de bonito, traz um charme <b>natural<\/b> incr\u00edvel ao espa\u00e7o.<\/p>\n<p><div class=\"youtube-embed\" data-video_id=\"jZHE98Wa9xE\"><iframe title=\"M\u00f3veis para \u00e1rea externa, jardim, varanda e \u00e1rea gourmet | New Garden M\u00f3veis\" width=\"696\" height=\"392\" src=\"https:\/\/www.youtube.com\/embed\/jZHE98Wa9xE?feature=oembed&#038;enablejsapi=1\" frameborder=\"0\" allow=\"accelerometer; autoplay; clipboard-write; encrypted-media; gyroscope; picture-in-picture; web-share\" referrerpolicy=\"strict-origin-when-cross-origin\" allowfullscreen><\/iframe><\/div>\n<\/p>\n<h3>7. Mesinha de Centro: Praticidade para Receber<\/h3>\n<p>Uma mesinha de centro \u00e9 super \u00fatil. Ideal para deixar bebidas e petiscos enquanto voc\u00ea recebe amigos.<\/p>\n<h3>8. M\u00f3veis de Madeira: Tradi\u00e7\u00e3o e Conforto<\/h3>\n<p>A madeira \u00e9 um material atemporal. Ela n\u00e3o s\u00f3 oferece <b>estilo<\/b>, como tamb\u00e9m um toque r\u00fastico e acolhedor.<\/p>\n<h3>9. Almofadas Coloridas: Conforto e Estilo<\/h3>\n<p>Cores vivas nas almofadas podem fazer toda a diferen\u00e7a. Elas trazem alegria e aconchego ao ambiente.<\/p>\n<h3>10. Espregui\u00e7adeiras: O Relaxamento Que Voc\u00ea Merece<\/h3>\n<p>Por \u00faltimo, mas n\u00e3o menos importante, as espregui\u00e7adeiras s\u00e3o perfeitas para aqueles dias de sol. Um convite ao <b>descanso!<\/b><\/p>\n<table>\n<tr>\n<th>Item<\/th>\n<th>Descri\u00e7\u00e3o<\/th>\n<th>Vantagens<\/th>\n<\/tr>\n<tr>\n<td>Mesa de Ferro<\/td>\n<td>Toque vintage e durabilidade<\/td>\n<td>Resistente e estilosa<\/td>\n<\/tr>\n<tr>\n<td>M\u00f3veis de Fibra Sint\u00e9tica<\/td>\n<td>Resistentes \u00e0 \u00e1gua<\/td>\n<td>F\u00e1ceis de cuidar<\/td>\n<\/tr>\n<tr>\n<td>Poltronas Imperme\u00e1veis<\/td>\n<td>Conforto garantido<\/td>\n<td>Ideais para relaxar<\/td>\n<\/tr>\n<tr>\n<td>Puffs Redondos<\/td>\n<td>Leves e divertidos<\/td>\n<td>D\u00e3o vida ao ambiente<\/td>\n<\/tr>\n<tr>\n<td>Cadeiras Elegantes<\/td>\n<td>Destaque no jardim<\/td>\n<td>Estilo e conforto<\/td>\n<\/tr>\n<p>  <!-- Adicione mais linhas conforme necess\u00e1rio --><br \/>\n<\/table>\n<p>Essas op\u00e7\u00f5es de <b>m\u00f3veis para jardim<\/b> s\u00e3o apenas o come\u00e7o. Cada pe\u00e7a pode contar uma hist\u00f3ria e contribuir para um ambiente perfeito.<\/p>\n<p>Ent\u00e3o, o que voc\u00ea est\u00e1 esperando? Que tal come\u00e7ar a planejar a decora\u00e7\u00e3o do seu jardim? Deixe suas id\u00e9ias nos coment\u00e1rios e vamos trocar experi\u00eancias!<\/p>\n","protected":false},"excerpt":{"rendered":"<p>As 10 Melhores Op\u00e7\u00f5es de M\u00f3veis para Jardim que Transformam seu Espa\u00e7o<\/p>\n","protected":false},"author":102,"featured_media":154622,"comment_status":"open","ping_status":"","sticky":false,"template":"","format":"standard","meta":{"footnotes":""},"categories":[1484],"tags":[],"class_list":["post-154625","post","type-post","status-publish","format-standard","has-post-thumbnail","category-decoracao"],"_wp_attached_file":null,"_wp_attachment_metadata":null,"_wp_attachment_context":null,"_wp_attachment_is_custom_header":null,"geo_longitude":null,"geo_public":null,"geo_latitude":null,"_publicize_done_external":null,"_wpas_done_3897181":null,"publicize_twitter_user":null,"_wpas_done_3897175":null,"_wpas_skip_3897181":null,"_wpas_skip_3897175":null,"_wpas_skip_3924723":null,"_wpas_mess":null,"_wpas_done_3924723":null,"wps_subtitle":"","_links":{"self":[{"href":"https:\/\/www.aarquiteta.com.br\/blog\/wp-json\/wp\/v2\/posts\/154625","targetHints":{"allow":["GET"]}}],"collection":[{"href":"https:\/\/www.aarquiteta.com.br\/blog\/wp-json\/wp\/v2\/posts"}],"about":[{"href":"https:\/\/www.aarquiteta.com.br\/blog\/wp-json\/wp\/v2\/types\/post"}],"author":[{"embeddable":true,"href":"https:\/\/www.aarquiteta.com.br\/blog\/wp-json\/wp\/v2\/users\/102"}],"replies":[{"embeddable":true,"href":"https:\/\/www.aarquiteta.com.br\/blog\/wp-json\/wp\/v2\/comments?post=154625"}],"version-history":[{"count":0,"href":"https:\/\/www.aarquiteta.com.br\/blog\/wp-json\/wp\/v2\/posts\/154625\/revisions"}],"wp:featuredmedia":[{"embeddable":true,"href":"https:\/\/www.aarquiteta.com.br\/blog\/wp-json\/wp\/v2\/media\/154622"}],"wp:attachment":[{"href":"https:\/\/www.aarquiteta.com.br\/blog\/wp-json\/wp\/v2\/media?parent=154625"}],"wp:term":[{"taxonomy":"category","embeddable":true,"href":"https:\/\/www.aarquiteta.com.br\/blog\/wp-json\/wp\/v2\/categories?post=154625"},{"taxonomy":"post_tag","embeddable":true,"href":"https:\/\/www.aarquiteta.com.br\/blog\/wp-json\/wp\/v2\/tags?post=154625"}],"curies":[{"name":"wp","href":"https:\/\/api.w.org\/{rel}","templated":true}]}}