{"id":154610,"date":"2025-10-17T07:31:35","date_gmt":"2025-10-17T10:31:35","guid":{"rendered":"https:\/\/www.aarquiteta.com.br\/blog\/mesa-de-parede-2\/"},"modified":"2025-10-17T07:31:35","modified_gmt":"2025-10-17T10:31:35","slug":"mesa-de-parede-2","status":"publish","type":"post","link":"https:\/\/www.aarquiteta.com.br\/blog\/mesa-de-parede-2\/","title":{"rendered":"10 Solu\u00e7\u00f5es Incr\u00edveis Para Sua Mesa de Parede"},"content":{"rendered":"<p>Procurando como otimizar espa\u00e7o e ainda deixar sua casa cheia de estilo? Ent\u00e3o conhe\u00e7a as <b>mesas de parede<\/b>. Aqui v\u00e3o 10 solu\u00e7\u00f5es incr\u00edveis para transformar seus ambientes!<\/p>\n<figure style=\"width: 1024px\" class=\"wp-caption aligncenter\"><img decoding=\"async\" src=\"https:\/\/www.aarquiteta.com.br\/blog\/wp-content\/uploads\/2025\/10\/mesa-de-parede01.jpg\" alt=\"mesa-de-parede\" width=\"1024\" height=\"1024\" title=\"\"><figcaption class=\"wp-caption-text\">mesa-de-parede<\/figcaption><\/figure>\n<h3>1. Mesa Retr\u00e1til: Ousadia e Praticidade<\/h3>\n<p>A mesa <b>retr\u00e1til<\/b> \u00e9 perfeita para quem ama ganhar espa\u00e7o. Pode ser escondida quando n\u00e3o est\u00e1 em uso, liberando o ambiente.<\/p>\n<figure style=\"width: 1024px\" class=\"wp-caption aligncenter\"><img decoding=\"async\" src=\"https:\/\/www.aarquiteta.com.br\/blog\/wp-content\/uploads\/2025\/10\/mesa-de-parede02.jpg\" alt=\"mesa-de-parede\" width=\"1024\" height=\"1024\" title=\"\"><figcaption class=\"wp-caption-text\">mesa-de-parede<\/figcaption><\/figure>\n<h3>2. Combine com Bancos para Maior Conforto<\/h3>\n<p>Usar <b>bancos<\/b> junto \u00e0 mesa de parede traz um ar descontra\u00eddo e moderno ao espa\u00e7o. \u00c9 vers\u00e1til e ideal para refei\u00e7\u00f5es r\u00e1pidas!<\/p>\n<figure style=\"width: 1024px\" class=\"wp-caption aligncenter\"><img decoding=\"async\" src=\"https:\/\/www.aarquiteta.com.br\/blog\/wp-content\/uploads\/2025\/10\/mesa-de-parede03.jpg\" alt=\"mesa-de-parede\" width=\"1024\" height=\"1024\" title=\"\"><figcaption class=\"wp-caption-text\">mesa-de-parede<\/figcaption><\/figure>\n<h3>3. Mesa Expans\u00edvel para Ocasi\u00f5es Especiais<\/h3>\n<p>A mesa <b>expans\u00edvel<\/b> permite receber amigos e familiares \u00e0 vontade. \u00c9 muito pr\u00e1tico em pequenos apartamentos!<\/p>\n<h3>4. Criatividade com Decora\u00e7\u00e3o de Parede<\/h3>\n<p>Decore a <b>parede<\/b> com quadros ou prateleiras acima da mesa. Assim, voc\u00ea cria um ambiente acolhedor e ainda aproveita o espa\u00e7o.<\/p>\n<h3>5. Revestimentos que Chamam Aten\u00e7\u00e3o<\/h3>\n<p><b>Revestimentos<\/b> criativos na parede onde est\u00e1 a mesa podem fazer toda a diferen\u00e7a na est\u00e9tica do ambiente!<\/p>\n<h3>6. Mesas de Madeira de Demoli\u00e7\u00e3o: Cl\u00e1ssico e Ecol\u00f3gico<\/h3>\n<p>Optar por mesas de <b>madeira de demoli\u00e7\u00e3o<\/b> \u00e9 uma excelente escolha. Al\u00e9m de charmosas, trazem um toque r\u00fastico e \u00fanico ao espa\u00e7o.<\/p>\n<h3>7. Instant\u00e2neo com Mesas de Vidro<\/h3>\n<p>As mesas de <b>vidro<\/b> s\u00e3o elegantes e n\u00e3o ocupam visualmente o espa\u00e7o. Elas ajudam na sensa\u00e7\u00e3o de amplitude nos ambientes.<\/p>\n<p><div class=\"youtube-embed\" data-video_id=\"Q2Rh0XZ-IVo\"><iframe title=\"Mesa prateleira de parede com p\u00e9s 80cm x 120cm \ud83d\ude0d compre pelo site meumaridomarceneiro.com.br\" width=\"696\" height=\"392\" src=\"https:\/\/www.youtube.com\/embed\/Q2Rh0XZ-IVo?feature=oembed&#038;enablejsapi=1\" frameborder=\"0\" allow=\"accelerometer; autoplay; clipboard-write; encrypted-media; gyroscope; picture-in-picture; web-share\" referrerpolicy=\"strict-origin-when-cross-origin\" allowfullscreen><\/iframe><\/div>\n<\/p>\n<h3>8. Espa\u00e7o para o Caf\u00e9 da Manh\u00e3<\/h3>\n<p>Transforme um cantinho em um <b>sof\u00e1<\/b> com uma mesa de parede. \u00c9 ideal para um caf\u00e9 da manh\u00e3 r\u00e1pido e delicioso!<\/p>\n<h3>9. Integra\u00e7\u00e3o com a Cozinha<\/h3>\n<p>Colocar uma mesa de parede pr\u00f3xima \u00e0 <b>bancada<\/b> da cozinha facilita o dia a dia e promove intera\u00e7\u00f5es durante o preparo das refei\u00e7\u00f5es.<\/p>\n<h3>10. Um Hall de Entrada Charmoso<\/h3>\n<p>Uma mesa de parede na <b>entrada<\/b> da casa traz n\u00e3o apenas funcionalidade, mas tamb\u00e9m charme e recep\u00e7\u00e3o calorosa aos convidados.<\/p>\n<table>\n<tr>\n<th>Solu\u00e7\u00e3o<\/th>\n<th>Benef\u00edcios<\/th>\n<\/tr>\n<tr>\n<td>1. Mesa Retr\u00e1til<\/td>\n<td>Libera espa\u00e7o quando n\u00e3o est\u00e1 em uso<\/td>\n<\/tr>\n<tr>\n<td>2. Bancos<\/td>\n<td>Conforto e estilo<\/td>\n<\/tr>\n<tr>\n<td>3. Mesa Expans\u00edvel<\/td>\n<td>Recebe mais pessoas facilmente<\/td>\n<\/tr>\n<tr>\n<td>4. Decora\u00e7\u00e3o de Parede<\/td>\n<td>Cria ambiente aconchegante<\/td>\n<\/tr>\n<tr>\n<td>5. Revestimentos<\/td>\n<td>Chama aten\u00e7\u00e3o e \u00e9 criativo<\/td>\n<\/tr>\n<tr>\n<td>6. Madeira de Demoli\u00e7\u00e3o<\/td>\n<td>Toque r\u00fastico e sustent\u00e1vel<\/td>\n<\/tr>\n<tr>\n<td>7. Mesas de Vidro<\/td>\n<td>Amplitudes visuais<\/td>\n<\/tr>\n<tr>\n<td>8. Sof\u00e1 com Mesa de Luz<\/td>\n<td>Caf\u00e9 da manh\u00e3 pr\u00e1tico<\/td>\n<\/tr>\n<tr>\n<td>9. Integra\u00e7\u00e3o com Cozinha<\/td>\n<td>Facilita a conviv\u00eancia<\/td>\n<\/tr>\n<tr>\n<td>10. Hall de Entrada<\/td>\n<td>Charmoso e funcional<\/td>\n<\/tr>\n<\/table>\n<p><b>Confesso<\/b> que a mesa de parede \u00e9 uma solu\u00e7\u00e3o incr\u00edvel para otimizar e decorar ao mesmo tempo. E voc\u00ea, j\u00e1 pensou em ter uma na sua casa? Explore essas ideias e traga mais estilo e funcionalidade para o seu lar!<\/p>\n<p>Fique ligado no nosso blog para mais dicas sobre <b>decora\u00e7\u00e3o e aproveitamento de espa\u00e7o<\/b>. At\u00e9 a pr\u00f3xima!<\/p>\n","protected":false},"excerpt":{"rendered":"<p>10 Solu\u00e7\u00f5es Incr\u00edveis Para Sua Mesa de Parede<\/p>\n","protected":false},"author":102,"featured_media":154607,"comment_status":"open","ping_status":"","sticky":false,"template":"","format":"standard","meta":{"footnotes":""},"categories":[1484],"tags":[],"class_list":["post-154610","post","type-post","status-publish","format-standard","has-post-thumbnail","category-decoracao"],"_wp_attached_file":null,"_wp_attachment_metadata":null,"_wp_attachment_context":null,"_wp_attachment_is_custom_header":null,"geo_longitude":null,"geo_public":null,"geo_latitude":null,"_publicize_done_external":null,"_wpas_done_3897181":null,"publicize_twitter_user":null,"_wpas_done_3897175":null,"_wpas_skip_3897181":null,"_wpas_skip_3897175":null,"_wpas_skip_3924723":null,"_wpas_mess":null,"_wpas_done_3924723":null,"wps_subtitle":"","_links":{"self":[{"href":"https:\/\/www.aarquiteta.com.br\/blog\/wp-json\/wp\/v2\/posts\/154610","targetHints":{"allow":["GET"]}}],"collection":[{"href":"https:\/\/www.aarquiteta.com.br\/blog\/wp-json\/wp\/v2\/posts"}],"about":[{"href":"https:\/\/www.aarquiteta.com.br\/blog\/wp-json\/wp\/v2\/types\/post"}],"author":[{"embeddable":true,"href":"https:\/\/www.aarquiteta.com.br\/blog\/wp-json\/wp\/v2\/users\/102"}],"replies":[{"embeddable":true,"href":"https:\/\/www.aarquiteta.com.br\/blog\/wp-json\/wp\/v2\/comments?post=154610"}],"version-history":[{"count":0,"href":"https:\/\/www.aarquiteta.com.br\/blog\/wp-json\/wp\/v2\/posts\/154610\/revisions"}],"wp:featuredmedia":[{"embeddable":true,"href":"https:\/\/www.aarquiteta.com.br\/blog\/wp-json\/wp\/v2\/media\/154607"}],"wp:attachment":[{"href":"https:\/\/www.aarquiteta.com.br\/blog\/wp-json\/wp\/v2\/media?parent=154610"}],"wp:term":[{"taxonomy":"category","embeddable":true,"href":"https:\/\/www.aarquiteta.com.br\/blog\/wp-json\/wp\/v2\/categories?post=154610"},{"taxonomy":"post_tag","embeddable":true,"href":"https:\/\/www.aarquiteta.com.br\/blog\/wp-json\/wp\/v2\/tags?post=154610"}],"curies":[{"name":"wp","href":"https:\/\/api.w.org\/{rel}","templated":true}]}}