{"id":154605,"date":"2025-10-16T21:01:55","date_gmt":"2025-10-17T00:01:55","guid":{"rendered":"https:\/\/www.aarquiteta.com.br\/blog\/descubra-as-10-maneiras-de-transformar-seu-espaco-com-paredes-de-destaque\/"},"modified":"2025-10-16T21:01:55","modified_gmt":"2025-10-17T00:01:55","slug":"descubra-as-10-maneiras-de-transformar-seu-espaco-com-paredes-de-destaque","status":"publish","type":"post","link":"https:\/\/www.aarquiteta.com.br\/blog\/descubra-as-10-maneiras-de-transformar-seu-espaco-com-paredes-de-destaque\/","title":{"rendered":"Descubra as 10 Maneiras de Transformar Seu Espa\u00e7o com Paredes de Destaque"},"content":{"rendered":"<p>Quer dar um novo ar ao seu ambiente? <b>Paredes de destaque<\/b> s\u00e3o a solu\u00e7\u00e3o perfeita para transformar qualquer espa\u00e7o de maneira surpreendente.<\/p>\n<img decoding=\"async\" src=\"https:\/\/www.aarquiteta.com.br\/blog\/wp-content\/uploads\/2025\/10\/01-15.jpg\" alt=\"\" width=\"1024\" height=\"1024\" title=\"\">\n<p>Essas paredes, tamb\u00e9m conhecidas como <b>paredes de acento<\/b>, s\u00e3o uma forma criativa de mudar o visual e a atmosfera dos ambientes. Elas n\u00e3o apenas complementam a decora\u00e7\u00e3o, mas tamb\u00e9m podem se tornar o principal foco do c\u00f4modo, refletindo sua personalidade e estilo.<\/p>\n<img decoding=\"async\" src=\"https:\/\/www.aarquiteta.com.br\/blog\/wp-content\/uploads\/2025\/10\/02-15.jpg\" alt=\"\" width=\"1024\" height=\"1024\" title=\"\">\n<p>Vamos explorar como voc\u00ea pode conquistar essa transforma\u00e7\u00e3o de forma simples e estilosa!<\/p>\n<img decoding=\"async\" src=\"https:\/\/www.aarquiteta.com.br\/blog\/wp-content\/uploads\/2025\/10\/03-15.jpg\" alt=\"\" width=\"1024\" height=\"1024\" title=\"\">\n<h3>1) Escolha a Parede Ideal<\/h3>\n<p>O primeiro passo \u00e9 <b>escolher a parede certa<\/b>. Aqui est\u00e3o algumas dicas:<\/p>\n<ul>\n<li><b>Identifique o Ponto Focal:<\/b> Procure uma parede que converse com os elementos do ambiente.<\/li>\n<li><b>Mantenha a Limpeza:<\/b> Evite paredes com janelas ou muitos objetos. Um fundo limpo traz destaque.<\/li>\n<li><b>Considere a Fun\u00e7\u00e3o:<\/b> Foque em \u00e1reas que recebem aten\u00e7\u00e3o, como entradas e atr\u00e1s de sof\u00e1s.<\/li>\n<\/ul>\n<h3>2) Ideias Criativas para sua Parede de Destaque<\/h3>\n<p>Chegou a hora de dar vida \u00e0 sua parede com as seguintes op\u00e7\u00f5es:<\/p>\n<h3>3) Pintura Atraente<\/h3>\n<p>Pintar \u00e9 uma forma pr\u00e1tica de adicionar <b>charme<\/b>. Aposte em cores como azul-marinho ou burgundy.<\/p>\n<h3>4) Murais Impactantes<\/h3>\n<p>Murais podem transformar sua parede em <b>arte<\/b>. Escolha o tema que mais combina com seu estilo e deixe o ambiente \u00fanico.<\/p>\n<h3>5) Textura com Madeira ou Pain\u00e9is<\/h3>\n<p>Acrescente <b>textura<\/b> com madeira ou pain\u00e9is. Eles d\u00e3o um toque aconchegante e moderno ao espa\u00e7o.<\/p>\n<p><div class=\"youtube-embed\" data-video_id=\"80Me9l9SgcE\"><iframe title=\"#2 Dicas | Pintura moderna em parede | F\u00e1cil | Pr\u00e1tico\" width=\"696\" height=\"392\" src=\"https:\/\/www.youtube.com\/embed\/80Me9l9SgcE?feature=oembed&#038;enablejsapi=1\" frameborder=\"0\" allow=\"accelerometer; autoplay; clipboard-write; encrypted-media; gyroscope; picture-in-picture; web-share\" referrerpolicy=\"strict-origin-when-cross-origin\" allowfullscreen><\/iframe><\/div>\n<\/p>\n<h3>6) Elementos de Pedra ou Tijolo<\/h3>\n<p>Utilize acabamentos em pedra ou tijolo. Eles trazem uma sensa\u00e7\u00e3o <b>r\u00fastica<\/b> que \u00e9 sempre bem-vinda.<\/p>\n<h3>7) Paredes Bicolores<\/h3>\n<p>As paredes em 2 tons tamb\u00e9m s\u00e3o uma \u00f3tima pedida. Fa\u00e7a combina\u00e7\u00f5es que <b>brinquem<\/b> com as cores do ambiente.<\/p>\n<h3>8) Estilo de Ilumina\u00e7\u00e3o<\/h3>\n<p>A ilumina\u00e7\u00e3o pode destacar as texturas e cores da sua parede. Use <b>spotlights<\/b> ou luzes de LED para dar mais vida ao espa\u00e7o.<\/p>\n<h3>9) Harmonizando a Decora\u00e7\u00e3o<\/h3>\n<p>Cuidado para n\u00e3o esgotar o ambiente com polui\u00e7\u00e3o visual. A <b>harmonia<\/b> entre m\u00f3veis e a parede de destaque \u00e9 essencial.<\/p>\n<h3>10) Por que Funcionam as Paredes de Destaque?<\/h3>\n<p>Essas paredes se tornaram queridinhas na decora\u00e7\u00e3o por serem uma maneira f\u00e1cil de modificar e dar personalidade ao seu espa\u00e7o.<\/p>\n<ul>\n<li><b>Express\u00e3o Pessoal:<\/b> Elas permitem que voc\u00ea mostre seu estilo.<\/li>\n<li><b>Foco Imediato:<\/b> Uma parede de destaque atrai olhares e se torna memor\u00e1vel.<\/li>\n<li><b>Impacto R\u00e1pido:<\/b> Ideal para quem n\u00e3o pode ou n\u00e3o quer reformar tudo de uma s\u00f3 vez.<\/li>\n<\/ul>\n<h3>Tabela de Resumo:<\/h3>\n<table border=\"1\">\n<tr>\n<th>Dica<\/th>\n<th>Descri\u00e7\u00e3o<\/th>\n<\/tr>\n<tr>\n<td>Escolha da Parede<\/td>\n<td>Identifique uma parede limpa e com foco no ambiente.<\/td>\n<\/tr>\n<tr>\n<td>Pintura<\/td>\n<td>Use cores ousadas para um impacto instant\u00e2neo.<\/td>\n<\/tr>\n<tr>\n<td>Murais<\/td>\n<td>Transforme sua parede em arte com um mural.<\/td>\n<\/tr>\n<tr>\n<td>Texturas<\/td>\n<td>Adicione madeira ou pain\u00e9is para um toque moderno.<\/td>\n<\/tr>\n<tr>\n<td>Ilumina\u00e7\u00e3o<\/td>\n<td>Use ilumina\u00e7\u00e3o adequada para destacar a parede.<\/td>\n<\/tr>\n<\/table>\n<p>Em suma, ao implementar essas <b>dicas de paredes de destaque<\/b>, voc\u00ea eleva o estilo do seu lar sem grandes reformas e gastos.<\/p>\n<p>Espero que voc\u00ea tenha gostado das minhas sugest\u00f5es. <b>Qual delas voc\u00ea vai experimentar primeiro?<\/b> Comente aqui e vamos trocar ideias para deixar nossos lares ainda mais incr\u00edveis!<\/p>\n","protected":false},"excerpt":{"rendered":"<p>Descubra as 10 Maneiras de Transformar Seu Espa\u00e7o com Paredes de Destaque<\/p>\n","protected":false},"author":102,"featured_media":154602,"comment_status":"open","ping_status":"","sticky":false,"template":"","format":"standard","meta":{"footnotes":""},"categories":[1484],"tags":[],"class_list":["post-154605","post","type-post","status-publish","format-standard","has-post-thumbnail","category-decoracao"],"_wp_attached_file":null,"_wp_attachment_metadata":null,"_wp_attachment_context":null,"_wp_attachment_is_custom_header":null,"geo_longitude":null,"geo_public":null,"geo_latitude":null,"_publicize_done_external":null,"_wpas_done_3897181":null,"publicize_twitter_user":null,"_wpas_done_3897175":null,"_wpas_skip_3897181":null,"_wpas_skip_3897175":null,"_wpas_skip_3924723":null,"_wpas_mess":null,"_wpas_done_3924723":null,"wps_subtitle":"","_links":{"self":[{"href":"https:\/\/www.aarquiteta.com.br\/blog\/wp-json\/wp\/v2\/posts\/154605","targetHints":{"allow":["GET"]}}],"collection":[{"href":"https:\/\/www.aarquiteta.com.br\/blog\/wp-json\/wp\/v2\/posts"}],"about":[{"href":"https:\/\/www.aarquiteta.com.br\/blog\/wp-json\/wp\/v2\/types\/post"}],"author":[{"embeddable":true,"href":"https:\/\/www.aarquiteta.com.br\/blog\/wp-json\/wp\/v2\/users\/102"}],"replies":[{"embeddable":true,"href":"https:\/\/www.aarquiteta.com.br\/blog\/wp-json\/wp\/v2\/comments?post=154605"}],"version-history":[{"count":0,"href":"https:\/\/www.aarquiteta.com.br\/blog\/wp-json\/wp\/v2\/posts\/154605\/revisions"}],"wp:featuredmedia":[{"embeddable":true,"href":"https:\/\/www.aarquiteta.com.br\/blog\/wp-json\/wp\/v2\/media\/154602"}],"wp:attachment":[{"href":"https:\/\/www.aarquiteta.com.br\/blog\/wp-json\/wp\/v2\/media?parent=154605"}],"wp:term":[{"taxonomy":"category","embeddable":true,"href":"https:\/\/www.aarquiteta.com.br\/blog\/wp-json\/wp\/v2\/categories?post=154605"},{"taxonomy":"post_tag","embeddable":true,"href":"https:\/\/www.aarquiteta.com.br\/blog\/wp-json\/wp\/v2\/tags?post=154605"}],"curies":[{"name":"wp","href":"https:\/\/api.w.org\/{rel}","templated":true}]}}