{"id":154595,"date":"2025-10-16T07:31:41","date_gmt":"2025-10-16T10:31:41","guid":{"rendered":"https:\/\/www.aarquiteta.com.br\/blog\/sala-rustica\/"},"modified":"2025-10-16T07:31:41","modified_gmt":"2025-10-16T10:31:41","slug":"sala-rustica","status":"publish","type":"post","link":"https:\/\/www.aarquiteta.com.br\/blog\/sala-rustica\/","title":{"rendered":"5 Tend\u00eancias que v\u00e3o transformar sua sala r\u00fastica"},"content":{"rendered":"<p>Transformar sua sala r\u00fastica em um espa\u00e7o ainda mais estiloso e aconchegante \u00e9 poss\u00edvel com as tend\u00eancias certas. Vamos descobrir como!<\/p>\n<figure style=\"width: 1024px\" class=\"wp-caption aligncenter\"><img decoding=\"async\" src=\"https:\/\/www.aarquiteta.com.br\/blog\/wp-content\/uploads\/2025\/10\/sala-rustica01.jpg\" alt=\"sala-rustica\" width=\"1024\" height=\"1024\" title=\"\"><figcaption class=\"wp-caption-text\">sala-rustica<\/figcaption><\/figure>\n<h3>5 Tend\u00eancias que v\u00e3o transformar sua sala r\u00fastica<\/h3>\n<p>Voc\u00ea j\u00e1 percebeu como pequenas mudan\u00e7as podem fazer uma grande diferen\u00e7a na est\u00e9tica da sua sala? <b>O estilo r\u00fastico<\/b> \u00e9 uma \u00f3tima maneira de trazer aconchego e charme para o ambiente. No entanto, algumas tend\u00eancias podem elevar ainda mais a sua decora\u00e7\u00e3o. Vamos \u00e0s dicas!<\/p>\n<figure style=\"width: 1024px\" class=\"wp-caption aligncenter\"><img decoding=\"async\" src=\"https:\/\/www.aarquiteta.com.br\/blog\/wp-content\/uploads\/2025\/10\/sala-rustica02.jpg\" alt=\"sala-rustica\" width=\"1024\" height=\"1024\" title=\"\"><figcaption class=\"wp-caption-text\">sala-rustica<\/figcaption><\/figure>\n<ul>\n<li><b>Paredes com Textura<\/b>: Apostar em paredes de tijolinho ou com acabamentos em madeira \u00e9 uma \u00f3tima forma de dar destaque. Esse detalhe n\u00e3o s\u00f3 traz um ar r\u00fastico, mas tamb\u00e9m conversa bem com outros elementos.<\/li>\n<li><b>Ilumina\u00e7\u00e3o Natural<\/b>: Valer-se de grandes janelas ou aberturas permite que a luz natural entre, dando vida e calor ao espa\u00e7o. N\u00e3o esque\u00e7a de usar cortinas leves para complementar.<\/li>\n<li><b>Uso de Materiais Naturais<\/b>: Elementos como <i>madeira<\/i>, <i>pedra<\/i> e <i>tecidos naturais<\/i> garantem um ambiente harmonioso. Pense em m\u00f3veis de madeira de demoli\u00e7\u00e3o ou tapetes de sisal!<\/li>\n<li><b>Decora\u00e7\u00e3o Minimalista<\/b>: Menos \u00e9 mais! Apostar em poucos objetos decorativos cria um espa\u00e7o mais organizado e sofisticado. Explore a beleza do espa\u00e7o vazio.<\/li>\n<li><b>Mix de Estilos<\/b>: Misturar o r\u00fastico com o moderno pode criar uma atmosfera \u00fanica. Um sof\u00e1 de couro pode ser perfeitamente combinado com uma mesa de centro de madeira.<\/li>\n<\/ul>\n<table>\n<tr>\n<th>Tend\u00eancia<\/th>\n<th>Descri\u00e7\u00e3o<\/th>\n<\/tr>\n<tr>\n<td>Paredes com Textura<\/td>\n<td>Utilizar tijolos \u00e0 vista ou pain\u00e9is de madeira para dar destaque ao ambiente.<\/td>\n<\/tr>\n<tr>\n<td>Ilumina\u00e7\u00e3o Natural<\/td>\n<td>Grandes janelas que permitem a entrada de luz e calor, valorizando o espa\u00e7o.<\/td>\n<\/tr>\n<tr>\n<td>Materiais Naturais<\/td>\n<td>M\u00f3veis e objetos em madeira, pedra e tecidos naturais. A beleza da natureza em casa.<\/td>\n<\/tr>\n<tr>\n<td>Decora\u00e7\u00e3o Minimalista<\/td>\n<td>Aposta em poucos elementos decorativos para maior organiza\u00e7\u00e3o e sofistica\u00e7\u00e3o.<\/td>\n<\/tr>\n<tr>\n<td>Mix de Estilos<\/td>\n<td>Combinar o estilo r\u00fastico com toques modernos para criar um ambiente diferenciado.<\/td>\n<\/tr>\n<\/table>\n<p>Com essas <b>tend\u00eancias<\/b>, voc\u00ea vai conseguir transformar sua sala r\u00fastica em um espa\u00e7o \u00fanico e cheio de estilo. Se voc\u00ea ama esse <b>estilo<\/b> de decora\u00e7\u00e3o, n\u00e3o hesite em implementar essas dicas! Sua sala pode ser muito mais do que um simples local de estar; ela pode ser o seu ref\u00fagio favorito.<\/p>\n<figure style=\"width: 1024px\" class=\"wp-caption aligncenter\"><img decoding=\"async\" src=\"https:\/\/www.aarquiteta.com.br\/blog\/wp-content\/uploads\/2025\/10\/sala-rustica03.jpg\" alt=\"sala-rustica\" width=\"1024\" height=\"1024\" title=\"\"><figcaption class=\"wp-caption-text\">sala-rustica<\/figcaption><\/figure>\n<p>Agora quero saber de voc\u00ea: qual dessas tend\u00eancias voc\u00ea mais gostou? Vamos conversar nos coment\u00e1rios!<\/p>\n<p><div class=\"youtube-embed\" data-video_id=\"gEqd65RdOKg\"><iframe title=\"Sala Rustica para se inspirar -12 Ideias lindas de Decora\u00e7\u00f5es r\u00fasticas\" width=\"696\" height=\"392\" src=\"https:\/\/www.youtube.com\/embed\/gEqd65RdOKg?feature=oembed&#038;enablejsapi=1\" frameborder=\"0\" allow=\"accelerometer; autoplay; clipboard-write; encrypted-media; gyroscope; picture-in-picture; web-share\" referrerpolicy=\"strict-origin-when-cross-origin\" allowfullscreen><\/iframe><\/div><\/p>\n","protected":false},"excerpt":{"rendered":"<p>5 Tend\u00eancias que v\u00e3o transformar sua sala r\u00fastica<\/p>\n","protected":false},"author":102,"featured_media":154592,"comment_status":"open","ping_status":"","sticky":false,"template":"","format":"standard","meta":{"footnotes":""},"categories":[1484],"tags":[],"class_list":["post-154595","post","type-post","status-publish","format-standard","has-post-thumbnail","category-decoracao"],"_wp_attached_file":null,"_wp_attachment_metadata":null,"_wp_attachment_context":null,"_wp_attachment_is_custom_header":null,"geo_longitude":null,"geo_public":null,"geo_latitude":null,"_publicize_done_external":null,"_wpas_done_3897181":null,"publicize_twitter_user":null,"_wpas_done_3897175":null,"_wpas_skip_3897181":null,"_wpas_skip_3897175":null,"_wpas_skip_3924723":null,"_wpas_mess":null,"_wpas_done_3924723":null,"wps_subtitle":"","_links":{"self":[{"href":"https:\/\/www.aarquiteta.com.br\/blog\/wp-json\/wp\/v2\/posts\/154595","targetHints":{"allow":["GET"]}}],"collection":[{"href":"https:\/\/www.aarquiteta.com.br\/blog\/wp-json\/wp\/v2\/posts"}],"about":[{"href":"https:\/\/www.aarquiteta.com.br\/blog\/wp-json\/wp\/v2\/types\/post"}],"author":[{"embeddable":true,"href":"https:\/\/www.aarquiteta.com.br\/blog\/wp-json\/wp\/v2\/users\/102"}],"replies":[{"embeddable":true,"href":"https:\/\/www.aarquiteta.com.br\/blog\/wp-json\/wp\/v2\/comments?post=154595"}],"version-history":[{"count":0,"href":"https:\/\/www.aarquiteta.com.br\/blog\/wp-json\/wp\/v2\/posts\/154595\/revisions"}],"wp:featuredmedia":[{"embeddable":true,"href":"https:\/\/www.aarquiteta.com.br\/blog\/wp-json\/wp\/v2\/media\/154592"}],"wp:attachment":[{"href":"https:\/\/www.aarquiteta.com.br\/blog\/wp-json\/wp\/v2\/media?parent=154595"}],"wp:term":[{"taxonomy":"category","embeddable":true,"href":"https:\/\/www.aarquiteta.com.br\/blog\/wp-json\/wp\/v2\/categories?post=154595"},{"taxonomy":"post_tag","embeddable":true,"href":"https:\/\/www.aarquiteta.com.br\/blog\/wp-json\/wp\/v2\/tags?post=154595"}],"curies":[{"name":"wp","href":"https:\/\/api.w.org\/{rel}","templated":true}]}}